{"id":2372,"date":"2014-06-18T12:07:00","date_gmt":"2014-06-18T12:07:00","guid":{"rendered":"http:\/\/www.cdlbc.com.br\/portal\/noticias\/tim-inaugura-loja-no-joinville-garten-shopping\/"},"modified":"2014-06-18T12:07:00","modified_gmt":"2014-06-18T12:07:00","slug":"tim-inaugura-loja-no-joinville-garten-shopping","status":"publish","type":"post","link":"https:\/\/www.cdlbc.com.br\/portal\/noticias\/tim-inaugura-loja-no-joinville-garten-shopping\/","title":{"rendered":"Tim inaugura loja no Joinville Garten Shopping"},"content":{"rendered":"<p>Operadora aposta em uma nova proposta de atendimento e inaugura unidade pr\u00f3xima ao centro universit\u00e1rio<br \/>\nA Tim inaugura sua oitava loja pr\u00f3pria em Santa Catarina e a segunda em Joinville nesta quarta-feira, dia 18, a partir das 14h. A nova unidade fica no Joinville Garten Shopping. Com a inaugura\u00e7\u00e3o desta semana a Tim passa a contar com sete lojas em Joinville, entre unidades pr\u00f3prias e de parceiros.<\/p>\n<p>A loja est\u00e1 preparada para receber os clientes com 14 profissionais capacitados. A inaugura\u00e7\u00e3o contar\u00e1 com a distribui\u00e7\u00e3o de trufas e espumantes aos visitantes \u2013 a partir das 10h \u2013 e tamb\u00e9m com uma oferta especial: durante a quinzena de inaugura\u00e7\u00e3o o smartphone LG Optimus F3, com dois meses do plano Liberty Torpedo gr\u00e1tis, sai por apenas R$399.<\/p>\n<p>Na regi\u00e3o com DDD 47, que abrange a cidade de Joinville, a companhia tamb\u00e9m lidera com 42,3% de participa\u00e7\u00e3o de mercado. A nova loja funciona de segunda-feira a s\u00e1bado, das 10h \u00e0s 22h, e aos domingos, das 14h \u00e0s 20h. O Joinville Garten Shopping fica na Avenida Rolf Wiest, 333, no bairro Bom Retiro.<\/p>\n<p>The post <a class=\"colorbox\" rel=\"nofollow\" href=\"http:\/\/economiasc.com.br\/tim-inaugura-loja-joinville-garten-shopping\/\">Tim inaugura loja no Joinville Garten Shopping<\/a> appeared first on <a class=\"colorbox\" rel=\"nofollow\" href=\"http:\/\/economiasc.com.br\/\">Economia SC<\/a>.<\/p>\n<p>Via: <a href=\"http:\/\/economiasc.com.br\/tim-inaugura-loja-joinville-garten-shopping\/\" class=\"colorbox\" title=\"Tim inaugura loja no Joinville Garten Shopping\">economiasc.com.br<\/a><\/p>\n","protected":false},"excerpt":{"rendered":"<p>Operadora aposta em uma nova proposta de atendimento e inaugura unidade pr\u00f3xima ao centro universit\u00e1rio<br \/>\nA Tim inaugura sua oitava loja pr\u00f3pria em Santa Catarina e a segunda em Joinville nesta quarta-feira, dia 18, a partir das 14h. A nova unidade fica no Joinville Garten Shopping. Com a inaugura\u00e7\u00e3o desta semana a Tim passa a contar com sete lojas em Joinville, entre unidades pr\u00f3prias e de parceiros.<\/p>\n<p>A loja est\u00e1 preparada para receber os clientes com 14 profissionais capacitados. A inaugura\u00e7\u00e3o contar\u00e1 com a distribui\u00e7\u00e3o de trufas e espumantes aos visitantes \u2013 a partir das 10h \u2013 e tamb\u00e9m com uma oferta especial: durante a quinzena de inaugura\u00e7\u00e3o o smartphone LG Optimus F3, com dois meses do plano Liberty Torpedo gr\u00e1tis, sai por apenas R$399.<\/p>\n<p>Na regi\u00e3o com DDD 47, que abrange a cidade de Joinville, a companhia tamb\u00e9m lidera com 42,3% de participa\u00e7\u00e3o de mercado. A nova loja funciona de segunda-feira a s\u00e1bado, das 10h \u00e0s 22h, e aos domingos, das 14h \u00e0s 20h. O Joinville Garten Shopping fica na Avenida Rolf Wiest, 333, no bairro Bom Retiro.<\/p>\n<p>The post <a class=\"colorbox\" rel=\"nofollow\" href=\"http:\/\/economiasc.com.br\/tim-inaugura-loja-joinville-garten-shopping\/\">Tim inaugura loja no Joinville Garten Shopping<\/a> appeared first on <a class=\"colorbox\" rel=\"nofollow\" href=\"http:\/\/economiasc.com.br\/\">Economia SC<\/a>.<\/p>\n","protected":false},"author":1,"featured_media":0,"comment_status":"open","ping_status":"open","sticky":false,"template":"","format":"standard","meta":{"footnotes":""},"categories":[5],"tags":[],"class_list":["post-2372","post","type-post","status-publish","format-standard","hentry","category-noticias","no-post-thumbnail"],"_links":{"self":[{"href":"https:\/\/www.cdlbc.com.br\/portal\/wp-json\/wp\/v2\/posts\/2372","targetHints":{"allow":["GET"]}}],"collection":[{"href":"https:\/\/www.cdlbc.com.br\/portal\/wp-json\/wp\/v2\/posts"}],"about":[{"href":"https:\/\/www.cdlbc.com.br\/portal\/wp-json\/wp\/v2\/types\/post"}],"author":[{"embeddable":true,"href":"https:\/\/www.cdlbc.com.br\/portal\/wp-json\/wp\/v2\/users\/1"}],"replies":[{"embeddable":true,"href":"https:\/\/www.cdlbc.com.br\/portal\/wp-json\/wp\/v2\/comments?post=2372"}],"version-history":[{"count":0,"href":"https:\/\/www.cdlbc.com.br\/portal\/wp-json\/wp\/v2\/posts\/2372\/revisions"}],"wp:attachment":[{"href":"https:\/\/www.cdlbc.com.br\/portal\/wp-json\/wp\/v2\/media?parent=2372"}],"wp:term":[{"taxonomy":"category","embeddable":true,"href":"https:\/\/www.cdlbc.com.br\/portal\/wp-json\/wp\/v2\/categories?post=2372"},{"taxonomy":"post_tag","embeddable":true,"href":"https:\/\/www.cdlbc.com.br\/portal\/wp-json\/wp\/v2\/tags?post=2372"}],"curies":[{"name":"wp","href":"https:\/\/api.w.org\/{rel}","templated":true}]}}