{"id":2370,"date":"2014-06-18T11:48:00","date_gmt":"2014-06-18T11:48:00","guid":{"rendered":"http:\/\/www.cdlbc.com.br\/portal\/noticias\/igp-m-registra-queda-na-2a-previa-do-mes\/"},"modified":"2014-06-18T11:48:00","modified_gmt":"2014-06-18T11:48:00","slug":"igp-m-registra-queda-na-2a-previa-do-mes","status":"publish","type":"post","link":"https:\/\/www.cdlbc.com.br\/portal\/noticias\/igp-m-registra-queda-na-2a-previa-do-mes\/","title":{"rendered":"IGP-M registra queda na 2\u00aa pr\u00e9via do m\u00eas"},"content":{"rendered":"<div class=\"ftpimagefix\" style=\"float:left\"><img decoding=\"async\" width=\"250\" alt=\"De acordo com a FGV, \u00cdndice Geral de Pre\u00e7os - Mercado teve varia\u00e7\u00e3o de -0,64%. Foto: Divulga\u00e7\u00e3o\" src=\"http:\/\/economiasc.com.br\/wp-content\/uploads\/2014\/06\/gr%C3%A1fico-queda22-300x225.jpg\"><\/div>\n<p>De acordo com a FGV, \u00cdndice Geral de Pre\u00e7os \u2013 Mercado teve varia\u00e7\u00e3o de -0,64%. Foto: Divulga\u00e7\u00e3o<\/p>\n<p>O \u00cdndice Geral de Pre\u00e7os \u2013 Mercado (IGP-M) registrou, no segundo dec\u00eandio de junho, varia\u00e7\u00e3o de -0,64%. No m\u00eas anterior, para o mesmo per\u00edodo de coleta, a varia\u00e7\u00e3o foi de -0,04%. Os dados foram divulgados pela Funda\u00e7\u00e3o Get\u00falio Vargas (FGV) na manh\u00e3 desta quarta-feira, dia 18. O segundo dec\u00eandio do IGP-M compreende o intervalo entre os dias 21 do m\u00eas anterior e 10 do m\u00eas de refer\u00eancia.<\/p>\n<p>O \u00cdndice de Pre\u00e7os ao Produtor Amplo (IPA) apresentou varia\u00e7\u00e3o de -1,33%, no segundo dec\u00eandio de junho. No mesmo per\u00edodo do m\u00eas anterior, a taxa foi de -0,45%. A taxa de varia\u00e7\u00e3o dos Bens Finais recuou de -0,21% para -1,32%. A maior contribui\u00e7\u00e3o para esta desacelera\u00e7\u00e3o teve origem no subgrupo alimentos in natura, cuja taxa passou de -0,84% para -12,00%.<\/p>\n<p>A taxa de varia\u00e7\u00e3o do grupo Bens Intermedi\u00e1rios passou de -0,25%, em maio, para -0,38%, em junho. O destaque coube ao subgrupo materiais e componentes para a manufatura, cuja taxa passou de -0,49% para -0,61%.<\/p>\n<p>O \u00edndice referente a Mat\u00e9rias-Primas Brutas registrou varia\u00e7\u00e3o de -2,47%. No m\u00eas anterior, a taxa foi de -0,97%. Os itens que mais contribu\u00edram para este movimento foram: caf\u00e9 (em gr\u00e3o) (6,61% para -9,68%), leite in natura (5,00% para -0,97%) e milho (em gr\u00e3o) (-1,10% para -7,71%). Em sentido oposto, destacam-se: soja (em gr\u00e3o) (-0,03% para 2,32%), min\u00e9rio de ferro (-6,16% para -4,47%) e aves (-3,91% para -2,32%).<\/p>\n<p>O \u00cdndice de Pre\u00e7os ao Consumidor (IPC) registrou varia\u00e7\u00e3o de 0,28%, no segundo dec\u00eandio de junho, ante 0,66%, no mesmo per\u00edodo do m\u00eas anterior. Seis das oito classes de despesa componentes do \u00edndice registraram decr\u00e9scimo em suas taxas de varia\u00e7\u00e3o. A principal contribui\u00e7\u00e3o partiu do grupo Alimenta\u00e7\u00e3o (0,63% para -0,10%). Nesta classe de despesa, cabe mencionar o item hortali\u00e7as e legumes, cuja taxa passou de 0,98% para -9,62%.<\/p>\n<p>Tamb\u00e9m foram computados decr\u00e9scimos nas taxas de varia\u00e7\u00e3o dos grupos:Sa\u00fade e Cuidados Pessoais (1,31% para 0,53%); Habita\u00e7\u00e3o (0,70% para 0,46%); Transportes (0,54% para 0,18%); Vestu\u00e1rio (0,88% para 0,44%); e Comunica\u00e7\u00e3o (0,17% para 0,14%).<\/p>\n<p>As maiores contribui\u00e7\u00f5es para estes movimentos partiram dos itens: medicamentos em geral (2,41% para 0,21%), tarifa de eletricidade residencial (2,93% para 0,33%), etanol (0,86% para -2,26%), roupas (1,16% para 0,47%) e tarifa de telefone residencial(0,47% para -0,07%), respectivamente.<\/p>\n<p>Em contrapartida, registraram acr\u00e9scimo em suas taxas de varia\u00e7\u00e3o os grupos Educa\u00e7\u00e3o, Leitura e Recrea\u00e7\u00e3o (0,13% para 0,52%) e Despesas Diversas (0,37% para 0,94%). Na primeira classe de despesa, destaca-se o item hotel (0,92% para 3,60%), e na segunda, jogo lot\u00e9rico (0,14% para 6,44%).<\/p>\n<p>O \u00cdndice Nacional de Custo da Constru\u00e7\u00e3o (INCC) apresentou, no segundo dec\u00eandio de junho, varia\u00e7\u00e3o de 1,67%. No segundo dec\u00eandio de maio, a taxa foi de 1,06%. O \u00edndice relativo a Materiais, Equipamentos e Servi\u00e7os registrou varia\u00e7\u00e3o de 0,49%. No m\u00eas anterior, a taxa foi de 0,46%. O \u00edndice que representa o custo da M\u00e3o de Obra registrou varia\u00e7\u00e3o de 2,75%. No m\u00eas anterior, este \u00edndice variou 1,61%. <strong>(FGV\/Ibre)<\/strong><\/p>\n<p>The post IGP-M registra queda na 2\u00aa pr\u00e9via do m\u00eas appeared first on Economia SC.<\/p>\n<p>Via: <a href=\"http:\/\/economiasc.com.br\/igp-m-registra-queda-na-2a-previa-mes\/\" class=\"colorbox\" title=\"IGP-M registra queda na 2\u00aa pr\u00e9via do m\u00eas\">economiasc.com.br<\/a><\/p>\n","protected":false},"excerpt":{"rendered":"<div class=\"ftpimagefix\" style=\"float:left\"><img decoding=\"async\" width=\"250\" alt=\"De acordo com a FGV, \u00cdndice Geral de Pre\u00e7os - Mercado teve varia\u00e7\u00e3o de -0,64%. Foto: Divulga\u00e7\u00e3o\" src=\"http:\/\/economiasc.com.br\/wp-content\/uploads\/2014\/06\/gr%C3%A1fico-queda22-300x225.jpg\"><\/div>\n<p>De acordo com a FGV, \u00cdndice Geral de Pre\u00e7os \u2013 Mercado teve varia\u00e7\u00e3o de -0,64%. Foto: Divulga\u00e7\u00e3o<\/p>\n<p>O \u00cdndice Geral de Pre\u00e7os \u2013 Mercado (IGP-M) registrou, no segundo dec\u00eandio de junho, varia\u00e7\u00e3o de -0,64%. No m\u00eas anterior, para o mesmo per\u00edodo de coleta, a varia\u00e7\u00e3o foi de -0,04%. Os dados foram divulgados pela Funda\u00e7\u00e3o Get\u00falio Vargas (FGV) na manh\u00e3 desta quarta-feira, dia 18. O segundo dec\u00eandio do IGP-M compreende o intervalo entre os dias 21 do m\u00eas anterior e 10 do m\u00eas de refer\u00eancia.<\/p>\n<p>O \u00cdndice de Pre\u00e7os ao Produtor Amplo (IPA) apresentou varia\u00e7\u00e3o de -1,33%, no segundo dec\u00eandio de junho. No mesmo per\u00edodo do m\u00eas anterior, a taxa foi de -0,45%. A taxa de varia\u00e7\u00e3o dos Bens Finais recuou de -0,21% para -1,32%. A maior contribui\u00e7\u00e3o para esta desacelera\u00e7\u00e3o teve origem no subgrupo alimentos in natura, cuja taxa passou de -0,84% para -12,00%.<\/p>\n<p>A taxa de varia\u00e7\u00e3o do grupo Bens Intermedi\u00e1rios passou de -0,25%, em maio, para -0,38%, em junho. O destaque coube ao subgrupo materiais e componentes para a manufatura, cuja taxa passou de -0,49% para -0,61%.<\/p>\n<p>O \u00edndice referente a Mat\u00e9rias-Primas Brutas registrou varia\u00e7\u00e3o de -2,47%. No m\u00eas anterior, a taxa foi de -0,97%. Os itens que mais contribu\u00edram para este movimento foram: caf\u00e9 (em gr\u00e3o) (6,61% para -9,68%), leite in natura (5,00% para -0,97%) e milho (em gr\u00e3o) (-1,10% para -7,71%). Em sentido oposto, destacam-se: soja (em gr\u00e3o) (-0,03% para 2,32%), min\u00e9rio de ferro (-6,16% para -4,47%) e aves (-3,91% para -2,32%).<\/p>\n<p>O \u00cdndice de Pre\u00e7os ao Consumidor (IPC) registrou varia\u00e7\u00e3o de 0,28%, no segundo dec\u00eandio de junho, ante 0,66%, no mesmo per\u00edodo do m\u00eas anterior. Seis das oito classes de despesa componentes do \u00edndice registraram decr\u00e9scimo em suas taxas de varia\u00e7\u00e3o. A principal contribui\u00e7\u00e3o partiu do grupo Alimenta\u00e7\u00e3o (0,63% para -0,10%). Nesta classe de despesa, cabe mencionar o item hortali\u00e7as e legumes, cuja taxa passou de 0,98% para -9,62%.<\/p>\n<p>Tamb\u00e9m foram computados decr\u00e9scimos nas taxas de varia\u00e7\u00e3o dos grupos:Sa\u00fade e Cuidados Pessoais (1,31% para 0,53%); Habita\u00e7\u00e3o (0,70% para 0,46%); Transportes (0,54% para 0,18%); Vestu\u00e1rio (0,88% para 0,44%); e Comunica\u00e7\u00e3o (0,17% para 0,14%).<\/p>\n<p>As maiores contribui\u00e7\u00f5es para estes movimentos partiram dos itens: medicamentos em geral (2,41% para 0,21%), tarifa de eletricidade residencial (2,93% para 0,33%), etanol (0,86% para -2,26%), roupas (1,16% para 0,47%) e tarifa de telefone residencial(0,47% para -0,07%), respectivamente.<\/p>\n<p>Em contrapartida, registraram acr\u00e9scimo em suas taxas de varia\u00e7\u00e3o os grupos Educa\u00e7\u00e3o, Leitura e Recrea\u00e7\u00e3o (0,13% para 0,52%) e Despesas Diversas (0,37% para 0,94%). Na primeira classe de despesa, destaca-se o item hotel (0,92% para 3,60%), e na segunda, jogo lot\u00e9rico (0,14% para 6,44%).<\/p>\n<p>O \u00cdndice Nacional de Custo da Constru\u00e7\u00e3o (INCC) apresentou, no segundo dec\u00eandio de junho, varia\u00e7\u00e3o de 1,67%. No segundo dec\u00eandio de maio, a taxa foi de 1,06%. O \u00edndice relativo a Materiais, Equipamentos e Servi\u00e7os registrou varia\u00e7\u00e3o de 0,49%. No m\u00eas anterior, a taxa foi de 0,46%. O \u00edndice que representa o custo da M\u00e3o de Obra registrou varia\u00e7\u00e3o de 2,75%. No m\u00eas anterior, este \u00edndice variou 1,61%. <strong>(FGV\/Ibre)<\/strong><\/p>\n<p>The post IGP-M registra queda na 2\u00aa pr\u00e9via do m\u00eas appeared first on Economia SC.<\/p>\n","protected":false},"author":1,"featured_media":0,"comment_status":"open","ping_status":"open","sticky":false,"template":"","format":"standard","meta":{"footnotes":""},"categories":[5],"tags":[],"class_list":["post-2370","post","type-post","status-publish","format-standard","hentry","category-noticias","no-post-thumbnail"],"_links":{"self":[{"href":"https:\/\/www.cdlbc.com.br\/portal\/wp-json\/wp\/v2\/posts\/2370","targetHints":{"allow":["GET"]}}],"collection":[{"href":"https:\/\/www.cdlbc.com.br\/portal\/wp-json\/wp\/v2\/posts"}],"about":[{"href":"https:\/\/www.cdlbc.com.br\/portal\/wp-json\/wp\/v2\/types\/post"}],"author":[{"embeddable":true,"href":"https:\/\/www.cdlbc.com.br\/portal\/wp-json\/wp\/v2\/users\/1"}],"replies":[{"embeddable":true,"href":"https:\/\/www.cdlbc.com.br\/portal\/wp-json\/wp\/v2\/comments?post=2370"}],"version-history":[{"count":0,"href":"https:\/\/www.cdlbc.com.br\/portal\/wp-json\/wp\/v2\/posts\/2370\/revisions"}],"wp:attachment":[{"href":"https:\/\/www.cdlbc.com.br\/portal\/wp-json\/wp\/v2\/media?parent=2370"}],"wp:term":[{"taxonomy":"category","embeddable":true,"href":"https:\/\/www.cdlbc.com.br\/portal\/wp-json\/wp\/v2\/categories?post=2370"},{"taxonomy":"post_tag","embeddable":true,"href":"https:\/\/www.cdlbc.com.br\/portal\/wp-json\/wp\/v2\/tags?post=2370"}],"curies":[{"name":"wp","href":"https:\/\/api.w.org\/{rel}","templated":true}]}}