{"id":2369,"date":"2014-06-18T11:52:00","date_gmt":"2014-06-18T11:52:00","guid":{"rendered":"http:\/\/www.cdlbc.com.br\/portal\/noticias\/pesquisa-indica-piora-na-economia-em-maio\/"},"modified":"2014-06-18T11:52:00","modified_gmt":"2014-06-18T11:52:00","slug":"pesquisa-indica-piora-na-economia-em-maio","status":"publish","type":"post","link":"https:\/\/www.cdlbc.com.br\/portal\/noticias\/pesquisa-indica-piora-na-economia-em-maio\/","title":{"rendered":"Pesquisa indica piora na economia em maio"},"content":{"rendered":"<div class=\"ftpimagefix\" style=\"float:left\"><img decoding=\"async\" width=\"250\" alt=\"Pesquisa foi realizada pela FGV em parceria com The Conference Board. Foto: Divulga\u00e7\u00e3o\" src=\"http:\/\/economiasc.com.br\/wp-content\/uploads\/2014\/06\/queda3-300x197.jpg\"><\/div>\n<p>Pesquisa foi realizada pela FGV em parceria com The Conference Board. Foto: Divulga\u00e7\u00e3o<\/p>\n<p>O Indicador Antecedente Composto da Economia para o Brasil recuou 1,5% em maio, em compara\u00e7\u00e3o a abril, e atingiu a marca de 121,7 pontos. O resultado \u00e9 de pesquisa do Instituto Brasileiro de Economia da Funda\u00e7\u00e3o Getulio Vargas feita em parceria com The Conference Board. Os n\u00fameros foram divulgados desta ter\u00e7a-feira, dia  17.<\/p>\n<p>\u201cUma deteriora\u00e7\u00e3o progressiva do clima para os neg\u00f3cios e das expectativas do consumidor \u2014 bem como incertezas econ\u00f4micas e pol\u00edticas, culminando nos eventos relacionados \u00e0 Copa do Mundo \u2014 afetaram o indicador\u201d na avalia\u00e7\u00e3o do economista Paulo Picchetti.<\/p>\n<p>O resultado de maio segue a tend\u00eancia dos \u00faltimos meses. O \u00edndice apresentou recuo de 0,4% em abril e de 0,4% em mar\u00e7o. \u201cApesar de emprego e consumo terem se mantido firmes e o setor externo ter melhorado em maio, o recuo cont\u00ednuo do \u00edndice indica um ritmo lento de atividade econ\u00f4mica, atrelado a uma crescente volatilidade na segunda metade do ano\u201d, ressaltou o economista.<\/p>\n<p>O Indicador Antecedente Composto da Economia permite uma compara\u00e7\u00e3o direta dos ciclos econ\u00f4micos do Brasil com os de outros 11 pa\u00edses. The Conference Board \u00e9 uma institui\u00e7\u00e3o independente, sem fins lucrativos, com atua\u00e7\u00e3o global em pesquisas e semin\u00e1rios sobre neg\u00f3cios. <strong>(Ag\u00eancia Brasil)<\/strong><\/p>\n<p>The post Pesquisa indica piora na economia em maio appeared first on Economia SC.<\/p>\n<p>Via: <a href=\"http:\/\/economiasc.com.br\/pesquisa-indica-piora-na-economia-em-maio\/\" class=\"colorbox\" title=\"Pesquisa indica piora na economia em maio\">economiasc.com.br<\/a><\/p>\n","protected":false},"excerpt":{"rendered":"<div class=\"ftpimagefix\" style=\"float:left\"><img decoding=\"async\" width=\"250\" alt=\"Pesquisa foi realizada pela FGV em parceria com The Conference Board. Foto: Divulga\u00e7\u00e3o\" src=\"http:\/\/economiasc.com.br\/wp-content\/uploads\/2014\/06\/queda3-300x197.jpg\"><\/div>\n<p>Pesquisa foi realizada pela FGV em parceria com The Conference Board. Foto: Divulga\u00e7\u00e3o<\/p>\n<p>O Indicador Antecedente Composto da Economia para o Brasil recuou 1,5% em maio, em compara\u00e7\u00e3o a abril, e atingiu a marca de 121,7 pontos. O resultado \u00e9 de pesquisa do Instituto Brasileiro de Economia da Funda\u00e7\u00e3o Getulio Vargas feita em parceria com The Conference Board. Os n\u00fameros foram divulgados desta ter\u00e7a-feira, dia  17.<\/p>\n<p>\u201cUma deteriora\u00e7\u00e3o progressiva do clima para os neg\u00f3cios e das expectativas do consumidor \u2014 bem como incertezas econ\u00f4micas e pol\u00edticas, culminando nos eventos relacionados \u00e0 Copa do Mundo \u2014 afetaram o indicador\u201d na avalia\u00e7\u00e3o do economista Paulo Picchetti.<\/p>\n<p>O resultado de maio segue a tend\u00eancia dos \u00faltimos meses. O \u00edndice apresentou recuo de 0,4% em abril e de 0,4% em mar\u00e7o. \u201cApesar de emprego e consumo terem se mantido firmes e o setor externo ter melhorado em maio, o recuo cont\u00ednuo do \u00edndice indica um ritmo lento de atividade econ\u00f4mica, atrelado a uma crescente volatilidade na segunda metade do ano\u201d, ressaltou o economista.<\/p>\n<p>O Indicador Antecedente Composto da Economia permite uma compara\u00e7\u00e3o direta dos ciclos econ\u00f4micos do Brasil com os de outros 11 pa\u00edses. The Conference Board \u00e9 uma institui\u00e7\u00e3o independente, sem fins lucrativos, com atua\u00e7\u00e3o global em pesquisas e semin\u00e1rios sobre neg\u00f3cios. <strong>(Ag\u00eancia Brasil)<\/strong><\/p>\n<p>The post Pesquisa indica piora na economia em maio appeared first on Economia SC.<\/p>\n","protected":false},"author":1,"featured_media":0,"comment_status":"open","ping_status":"open","sticky":false,"template":"","format":"standard","meta":{"footnotes":""},"categories":[5],"tags":[],"class_list":["post-2369","post","type-post","status-publish","format-standard","hentry","category-noticias","no-post-thumbnail"],"_links":{"self":[{"href":"https:\/\/www.cdlbc.com.br\/portal\/wp-json\/wp\/v2\/posts\/2369","targetHints":{"allow":["GET"]}}],"collection":[{"href":"https:\/\/www.cdlbc.com.br\/portal\/wp-json\/wp\/v2\/posts"}],"about":[{"href":"https:\/\/www.cdlbc.com.br\/portal\/wp-json\/wp\/v2\/types\/post"}],"author":[{"embeddable":true,"href":"https:\/\/www.cdlbc.com.br\/portal\/wp-json\/wp\/v2\/users\/1"}],"replies":[{"embeddable":true,"href":"https:\/\/www.cdlbc.com.br\/portal\/wp-json\/wp\/v2\/comments?post=2369"}],"version-history":[{"count":0,"href":"https:\/\/www.cdlbc.com.br\/portal\/wp-json\/wp\/v2\/posts\/2369\/revisions"}],"wp:attachment":[{"href":"https:\/\/www.cdlbc.com.br\/portal\/wp-json\/wp\/v2\/media?parent=2369"}],"wp:term":[{"taxonomy":"category","embeddable":true,"href":"https:\/\/www.cdlbc.com.br\/portal\/wp-json\/wp\/v2\/categories?post=2369"},{"taxonomy":"post_tag","embeddable":true,"href":"https:\/\/www.cdlbc.com.br\/portal\/wp-json\/wp\/v2\/tags?post=2369"}],"curies":[{"name":"wp","href":"https:\/\/api.w.org\/{rel}","templated":true}]}}