{"id":2367,"date":"2014-06-17T21:24:00","date_gmt":"2014-06-17T21:24:00","guid":{"rendered":"http:\/\/www.cdlbc.com.br\/portal\/noticias\/nem-chuva-e-frio-espantam-torcedor-na-pedra-branca\/"},"modified":"2014-06-17T21:24:00","modified_gmt":"2014-06-17T21:24:00","slug":"nem-chuva-e-frio-espantam-torcedor-na-pedra-branca","status":"publish","type":"post","link":"https:\/\/www.cdlbc.com.br\/portal\/noticias\/nem-chuva-e-frio-espantam-torcedor-na-pedra-branca\/","title":{"rendered":"Nem chuva e frio espantam torcedor na Pedra Branca"},"content":{"rendered":"<p><span>Nem mesmo a chuva fina e o frio espantaram o p\u00fablico que foi torcer pela Sele\u00e7\u00e3o Brasileira na Rua da Copa na Cidade Pedra Branca, em Florian\u00f3polis. Em torno do tel\u00e3o de 5 x 3 metros, que transmite todos os jogos dessa Copa do Mundo gratuitamente, pelo menos 300 pessoas assistiram \u00e0 partida contra o M\u00e9xico, que terminou em empate.<\/span><\/p>\n<\/p>\n<p>The post <a class=\"colorbox\" rel=\"nofollow\" href=\"http:\/\/economiasc.com.br\/nem-chuva-e-frio-espantam-torcedor-na-pedra-branca\/\">Nem chuva e frio espantam torcedor na Pedra Branca<\/a> appeared first on <a class=\"colorbox\" rel=\"nofollow\" href=\"http:\/\/economiasc.com.br\/\">Economia SC<\/a>.<\/p>\n<p>Via: <a href=\"http:\/\/economiasc.com.br\/nem-chuva-e-frio-espantam-torcedor-na-pedra-branca\/\" class=\"colorbox\" title=\"Nem chuva e frio espantam torcedor na Pedra Branca\">economiasc.com.br<\/a><\/p>\n","protected":false},"excerpt":{"rendered":"<p><span>Nem mesmo a chuva fina e o frio espantaram o p\u00fablico que foi torcer pela Sele\u00e7\u00e3o Brasileira na Rua da Copa na Cidade Pedra Branca, em Florian\u00f3polis. Em torno do tel\u00e3o de 5 x 3 metros, que transmite todos os jogos dessa Copa do Mundo gratuitamente, pelo menos 300 pessoas assistiram \u00e0 partida contra o M\u00e9xico, que terminou em empate.<\/span><\/p>\n<\/p>\n<p>The post <a class=\"colorbox\" rel=\"nofollow\" href=\"http:\/\/economiasc.com.br\/nem-chuva-e-frio-espantam-torcedor-na-pedra-branca\/\">Nem chuva e frio espantam torcedor na Pedra Branca<\/a> appeared first on <a class=\"colorbox\" rel=\"nofollow\" href=\"http:\/\/economiasc.com.br\/\">Economia SC<\/a>.<\/p>\n","protected":false},"author":1,"featured_media":0,"comment_status":"open","ping_status":"open","sticky":false,"template":"","format":"standard","meta":{"footnotes":""},"categories":[5],"tags":[],"class_list":["post-2367","post","type-post","status-publish","format-standard","hentry","category-noticias","no-post-thumbnail"],"_links":{"self":[{"href":"https:\/\/www.cdlbc.com.br\/portal\/wp-json\/wp\/v2\/posts\/2367","targetHints":{"allow":["GET"]}}],"collection":[{"href":"https:\/\/www.cdlbc.com.br\/portal\/wp-json\/wp\/v2\/posts"}],"about":[{"href":"https:\/\/www.cdlbc.com.br\/portal\/wp-json\/wp\/v2\/types\/post"}],"author":[{"embeddable":true,"href":"https:\/\/www.cdlbc.com.br\/portal\/wp-json\/wp\/v2\/users\/1"}],"replies":[{"embeddable":true,"href":"https:\/\/www.cdlbc.com.br\/portal\/wp-json\/wp\/v2\/comments?post=2367"}],"version-history":[{"count":0,"href":"https:\/\/www.cdlbc.com.br\/portal\/wp-json\/wp\/v2\/posts\/2367\/revisions"}],"wp:attachment":[{"href":"https:\/\/www.cdlbc.com.br\/portal\/wp-json\/wp\/v2\/media?parent=2367"}],"wp:term":[{"taxonomy":"category","embeddable":true,"href":"https:\/\/www.cdlbc.com.br\/portal\/wp-json\/wp\/v2\/categories?post=2367"},{"taxonomy":"post_tag","embeddable":true,"href":"https:\/\/www.cdlbc.com.br\/portal\/wp-json\/wp\/v2\/tags?post=2367"}],"curies":[{"name":"wp","href":"https:\/\/api.w.org\/{rel}","templated":true}]}}