{"id":2366,"date":"2014-06-17T18:39:00","date_gmt":"2014-06-17T18:39:00","guid":{"rendered":"http:\/\/www.cdlbc.com.br\/portal\/noticias\/sebrae-apresenta-programa-de-ferramentas-de-gestao\/"},"modified":"2014-06-17T18:39:00","modified_gmt":"2014-06-17T18:39:00","slug":"sebrae-apresenta-programa-de-ferramentas-de-gestao","status":"publish","type":"post","link":"https:\/\/www.cdlbc.com.br\/portal\/noticias\/sebrae-apresenta-programa-de-ferramentas-de-gestao\/","title":{"rendered":"Sebrae apresenta programa de ferramentas de gest\u00e3o"},"content":{"rendered":"<p>O Sebrae\/SC apresenta nesta quarta-feira, dia 18, em Blumenau, o programa Ferramentas de Gest\u00e3o Avan\u00e7ada. O programa \u00e9 voltado a empresas que querem crescer por meio da implanta\u00e7\u00e3o de modelos avan\u00e7ados de gest\u00e3o empresarial. O evento \u00e9 realizado pela Associa\u00e7\u00e3o Empresarial de Blumenau (Acib) no no Hotel Himmelblau, das 8h \u00e0s 9h30. <span>Para participar, a presen\u00e7a deve ser confirmada pelo telefone (47) 3702-6400.<\/span><\/p>\n<p>The post <a class=\"colorbox\" rel=\"nofollow\" href=\"http:\/\/economiasc.com.br\/sebrae-apresenta-programa-de-ferramentas-de-gestao\/\">Sebrae apresenta programa de ferramentas de gest\u00e3o<\/a> appeared first on <a class=\"colorbox\" rel=\"nofollow\" href=\"http:\/\/economiasc.com.br\/\">Economia SC<\/a>.<\/p>\n<p>Via: <a href=\"http:\/\/economiasc.com.br\/sebrae-apresenta-programa-de-ferramentas-de-gestao\/\" class=\"colorbox\" title=\"Sebrae apresenta programa de ferramentas de gest\u00e3o\">economiasc.com.br<\/a><\/p>\n","protected":false},"excerpt":{"rendered":"<p>O Sebrae\/SC apresenta nesta quarta-feira, dia 18, em Blumenau, o programa Ferramentas de Gest\u00e3o Avan\u00e7ada. O programa \u00e9 voltado a empresas que querem crescer por meio da implanta\u00e7\u00e3o de modelos avan\u00e7ados de gest\u00e3o empresarial. O evento \u00e9 realizado pela Associa\u00e7\u00e3o Empresarial de Blumenau (Acib) no no Hotel Himmelblau, das 8h \u00e0s 9h30. <span>Para participar, a presen\u00e7a deve ser confirmada pelo telefone (47) 3702-6400.<\/span><\/p>\n<p>The post <a class=\"colorbox\" rel=\"nofollow\" href=\"http:\/\/economiasc.com.br\/sebrae-apresenta-programa-de-ferramentas-de-gestao\/\">Sebrae apresenta programa de ferramentas de gest\u00e3o<\/a> appeared first on <a class=\"colorbox\" rel=\"nofollow\" href=\"http:\/\/economiasc.com.br\/\">Economia SC<\/a>.<\/p>\n","protected":false},"author":1,"featured_media":0,"comment_status":"open","ping_status":"open","sticky":false,"template":"","format":"standard","meta":{"footnotes":""},"categories":[5],"tags":[],"class_list":["post-2366","post","type-post","status-publish","format-standard","hentry","category-noticias","no-post-thumbnail"],"_links":{"self":[{"href":"https:\/\/www.cdlbc.com.br\/portal\/wp-json\/wp\/v2\/posts\/2366","targetHints":{"allow":["GET"]}}],"collection":[{"href":"https:\/\/www.cdlbc.com.br\/portal\/wp-json\/wp\/v2\/posts"}],"about":[{"href":"https:\/\/www.cdlbc.com.br\/portal\/wp-json\/wp\/v2\/types\/post"}],"author":[{"embeddable":true,"href":"https:\/\/www.cdlbc.com.br\/portal\/wp-json\/wp\/v2\/users\/1"}],"replies":[{"embeddable":true,"href":"https:\/\/www.cdlbc.com.br\/portal\/wp-json\/wp\/v2\/comments?post=2366"}],"version-history":[{"count":0,"href":"https:\/\/www.cdlbc.com.br\/portal\/wp-json\/wp\/v2\/posts\/2366\/revisions"}],"wp:attachment":[{"href":"https:\/\/www.cdlbc.com.br\/portal\/wp-json\/wp\/v2\/media?parent=2366"}],"wp:term":[{"taxonomy":"category","embeddable":true,"href":"https:\/\/www.cdlbc.com.br\/portal\/wp-json\/wp\/v2\/categories?post=2366"},{"taxonomy":"post_tag","embeddable":true,"href":"https:\/\/www.cdlbc.com.br\/portal\/wp-json\/wp\/v2\/tags?post=2366"}],"curies":[{"name":"wp","href":"https:\/\/api.w.org\/{rel}","templated":true}]}}