{"id":2362,"date":"2014-06-17T17:17:00","date_gmt":"2014-06-17T17:17:00","guid":{"rendered":"http:\/\/www.cdlbc.com.br\/portal\/noticias\/bmw-convoca-proprietarios-da-moto-bmw-r-1200-gs\/"},"modified":"2014-06-17T17:17:00","modified_gmt":"2014-06-17T17:17:00","slug":"bmw-convoca-proprietarios-da-moto-bmw-r-1200-gs","status":"publish","type":"post","link":"https:\/\/www.cdlbc.com.br\/portal\/noticias\/bmw-convoca-proprietarios-da-moto-bmw-r-1200-gs\/","title":{"rendered":"BMW convoca propriet\u00e1rios da moto BMW R 1200 GS"},"content":{"rendered":"<div class=\"ftpimagefix\" style=\"float:left\"><img decoding=\"async\" width=\"250\" alt=\"Modelo apresenta problemas que devem ser verificados na concession\u00e1ria. Foto: Divulga\u00e7\u00e3o\" src=\"http:\/\/economiasc.com.br\/wp-content\/uploads\/2014\/06\/moto-bmw-r-1200-gs-foto-bmw-group-300x200.jpg\"><\/div>\n<p>Modelo apresenta problemas que devem ser verificados na concession\u00e1ria. Foto: Divulga\u00e7\u00e3o<\/p>\n<p>A BMW Motorrad Brasil convoca os propriet\u00e1rios do modelo BMW R 1200 GScom fabrica\u00e7\u00e3o entre maio de 2012 e julho de 2013 a comparecer a uma concession\u00e1ria da marca e realizar, gratuitamente, a verifica\u00e7\u00e3o do retentor do eixo-card\u00e3 da motocicleta e a instala\u00e7\u00e3o de uma chapa de conten\u00e7\u00e3o. Caso necess\u00e1ria, ser\u00e1 realizada a troca do retentor. Est\u00e3o sendo convocados 757 ve\u00edculos no Brasil.<\/p>\n<p>Tal medida tem como objetivo garantir a seguran\u00e7a dos clientes da BMW Motorrad e se d\u00e1 em raz\u00e3o da possibilidade  de deslocamento do retentor, em virtude da eleva\u00e7\u00e3o de press\u00e3o do sistema de lubrifica\u00e7\u00e3o do motor. Neste caso, haveria vazamento de \u00f3leo lubrificante, que poderia escorrer para a roda traseira, comprometendo a pilotagem da motocicleta.<\/p>\n<p>Sugerimos que o cliente entre em contato com um dos concession\u00e1rios autorizados da marca para agendar a realiza\u00e7\u00e3o do servi\u00e7o. Este poder\u00e1 ser programado a partir do dia 18 de junho de 2014, e o tempo gasto na realiza\u00e7\u00e3o do servi\u00e7o ser\u00e1 de aproximadamente uma hora.<\/p>\n<p>Os chassis n\u00e3o sequenciais envolvidos s\u00e3o:<\/p>\n<\/p>\n<p><strong>MODELO<\/strong><br \/>\n<strong>DE<\/strong><br \/>\n<strong>AT\u00c9<\/strong><\/p>\n<p>R 1200 GS<br \/>\nZ107102<br \/>\nZ126913<\/p>\n<p>The post BMW convoca propriet\u00e1rios da moto BMW R 1200 GS appeared first on Economia SC.<\/p>\n<p>Via: <a href=\"http:\/\/economiasc.com.br\/bmw-convoca-proprietarios-da-moto-bmw-r-1200-gs\/\" class=\"colorbox\" title=\"BMW convoca propriet\u00e1rios da moto BMW R 1200 GS\">economiasc.com.br<\/a><\/p>\n","protected":false},"excerpt":{"rendered":"<div class=\"ftpimagefix\" style=\"float:left\"><img decoding=\"async\" width=\"250\" alt=\"Modelo apresenta problemas que devem ser verificados na concession\u00e1ria. Foto: Divulga\u00e7\u00e3o\" src=\"http:\/\/economiasc.com.br\/wp-content\/uploads\/2014\/06\/moto-bmw-r-1200-gs-foto-bmw-group-300x200.jpg\"><\/div>\n<p>Modelo apresenta problemas que devem ser verificados na concession\u00e1ria. Foto: Divulga\u00e7\u00e3o<\/p>\n<p>A BMW Motorrad Brasil convoca os propriet\u00e1rios do modelo BMW R 1200 GScom fabrica\u00e7\u00e3o entre maio de 2012 e julho de 2013 a comparecer a uma concession\u00e1ria da marca e realizar, gratuitamente, a verifica\u00e7\u00e3o do retentor do eixo-card\u00e3 da motocicleta e a instala\u00e7\u00e3o de uma chapa de conten\u00e7\u00e3o. Caso necess\u00e1ria, ser\u00e1 realizada a troca do retentor. Est\u00e3o sendo convocados 757 ve\u00edculos no Brasil.<\/p>\n<p>Tal medida tem como objetivo garantir a seguran\u00e7a dos clientes da BMW Motorrad e se d\u00e1 em raz\u00e3o da possibilidade  de deslocamento do retentor, em virtude da eleva\u00e7\u00e3o de press\u00e3o do sistema de lubrifica\u00e7\u00e3o do motor. Neste caso, haveria vazamento de \u00f3leo lubrificante, que poderia escorrer para a roda traseira, comprometendo a pilotagem da motocicleta.<\/p>\n<p>Sugerimos que o cliente entre em contato com um dos concession\u00e1rios autorizados da marca para agendar a realiza\u00e7\u00e3o do servi\u00e7o. Este poder\u00e1 ser programado a partir do dia 18 de junho de 2014, e o tempo gasto na realiza\u00e7\u00e3o do servi\u00e7o ser\u00e1 de aproximadamente uma hora.<\/p>\n<p>Os chassis n\u00e3o sequenciais envolvidos s\u00e3o:<\/p>\n<\/p>\n<p><strong>MODELO<\/strong><br \/>\n<strong>DE<\/strong><br \/>\n<strong>AT\u00c9<\/strong><\/p>\n<p>R 1200 GS<br \/>\nZ107102<br \/>\nZ126913<\/p>\n<p>The post BMW convoca propriet\u00e1rios da moto BMW R 1200 GS appeared first on Economia SC.<\/p>\n","protected":false},"author":1,"featured_media":0,"comment_status":"open","ping_status":"open","sticky":false,"template":"","format":"standard","meta":{"footnotes":""},"categories":[5],"tags":[],"class_list":["post-2362","post","type-post","status-publish","format-standard","hentry","category-noticias","no-post-thumbnail"],"_links":{"self":[{"href":"https:\/\/www.cdlbc.com.br\/portal\/wp-json\/wp\/v2\/posts\/2362","targetHints":{"allow":["GET"]}}],"collection":[{"href":"https:\/\/www.cdlbc.com.br\/portal\/wp-json\/wp\/v2\/posts"}],"about":[{"href":"https:\/\/www.cdlbc.com.br\/portal\/wp-json\/wp\/v2\/types\/post"}],"author":[{"embeddable":true,"href":"https:\/\/www.cdlbc.com.br\/portal\/wp-json\/wp\/v2\/users\/1"}],"replies":[{"embeddable":true,"href":"https:\/\/www.cdlbc.com.br\/portal\/wp-json\/wp\/v2\/comments?post=2362"}],"version-history":[{"count":0,"href":"https:\/\/www.cdlbc.com.br\/portal\/wp-json\/wp\/v2\/posts\/2362\/revisions"}],"wp:attachment":[{"href":"https:\/\/www.cdlbc.com.br\/portal\/wp-json\/wp\/v2\/media?parent=2362"}],"wp:term":[{"taxonomy":"category","embeddable":true,"href":"https:\/\/www.cdlbc.com.br\/portal\/wp-json\/wp\/v2\/categories?post=2362"},{"taxonomy":"post_tag","embeddable":true,"href":"https:\/\/www.cdlbc.com.br\/portal\/wp-json\/wp\/v2\/tags?post=2362"}],"curies":[{"name":"wp","href":"https:\/\/api.w.org\/{rel}","templated":true}]}}