{"id":2352,"date":"2014-06-17T13:25:00","date_gmt":"2014-06-17T13:25:00","guid":{"rendered":"http:\/\/www.cdlbc.com.br\/portal\/noticias\/audiencia-debate-lei-de-ordenamento-territorial\/"},"modified":"2014-06-17T13:25:00","modified_gmt":"2014-06-17T13:25:00","slug":"audiencia-debate-lei-de-ordenamento-territorial","status":"publish","type":"post","link":"https:\/\/www.cdlbc.com.br\/portal\/noticias\/audiencia-debate-lei-de-ordenamento-territorial\/","title":{"rendered":"Audi\u00eancia debate Lei de Ordenamento Territorial"},"content":{"rendered":"<p>O prefeito de Joinville, Udo D\u00f6hler, afirmou na segunda-feira, dia 16, que at\u00e9 o m\u00eas de setembro o projeto de Lei de Ordenamento Territorial (LOT), atualmente em discuss\u00e3o no Conselho da Cidade, deve ser encaminhado  para an\u00e1lise e vota\u00e7\u00e3o pela C\u00e2mara de Vereadores. O an\u00fancio foi feito durante audi\u00eancia com representantes da Acij (Associa\u00e7\u00e3o Empresarial), CDL (Lojistas), Ajorpeme (Pequenas e M\u00e9dias empresas) e Acomac (Material de Constru\u00e7\u00e3o)<\/p>\n<p>O pr\u00f3ximo passo, aprovado no Conselho da Cidade, ser\u00e1 a realiza\u00e7\u00e3o das audi\u00eancias p\u00fablicas, que devem ocorrer no m\u00eas de agosto. \u201cAcreditamos que a tramita\u00e7\u00e3o da LOT s\u00f3 ser\u00e1 bem sucedida se for respeitada a espinha dorsal j\u00e1 tra\u00e7ada nesses \u00faltimos tr\u00eas anos, caso contr\u00e1rio, adeus LOT\u201d, disse o prefeito.<\/p>\n<p>Ainda esta semana, a Associa\u00e7\u00e3o Empresarial deve encaminhar \u00e0 Prefeitura de Joinville estudo desenvolvido sobre o projeto da LOT. A maior preocupa\u00e7\u00e3o do prefeito \u00e9 que a discuss\u00e3o a partir de agora se atenha a ajustes do que j\u00e1 foi discutido, e n\u00e3o volte a rediscutir conceitos. \u201cSe isso ocorrer, estaremos perdendo um tempo enorme, com imenso preju\u00edzo \u00e0 cidade\u201d, afirmou.<\/p>\n<p><span>Foram duas horas de troca de informa\u00e7\u00f5es sobre v\u00e1rios assuntos, entre eles o estacionamento rotativo, Plano de Mobilidade, Licenciamento Ambiental, Projeto Atender, Seguran\u00e7a, Aeroporto, duplica\u00e7\u00e3o da avenida Santos Dumont e Estrada Dona Francisca.<\/span><\/p>\n<\/p>\n<p>The post <a class=\"colorbox\" rel=\"nofollow\" href=\"http:\/\/economiasc.com.br\/audiencia-debate-lei-de-ordenamento-territorial\/\">Audi\u00eancia debate Lei de Ordenamento Territorial<\/a> appeared first on <a class=\"colorbox\" rel=\"nofollow\" href=\"http:\/\/economiasc.com.br\/\">Economia SC<\/a>.<\/p>\n<p>Via: <a href=\"http:\/\/economiasc.com.br\/audiencia-debate-lei-de-ordenamento-territorial\/\" class=\"colorbox\" title=\"Audi\u00eancia debate Lei de Ordenamento Territorial\">economiasc.com.br<\/a><\/p>\n","protected":false},"excerpt":{"rendered":"<p>O prefeito de Joinville, Udo D\u00f6hler, afirmou na segunda-feira, dia 16, que at\u00e9 o m\u00eas de setembro o projeto de Lei de Ordenamento Territorial (LOT), atualmente em discuss\u00e3o no Conselho da Cidade, deve ser encaminhado  para an\u00e1lise e vota\u00e7\u00e3o pela C\u00e2mara de Vereadores. O an\u00fancio foi feito durante audi\u00eancia com representantes da Acij (Associa\u00e7\u00e3o Empresarial), CDL (Lojistas), Ajorpeme (Pequenas e M\u00e9dias empresas) e Acomac (Material de Constru\u00e7\u00e3o)<\/p>\n<p>O pr\u00f3ximo passo, aprovado no Conselho da Cidade, ser\u00e1 a realiza\u00e7\u00e3o das audi\u00eancias p\u00fablicas, que devem ocorrer no m\u00eas de agosto. \u201cAcreditamos que a tramita\u00e7\u00e3o da LOT s\u00f3 ser\u00e1 bem sucedida se for respeitada a espinha dorsal j\u00e1 tra\u00e7ada nesses \u00faltimos tr\u00eas anos, caso contr\u00e1rio, adeus LOT\u201d, disse o prefeito.<\/p>\n<p>Ainda esta semana, a Associa\u00e7\u00e3o Empresarial deve encaminhar \u00e0 Prefeitura de Joinville estudo desenvolvido sobre o projeto da LOT. A maior preocupa\u00e7\u00e3o do prefeito \u00e9 que a discuss\u00e3o a partir de agora se atenha a ajustes do que j\u00e1 foi discutido, e n\u00e3o volte a rediscutir conceitos. \u201cSe isso ocorrer, estaremos perdendo um tempo enorme, com imenso preju\u00edzo \u00e0 cidade\u201d, afirmou.<\/p>\n<p><span>Foram duas horas de troca de informa\u00e7\u00f5es sobre v\u00e1rios assuntos, entre eles o estacionamento rotativo, Plano de Mobilidade, Licenciamento Ambiental, Projeto Atender, Seguran\u00e7a, Aeroporto, duplica\u00e7\u00e3o da avenida Santos Dumont e Estrada Dona Francisca.<\/span><\/p>\n<\/p>\n<p>The post <a class=\"colorbox\" rel=\"nofollow\" href=\"http:\/\/economiasc.com.br\/audiencia-debate-lei-de-ordenamento-territorial\/\">Audi\u00eancia debate Lei de Ordenamento Territorial<\/a> appeared first on <a class=\"colorbox\" rel=\"nofollow\" href=\"http:\/\/economiasc.com.br\/\">Economia SC<\/a>.<\/p>\n","protected":false},"author":1,"featured_media":0,"comment_status":"open","ping_status":"open","sticky":false,"template":"","format":"standard","meta":{"footnotes":""},"categories":[5],"tags":[],"class_list":["post-2352","post","type-post","status-publish","format-standard","hentry","category-noticias","no-post-thumbnail"],"_links":{"self":[{"href":"https:\/\/www.cdlbc.com.br\/portal\/wp-json\/wp\/v2\/posts\/2352","targetHints":{"allow":["GET"]}}],"collection":[{"href":"https:\/\/www.cdlbc.com.br\/portal\/wp-json\/wp\/v2\/posts"}],"about":[{"href":"https:\/\/www.cdlbc.com.br\/portal\/wp-json\/wp\/v2\/types\/post"}],"author":[{"embeddable":true,"href":"https:\/\/www.cdlbc.com.br\/portal\/wp-json\/wp\/v2\/users\/1"}],"replies":[{"embeddable":true,"href":"https:\/\/www.cdlbc.com.br\/portal\/wp-json\/wp\/v2\/comments?post=2352"}],"version-history":[{"count":0,"href":"https:\/\/www.cdlbc.com.br\/portal\/wp-json\/wp\/v2\/posts\/2352\/revisions"}],"wp:attachment":[{"href":"https:\/\/www.cdlbc.com.br\/portal\/wp-json\/wp\/v2\/media?parent=2352"}],"wp:term":[{"taxonomy":"category","embeddable":true,"href":"https:\/\/www.cdlbc.com.br\/portal\/wp-json\/wp\/v2\/categories?post=2352"},{"taxonomy":"post_tag","embeddable":true,"href":"https:\/\/www.cdlbc.com.br\/portal\/wp-json\/wp\/v2\/tags?post=2352"}],"curies":[{"name":"wp","href":"https:\/\/api.w.org\/{rel}","templated":true}]}}