{"id":2350,"date":"2014-06-17T13:22:00","date_gmt":"2014-06-17T13:22:00","guid":{"rendered":"http:\/\/www.cdlbc.com.br\/portal\/noticias\/aviacao-comercial-aumentara-crescimento-diz-anac\/"},"modified":"2014-06-17T13:22:00","modified_gmt":"2014-06-17T13:22:00","slug":"aviacao-comercial-aumentara-crescimento-diz-anac","status":"publish","type":"post","link":"https:\/\/www.cdlbc.com.br\/portal\/noticias\/aviacao-comercial-aumentara-crescimento-diz-anac\/","title":{"rendered":"Avia\u00e7\u00e3o comercial aumentar\u00e1 crescimento, diz Anac"},"content":{"rendered":"<div class=\"ftpimagefix\" style=\"float:left\"><img decoding=\"async\" width=\"250\" alt=\"Crescimento de 2014 deve chegar a 5%, segundo previs\u00e3o do diretor-presidente. Foto: Divulga\u00e7\u00e3o\" src=\"http:\/\/economiasc.com.br\/wp-content\/uploads\/2014\/05\/aviao_41.jpg\"><\/div>\n<p>Crescimento de 2014 deve chegar a 5%, segundo previs\u00e3o do diretor-presidente. Foto: Divulga\u00e7\u00e3o<\/p>\n<p>Depois de um desempenho praticamente est\u00e1vel em 2013, a avia\u00e7\u00e3o comercial deve crescer at\u00e9 5% em 2014, segundo previs\u00e3o do diretor-presidente da Ag\u00eancia Nacional de Avia\u00e7\u00e3o Civil (Anac), Marcelo Guaranys. Na vis\u00e3o dele, o crescimento ser\u00e1 causado pelo aumento da infraestrutura nos aeroportos, e n\u00e3o necessariamente pelo maior n\u00famero de voos em fun\u00e7\u00e3o da Copa do Mundo.<\/p>\n<p>\u201cTemos visto uma demanda muito grande de voos tur\u00edsticos entre determinadas cidades que n\u00e3o tinham esse costume, como Cuiab\u00e1, mas uma diminui\u00e7\u00e3o muito grande nos voos executivos. Pouca gente tem viajado a trabalho\u201d, avaliou Guaranys sobre a Copa do Mundo, em entrevista no Centro Aberto de M\u00eddia sobre a movimenta\u00e7\u00e3o nos aeroportos.<\/p>\n<p>O diretor-presidente da Anac explicou porque espera aumento no mercado da avia\u00e7\u00e3o comercial. \u201cA gente tem uma infraestrutura nova agora. Em Bras\u00edlia e Guarulhos, aumentou muito a capacidade. Ent\u00e3o, h\u00e1 a possibilidade de trazer mais voos, mais empresas e mais aeronaves. Viracopos tamb\u00e9m vai entregar um terminal com uma capacidade grande, e isso gera uma melhoria na expectativa e na oferta de infraestrutura\u201d.<\/p>\n<p>Se o resultado se concretizar, ele representar\u00e1 uma acelera\u00e7\u00e3o em rela\u00e7\u00e3o ao ano anterior, em que houve um crescimento menor que 1%. \u201c[o mercado] quase decresceu, variou muito pouco do ano retrasado para o ano passado. Isso \u00e9 at\u00edpico para a gente, que tem tido crescimento muito grande nos \u00faltimos anos. \u00c9 dif\u00edcil prever porque a gente depende da previs\u00e3o de cada empresa, mas acredito que vamos ter um crescimento um pouquinho maior neste ano\u201d. <strong>(Ag\u00eancia Brasil)<\/strong><\/p>\n<p>The post Avia\u00e7\u00e3o comercial aumentar\u00e1 crescimento, diz Anac appeared first on Economia SC.<\/p>\n<p>Via: <a href=\"http:\/\/economiasc.com.br\/aviacao-comercial-aumentara-crescimento-diz-anac\/\" class=\"colorbox\" title=\"Avia\u00e7\u00e3o comercial aumentar\u00e1 crescimento, diz Anac\">economiasc.com.br<\/a><\/p>\n","protected":false},"excerpt":{"rendered":"<div class=\"ftpimagefix\" style=\"float:left\"><img decoding=\"async\" width=\"250\" alt=\"Crescimento de 2014 deve chegar a 5%, segundo previs\u00e3o do diretor-presidente. Foto: Divulga\u00e7\u00e3o\" src=\"http:\/\/economiasc.com.br\/wp-content\/uploads\/2014\/05\/aviao_41.jpg\"><\/div>\n<p>Crescimento de 2014 deve chegar a 5%, segundo previs\u00e3o do diretor-presidente. Foto: Divulga\u00e7\u00e3o<\/p>\n<p>Depois de um desempenho praticamente est\u00e1vel em 2013, a avia\u00e7\u00e3o comercial deve crescer at\u00e9 5% em 2014, segundo previs\u00e3o do diretor-presidente da Ag\u00eancia Nacional de Avia\u00e7\u00e3o Civil (Anac), Marcelo Guaranys. Na vis\u00e3o dele, o crescimento ser\u00e1 causado pelo aumento da infraestrutura nos aeroportos, e n\u00e3o necessariamente pelo maior n\u00famero de voos em fun\u00e7\u00e3o da Copa do Mundo.<\/p>\n<p>\u201cTemos visto uma demanda muito grande de voos tur\u00edsticos entre determinadas cidades que n\u00e3o tinham esse costume, como Cuiab\u00e1, mas uma diminui\u00e7\u00e3o muito grande nos voos executivos. Pouca gente tem viajado a trabalho\u201d, avaliou Guaranys sobre a Copa do Mundo, em entrevista no Centro Aberto de M\u00eddia sobre a movimenta\u00e7\u00e3o nos aeroportos.<\/p>\n<p>O diretor-presidente da Anac explicou porque espera aumento no mercado da avia\u00e7\u00e3o comercial. \u201cA gente tem uma infraestrutura nova agora. Em Bras\u00edlia e Guarulhos, aumentou muito a capacidade. Ent\u00e3o, h\u00e1 a possibilidade de trazer mais voos, mais empresas e mais aeronaves. Viracopos tamb\u00e9m vai entregar um terminal com uma capacidade grande, e isso gera uma melhoria na expectativa e na oferta de infraestrutura\u201d.<\/p>\n<p>Se o resultado se concretizar, ele representar\u00e1 uma acelera\u00e7\u00e3o em rela\u00e7\u00e3o ao ano anterior, em que houve um crescimento menor que 1%. \u201c[o mercado] quase decresceu, variou muito pouco do ano retrasado para o ano passado. Isso \u00e9 at\u00edpico para a gente, que tem tido crescimento muito grande nos \u00faltimos anos. \u00c9 dif\u00edcil prever porque a gente depende da previs\u00e3o de cada empresa, mas acredito que vamos ter um crescimento um pouquinho maior neste ano\u201d. <strong>(Ag\u00eancia Brasil)<\/strong><\/p>\n<p>The post Avia\u00e7\u00e3o comercial aumentar\u00e1 crescimento, diz Anac appeared first on Economia SC.<\/p>\n","protected":false},"author":1,"featured_media":0,"comment_status":"open","ping_status":"open","sticky":false,"template":"","format":"standard","meta":{"footnotes":""},"categories":[5],"tags":[],"class_list":["post-2350","post","type-post","status-publish","format-standard","hentry","category-noticias","no-post-thumbnail"],"_links":{"self":[{"href":"https:\/\/www.cdlbc.com.br\/portal\/wp-json\/wp\/v2\/posts\/2350","targetHints":{"allow":["GET"]}}],"collection":[{"href":"https:\/\/www.cdlbc.com.br\/portal\/wp-json\/wp\/v2\/posts"}],"about":[{"href":"https:\/\/www.cdlbc.com.br\/portal\/wp-json\/wp\/v2\/types\/post"}],"author":[{"embeddable":true,"href":"https:\/\/www.cdlbc.com.br\/portal\/wp-json\/wp\/v2\/users\/1"}],"replies":[{"embeddable":true,"href":"https:\/\/www.cdlbc.com.br\/portal\/wp-json\/wp\/v2\/comments?post=2350"}],"version-history":[{"count":0,"href":"https:\/\/www.cdlbc.com.br\/portal\/wp-json\/wp\/v2\/posts\/2350\/revisions"}],"wp:attachment":[{"href":"https:\/\/www.cdlbc.com.br\/portal\/wp-json\/wp\/v2\/media?parent=2350"}],"wp:term":[{"taxonomy":"category","embeddable":true,"href":"https:\/\/www.cdlbc.com.br\/portal\/wp-json\/wp\/v2\/categories?post=2350"},{"taxonomy":"post_tag","embeddable":true,"href":"https:\/\/www.cdlbc.com.br\/portal\/wp-json\/wp\/v2\/tags?post=2350"}],"curies":[{"name":"wp","href":"https:\/\/api.w.org\/{rel}","templated":true}]}}