{"id":2348,"date":"2014-06-17T13:11:00","date_gmt":"2014-06-17T13:11:00","guid":{"rendered":"http:\/\/www.cdlbc.com.br\/portal\/noticias\/expediente-do-governo-do-estado-sera-das-8h-as-14h\/"},"modified":"2014-06-17T13:11:00","modified_gmt":"2014-06-17T13:11:00","slug":"expediente-do-governo-do-estado-sera-das-8h-as-14h","status":"publish","type":"post","link":"https:\/\/www.cdlbc.com.br\/portal\/noticias\/expediente-do-governo-do-estado-sera-das-8h-as-14h\/","title":{"rendered":"Expediente do governo do Estado ser\u00e1 das 8h \u00e0s 14h"},"content":{"rendered":"<div class=\"ftpimagefix\" style=\"float:left\"><img decoding=\"async\" width=\"250\" alt=\"selo menor ainda\" src=\"http:\/\/economiasc.com.br\/wp-content\/uploads\/2014\/06\/selo-menor-ainda4.jpg\"><\/div>\n<p>O hor\u00e1rio de expediente dos \u00f3rg\u00e3os e do governo do Estado de Santa Catarina ter\u00e1 altera\u00e7\u00f5es nesta ter\u00e7a-feira, 17, devido ao jogo da sele\u00e7\u00e3o brasileira na Copa do Mundo, marcado para as 16h. Os setores administrativos de secretarias estaduais e regionais estar\u00e3o abertos das 8h \u00e0s 14h. Est\u00e3o exclu\u00eddos da altera\u00e7\u00e3o de hor\u00e1rio os servi\u00e7os considerados essenciais ao interesse p\u00fablico, como, por exemplo, Sa\u00fade, Educa\u00e7\u00e3o, Seguran\u00e7a P\u00fablica, Defesa Civil e Justi\u00e7a e Cidadania. A mudan\u00e7a ocorre conforme o decreto 2.201, publicado no Di\u00e1rio Oficial do Estado.<\/p>\n<p><strong> <\/strong><\/p>\n<p>The post Expediente do governo do Estado ser\u00e1 das 8h \u00e0s 14h appeared first on Economia SC.<\/p>\n<p>Via: <a href=\"http:\/\/economiasc.com.br\/expediente-governo-estado-sera-das-8h-14h\/\" class=\"colorbox\" title=\"Expediente do governo do Estado ser\u00e1 das 8h \u00e0s 14h\">economiasc.com.br<\/a><\/p>\n","protected":false},"excerpt":{"rendered":"<div class=\"ftpimagefix\" style=\"float:left\"><img decoding=\"async\" width=\"250\" alt=\"selo menor ainda\" src=\"http:\/\/economiasc.com.br\/wp-content\/uploads\/2014\/06\/selo-menor-ainda4.jpg\"><\/div>\n<\/p>\n<p>O hor\u00e1rio de expediente dos \u00f3rg\u00e3os e do governo do Estado de Santa Catarina ter\u00e1 altera\u00e7\u00f5es nesta ter\u00e7a-feira, 17, devido ao jogo da sele\u00e7\u00e3o brasileira na Copa do Mundo, marcado para as 16h. Os setores administrativos de secretarias estaduais e regionais estar\u00e3o abertos das 8h \u00e0s 14h. Est\u00e3o exclu\u00eddos da altera\u00e7\u00e3o de hor\u00e1rio os servi\u00e7os considerados essenciais ao interesse p\u00fablico, como, por exemplo, Sa\u00fade, Educa\u00e7\u00e3o, Seguran\u00e7a P\u00fablica, Defesa Civil e Justi\u00e7a e Cidadania. A mudan\u00e7a ocorre conforme o decreto 2.201, publicado no Di\u00e1rio Oficial do Estado.<\/p>\n<p><strong> <\/strong><\/p>\n<p>The post Expediente do governo do Estado ser\u00e1 das 8h \u00e0s 14h appeared first on Economia SC.<\/p>\n","protected":false},"author":1,"featured_media":0,"comment_status":"open","ping_status":"open","sticky":false,"template":"","format":"standard","meta":{"footnotes":""},"categories":[5],"tags":[],"class_list":["post-2348","post","type-post","status-publish","format-standard","hentry","category-noticias","no-post-thumbnail"],"_links":{"self":[{"href":"https:\/\/www.cdlbc.com.br\/portal\/wp-json\/wp\/v2\/posts\/2348","targetHints":{"allow":["GET"]}}],"collection":[{"href":"https:\/\/www.cdlbc.com.br\/portal\/wp-json\/wp\/v2\/posts"}],"about":[{"href":"https:\/\/www.cdlbc.com.br\/portal\/wp-json\/wp\/v2\/types\/post"}],"author":[{"embeddable":true,"href":"https:\/\/www.cdlbc.com.br\/portal\/wp-json\/wp\/v2\/users\/1"}],"replies":[{"embeddable":true,"href":"https:\/\/www.cdlbc.com.br\/portal\/wp-json\/wp\/v2\/comments?post=2348"}],"version-history":[{"count":0,"href":"https:\/\/www.cdlbc.com.br\/portal\/wp-json\/wp\/v2\/posts\/2348\/revisions"}],"wp:attachment":[{"href":"https:\/\/www.cdlbc.com.br\/portal\/wp-json\/wp\/v2\/media?parent=2348"}],"wp:term":[{"taxonomy":"category","embeddable":true,"href":"https:\/\/www.cdlbc.com.br\/portal\/wp-json\/wp\/v2\/categories?post=2348"},{"taxonomy":"post_tag","embeddable":true,"href":"https:\/\/www.cdlbc.com.br\/portal\/wp-json\/wp\/v2\/tags?post=2348"}],"curies":[{"name":"wp","href":"https:\/\/api.w.org\/{rel}","templated":true}]}}