{"id":2346,"date":"2014-06-17T12:23:00","date_gmt":"2014-06-17T12:23:00","guid":{"rendered":"http:\/\/www.cdlbc.com.br\/portal\/noticias\/membros-do-gtt-nautico-catarinense-tomam-posse\/"},"modified":"2014-06-17T12:23:00","modified_gmt":"2014-06-17T12:23:00","slug":"membros-do-gtt-nautico-catarinense-tomam-posse","status":"publish","type":"post","link":"https:\/\/www.cdlbc.com.br\/portal\/noticias\/membros-do-gtt-nautico-catarinense-tomam-posse\/","title":{"rendered":"Membros do GTT N\u00e1utico catarinense tomam posse"},"content":{"rendered":"<p>Os membros do Grupo de Trabalho de Turismo N\u00e1utico de Santa Catarina tomaram posse em cerim\u00f4nia realizada na manh\u00e3 da \u00faltima segunda-feira, dia 16, no audit\u00f3rio da Secretaria de Estado de Turismo, Cultura e Esporte, em Florian\u00f3polis. <span>\u201cAgora, com o GTT N\u00e1utico, estaremos prontos para efetivamente voltar Santa Catarina de frente para o mar\u201d, afirmou o presidente do Grupo, Leandro Mane Ferrari, que tamb\u00e9m preside a Associa\u00e7\u00e3o N\u00e1utica Catarinense para o Brasil (Acatmar). <\/span>O secret\u00e1rio estadual de Turismo, Cultura e Esporte, Filipe Mello, destacou o papel do setor n\u00e1utico no desenvolvimento econ\u00f4mico e tur\u00edstico. \u201cAssim, a for\u00e7a da cadeia produtiva n\u00e1utica \u00e9 refletida em todas as partes de Santa Catarina\u201d, afirmou.<\/p>\n<p><b>O GTT N\u00e1utico<\/b><\/p>\n<p>O Grupo de Trabalho de Turismo N\u00e1utico de Santa Catarina surgiu em 2009 e a cria\u00e7\u00e3o foi motivada especialmente pela necessidade de organiza\u00e7\u00e3o do setor. Inicialmente era voltado aos munic\u00edpios que recebem de cruzeiros mar\u00edtimos, mas com o tempo, outras cidades com atividades de turismo n\u00e1utico ou potencial para desenvolv\u00ea-las come\u00e7aram a integrar o Grupo. O GTT conta com a participa\u00e7\u00e3o de representantes da iniciativa p\u00fablica e privada e sociedade civil organizada.<\/p>\n<p>The post <a class=\"colorbox\" rel=\"nofollow\" href=\"http:\/\/economiasc.com.br\/membros-gt-de-turismo-nautico-de-sc-tomam-posse\/\">Membros do GTT N\u00e1utico catarinense tomam posse<\/a> appeared first on <a class=\"colorbox\" rel=\"nofollow\" href=\"http:\/\/economiasc.com.br\/\">Economia SC<\/a>.<\/p>\n<p>Via: <a href=\"http:\/\/economiasc.com.br\/membros-gt-de-turismo-nautico-de-sc-tomam-posse\/\" class=\"colorbox\" title=\"Membros do GTT N\u00e1utico catarinense tomam posse\">economiasc.com.br<\/a><\/p>\n","protected":false},"excerpt":{"rendered":"<p>Os membros do Grupo de Trabalho de Turismo N\u00e1utico de Santa Catarina tomaram posse em cerim\u00f4nia realizada na manh\u00e3 da \u00faltima segunda-feira, dia 16, no audit\u00f3rio da Secretaria de Estado de Turismo, Cultura e Esporte, em Florian\u00f3polis. <span>\u201cAgora, com o GTT N\u00e1utico, estaremos prontos para efetivamente voltar Santa Catarina de frente para o mar\u201d, afirmou o presidente do Grupo, Leandro Mane Ferrari, que tamb\u00e9m preside a Associa\u00e7\u00e3o N\u00e1utica Catarinense para o Brasil (Acatmar). <\/span>O secret\u00e1rio estadual de Turismo, Cultura e Esporte, Filipe Mello, destacou o papel do setor n\u00e1utico no desenvolvimento econ\u00f4mico e tur\u00edstico. \u201cAssim, a for\u00e7a da cadeia produtiva n\u00e1utica \u00e9 refletida em todas as partes de Santa Catarina\u201d, afirmou.<\/p>\n<p><b>O GTT N\u00e1utico<\/b><\/p>\n<p>O Grupo de Trabalho de Turismo N\u00e1utico de Santa Catarina surgiu em 2009 e a cria\u00e7\u00e3o foi motivada especialmente pela necessidade de organiza\u00e7\u00e3o do setor. Inicialmente era voltado aos munic\u00edpios que recebem de cruzeiros mar\u00edtimos, mas com o tempo, outras cidades com atividades de turismo n\u00e1utico ou potencial para desenvolv\u00ea-las come\u00e7aram a integrar o Grupo. O GTT conta com a participa\u00e7\u00e3o de representantes da iniciativa p\u00fablica e privada e sociedade civil organizada.<\/p>\n<p>The post <a class=\"colorbox\" rel=\"nofollow\" href=\"http:\/\/economiasc.com.br\/membros-gt-de-turismo-nautico-de-sc-tomam-posse\/\">Membros do GTT N\u00e1utico catarinense tomam posse<\/a> appeared first on <a class=\"colorbox\" rel=\"nofollow\" href=\"http:\/\/economiasc.com.br\/\">Economia SC<\/a>.<\/p>\n","protected":false},"author":1,"featured_media":0,"comment_status":"open","ping_status":"open","sticky":false,"template":"","format":"standard","meta":{"footnotes":""},"categories":[5],"tags":[],"class_list":["post-2346","post","type-post","status-publish","format-standard","hentry","category-noticias","no-post-thumbnail"],"_links":{"self":[{"href":"https:\/\/www.cdlbc.com.br\/portal\/wp-json\/wp\/v2\/posts\/2346","targetHints":{"allow":["GET"]}}],"collection":[{"href":"https:\/\/www.cdlbc.com.br\/portal\/wp-json\/wp\/v2\/posts"}],"about":[{"href":"https:\/\/www.cdlbc.com.br\/portal\/wp-json\/wp\/v2\/types\/post"}],"author":[{"embeddable":true,"href":"https:\/\/www.cdlbc.com.br\/portal\/wp-json\/wp\/v2\/users\/1"}],"replies":[{"embeddable":true,"href":"https:\/\/www.cdlbc.com.br\/portal\/wp-json\/wp\/v2\/comments?post=2346"}],"version-history":[{"count":0,"href":"https:\/\/www.cdlbc.com.br\/portal\/wp-json\/wp\/v2\/posts\/2346\/revisions"}],"wp:attachment":[{"href":"https:\/\/www.cdlbc.com.br\/portal\/wp-json\/wp\/v2\/media?parent=2346"}],"wp:term":[{"taxonomy":"category","embeddable":true,"href":"https:\/\/www.cdlbc.com.br\/portal\/wp-json\/wp\/v2\/categories?post=2346"},{"taxonomy":"post_tag","embeddable":true,"href":"https:\/\/www.cdlbc.com.br\/portal\/wp-json\/wp\/v2\/tags?post=2346"}],"curies":[{"name":"wp","href":"https:\/\/api.w.org\/{rel}","templated":true}]}}