{"id":2345,"date":"2014-06-17T12:16:00","date_gmt":"2014-06-17T12:16:00","guid":{"rendered":"http:\/\/www.cdlbc.com.br\/portal\/noticias\/ipc-s-recua-em-seis-de-sete-capitais-pesquisadas\/"},"modified":"2014-06-17T12:16:00","modified_gmt":"2014-06-17T12:16:00","slug":"ipc-s-recua-em-seis-de-sete-capitais-pesquisadas","status":"publish","type":"post","link":"https:\/\/www.cdlbc.com.br\/portal\/noticias\/ipc-s-recua-em-seis-de-sete-capitais-pesquisadas\/","title":{"rendered":"IPC-S recua em seis de sete capitais pesquisadas"},"content":{"rendered":"<div class=\"ftpimagefix\" style=\"float:left\"><img decoding=\"async\" width=\"250\" alt=\"igp-10\" src=\"http:\/\/economiasc.com.br\/wp-content\/uploads\/2014\/06\/queda2-300x197.jpg\"><\/div>\n<p>\u00cdndice de Pre\u00e7os ao Consumidor \u2013 Semanal (IPC-S) registrou varia\u00e7\u00e3o de 0,36%. Foto: Divulga\u00e7\u00e3o<\/p>\n<p>O \u00cdndice de Pre\u00e7os ao Consumidor \u2013 Semanal (IPC-S)  registrou varia\u00e7\u00e3o de 0,36%, 0,10 ponto percentual (p.p.) abaixo da taxa divulgada na \u00faltima apura\u00e7\u00e3o. Seis das sete capitais pesquisadas pela Funda\u00e7\u00e3o Get\u00falio Vargas (FGV) registraram decr\u00e9scimo em suas taxas de varia\u00e7\u00e3o.<\/p>\n<p>Em Salvador, houve o \u00fanico crescimento. O IPC-S passou de 0,58% para 0,62%. Em Bras\u00edlia, o indicador foi de 0,76% para 0,5%. Em Belo Horizonte, de 0,28% para 0,16%. No munic\u00edpio de Recife,  a taxa diminuiu de 0,91% para 0,7%. No Rio de Janeiro, diminui\u00e7\u00e3o foi de  0,48% para 0,33%. Em Porto Alegre, IPC-S passou de 0,23% para 0,20% e, em S\u00e3o Paulo, de 0,39% para 0,30%\u00a8. <strong>(FGV\/Ibre)<\/strong><\/p>\n<p>The post IPC-S recua em seis de sete capitais pesquisadas appeared first on Economia SC.<\/p>\n<p>Via: <a href=\"http:\/\/economiasc.com.br\/ipc-s-recua-em-seis-de-sete-capitais-pesquisadas-2\/\" class=\"colorbox\" title=\"IPC-S recua em seis de sete capitais pesquisadas\">economiasc.com.br<\/a><\/p>\n","protected":false},"excerpt":{"rendered":"<div class=\"ftpimagefix\" style=\"float:left\"><img decoding=\"async\" width=\"250\" alt=\"igp-10\" src=\"http:\/\/economiasc.com.br\/wp-content\/uploads\/2014\/06\/queda2-300x197.jpg\"><\/div>\n<p>\u00cdndice de Pre\u00e7os ao Consumidor \u2013 Semanal (IPC-S) registrou varia\u00e7\u00e3o de 0,36%. Foto: Divulga\u00e7\u00e3o<\/p>\n<p>O \u00cdndice de Pre\u00e7os ao Consumidor \u2013 Semanal (IPC-S)  registrou varia\u00e7\u00e3o de 0,36%, 0,10 ponto percentual (p.p.) abaixo da taxa divulgada na \u00faltima apura\u00e7\u00e3o. Seis das sete capitais pesquisadas pela Funda\u00e7\u00e3o Get\u00falio Vargas (FGV) registraram decr\u00e9scimo em suas taxas de varia\u00e7\u00e3o.<\/p>\n<p>Em Salvador, houve o \u00fanico crescimento. O IPC-S passou de 0,58% para 0,62%. Em Bras\u00edlia, o indicador foi de 0,76% para 0,5%. Em Belo Horizonte, de 0,28% para 0,16%. No munic\u00edpio de Recife,  a taxa diminuiu de 0,91% para 0,7%. No Rio de Janeiro, diminui\u00e7\u00e3o foi de  0,48% para 0,33%. Em Porto Alegre, IPC-S passou de 0,23% para 0,20% e, em S\u00e3o Paulo, de 0,39% para 0,30%\u00a8. <strong>(FGV\/Ibre)<\/strong><\/p>\n<p>The post IPC-S recua em seis de sete capitais pesquisadas appeared first on Economia SC.<\/p>\n","protected":false},"author":1,"featured_media":0,"comment_status":"open","ping_status":"open","sticky":false,"template":"","format":"standard","meta":{"footnotes":""},"categories":[5],"tags":[],"class_list":["post-2345","post","type-post","status-publish","format-standard","hentry","category-noticias","no-post-thumbnail"],"_links":{"self":[{"href":"https:\/\/www.cdlbc.com.br\/portal\/wp-json\/wp\/v2\/posts\/2345","targetHints":{"allow":["GET"]}}],"collection":[{"href":"https:\/\/www.cdlbc.com.br\/portal\/wp-json\/wp\/v2\/posts"}],"about":[{"href":"https:\/\/www.cdlbc.com.br\/portal\/wp-json\/wp\/v2\/types\/post"}],"author":[{"embeddable":true,"href":"https:\/\/www.cdlbc.com.br\/portal\/wp-json\/wp\/v2\/users\/1"}],"replies":[{"embeddable":true,"href":"https:\/\/www.cdlbc.com.br\/portal\/wp-json\/wp\/v2\/comments?post=2345"}],"version-history":[{"count":0,"href":"https:\/\/www.cdlbc.com.br\/portal\/wp-json\/wp\/v2\/posts\/2345\/revisions"}],"wp:attachment":[{"href":"https:\/\/www.cdlbc.com.br\/portal\/wp-json\/wp\/v2\/media?parent=2345"}],"wp:term":[{"taxonomy":"category","embeddable":true,"href":"https:\/\/www.cdlbc.com.br\/portal\/wp-json\/wp\/v2\/categories?post=2345"},{"taxonomy":"post_tag","embeddable":true,"href":"https:\/\/www.cdlbc.com.br\/portal\/wp-json\/wp\/v2\/tags?post=2345"}],"curies":[{"name":"wp","href":"https:\/\/api.w.org\/{rel}","templated":true}]}}