{"id":2344,"date":"2014-06-17T11:58:00","date_gmt":"2014-06-17T11:58:00","guid":{"rendered":"http:\/\/www.cdlbc.com.br\/portal\/noticias\/fgv-estima-defict-na-balanca-comercial-de-2014\/"},"modified":"2014-06-17T11:58:00","modified_gmt":"2014-06-17T11:58:00","slug":"fgv-estima-defict-na-balanca-comercial-de-2014","status":"publish","type":"post","link":"https:\/\/www.cdlbc.com.br\/portal\/noticias\/fgv-estima-defict-na-balanca-comercial-de-2014\/","title":{"rendered":"FGV estima d\u00e9fict na balan\u00e7a comercial de 2014"},"content":{"rendered":"<div class=\"ftpimagefix\" style=\"float:left\"><img decoding=\"async\" width=\"250\" alt=\"Balan\u00e7a comercial deve fechar este ano com d\u00e9ficit de US$ 2 bilh\u00f5es. Foto: Divulga\u00e7\u00e3o\" src=\"http:\/\/economiasc.com.br\/wp-content\/uploads\/2014\/06\/Dinheiro-novo-300x170.jpg\"><\/div>\n<p>Balan\u00e7a comercial deve fechar este ano com d\u00e9ficit de US$ 2 bilh\u00f5es. Foto: Divulga\u00e7\u00e3o<\/p>\n<p>A balan\u00e7a comercial deve fechar este ano com d\u00e9ficit de US$ 2 bilh\u00f5es. A estimativa foi apresentada nesta segunda-feira, dia 16, no Semin\u00e1rio de An\u00e1lise Conjuntural pelo coordenador-geral do Boletim Macro do Instituto Brasileiro de Economia da Funda\u00e7\u00e3o Getulio Vargas (Ibre-FGV), Regis Bonelli. A mudan\u00e7a do panorama, segundo os pesquisadores do Ibre, deve se dar com desacelera\u00e7\u00e3o mais acentuada das importa\u00e7\u00f5es, causada pela atividade econ\u00f4mica mais forte e pelo aumento na produ\u00e7\u00e3o de petr\u00f3leo. \u201cA gente tem visto alguma melhora na margem [aumento na produ\u00e7\u00e3o de petr\u00f3leo], mas teria que ter uma surpresa maior do que se vem observando. Dificilmente teremos super\u00e1vit este ano\u201d, disse a pesquisadora do Ibre, S\u00edlvia Matos.<\/p>\n<p>Para o Produto Interno Bruto (PIB, soma dos bens e riquezas produzidos no pa\u00eds), a previs\u00e3o \u00e9 de crescimento de 1,6% com infla\u00e7\u00e3o em 6,7%. O economista Salom\u00e3o Quadros, tamb\u00e9m do Ibre, informou que os pre\u00e7os administrados como os dos combust\u00edveis, que ficaram comprimidos no ano passado, devem fechar o ano com alta de 5,8%, e para 2015 h\u00e1 a perspectiva de reajuste da energia el\u00e9trica. \u201cEssa vai ser dif\u00edcil controlar, porque os contratos permitem que os custos sejam repassados\u201d, disse.<\/p>\n<p>Para o economista, a estiagem do in\u00edcio do ano afetou diretamente a produ\u00e7\u00e3o agr\u00edcola e provocou eleva\u00e7\u00e3o dos custos da energia el\u00e9trica, e isso marcou a infla\u00e7\u00e3o do per\u00edodo. \u201cEsses pre\u00e7os sobem muito em um primeiro momento, e n\u00e3o recuam [totalmente]. Fica um res\u00edduo para o resto do ano\u201d, explicou.<\/p>\n<p>Apesar do cen\u00e1rio negativo, o economista Regis Bonelli disse que uma das mensagens importantes das avalia\u00e7\u00f5es apresentadas no semin\u00e1rio \u00e9 que o risco n\u00e3o est\u00e1 no setor externo, um fato que sempre amea\u00e7ou o crescimento brasileiro. \u201cEst\u00e1 mais na nossa m\u00e3o resolver os problemas do que nas m\u00e3os do mundo. Sempre que precisamos, no passado, nos negaram financiamento e nos obrigaram a fazer um ajuste tumultuado\u201d, contou.<\/p>\n<p>Bonelli disse que as perspectivas, embora n\u00e3o sejam boas para este ano, n\u00e3o representam nenhuma cat\u00e1strofe. \u201cPara o ano que vem a nossa previs\u00e3o [de crescimento do PIB] \u00e9 um pouco pior do que para este ano, mas tem boas expectativas de que tudo melhore a partir da\u00ed\u201d, analisou. Para 2015, a expectativa do Ibre \u00e9 que o crescimento da atividade econ\u00f4mica seja em torno de 1,2%, com infla\u00e7\u00e3o de 6,8%. <strong>(Ag\u00eancia Brasil)<\/strong><\/p>\n<p>The post FGV estima d\u00e9fict na balan\u00e7a comercial de 2014 appeared first on Economia SC.<\/p>\n<p>Via: <a href=\"http:\/\/economiasc.com.br\/fgv-estima-defict-na-balanca-comercial-de-2014\/\" class=\"colorbox\" title=\"FGV estima d\u00e9fict na balan\u00e7a comercial de 2014\">economiasc.com.br<\/a><\/p>\n","protected":false},"excerpt":{"rendered":"<div class=\"ftpimagefix\" style=\"float:left\"><img decoding=\"async\" width=\"250\" alt=\"Balan\u00e7a comercial deve fechar este ano com d\u00e9ficit de US$ 2 bilh\u00f5es. Foto: Divulga\u00e7\u00e3o\" src=\"http:\/\/economiasc.com.br\/wp-content\/uploads\/2014\/06\/Dinheiro-novo-300x170.jpg\"><\/div>\n<p>Balan\u00e7a comercial deve fechar este ano com d\u00e9ficit de US$ 2 bilh\u00f5es. Foto: Divulga\u00e7\u00e3o<\/p>\n<p>A balan\u00e7a comercial deve fechar este ano com d\u00e9ficit de US$ 2 bilh\u00f5es. A estimativa foi apresentada nesta segunda-feira, dia 16, no Semin\u00e1rio de An\u00e1lise Conjuntural pelo coordenador-geral do Boletim Macro do Instituto Brasileiro de Economia da Funda\u00e7\u00e3o Getulio Vargas (Ibre-FGV), Regis Bonelli. A mudan\u00e7a do panorama, segundo os pesquisadores do Ibre, deve se dar com desacelera\u00e7\u00e3o mais acentuada das importa\u00e7\u00f5es, causada pela atividade econ\u00f4mica mais forte e pelo aumento na produ\u00e7\u00e3o de petr\u00f3leo. \u201cA gente tem visto alguma melhora na margem [aumento na produ\u00e7\u00e3o de petr\u00f3leo], mas teria que ter uma surpresa maior do que se vem observando. Dificilmente teremos super\u00e1vit este ano\u201d, disse a pesquisadora do Ibre, S\u00edlvia Matos.<\/p>\n<p>Para o Produto Interno Bruto (PIB, soma dos bens e riquezas produzidos no pa\u00eds), a previs\u00e3o \u00e9 de crescimento de 1,6% com infla\u00e7\u00e3o em 6,7%. O economista Salom\u00e3o Quadros, tamb\u00e9m do Ibre, informou que os pre\u00e7os administrados como os dos combust\u00edveis, que ficaram comprimidos no ano passado, devem fechar o ano com alta de 5,8%, e para 2015 h\u00e1 a perspectiva de reajuste da energia el\u00e9trica. \u201cEssa vai ser dif\u00edcil controlar, porque os contratos permitem que os custos sejam repassados\u201d, disse.<\/p>\n<p>Para o economista, a estiagem do in\u00edcio do ano afetou diretamente a produ\u00e7\u00e3o agr\u00edcola e provocou eleva\u00e7\u00e3o dos custos da energia el\u00e9trica, e isso marcou a infla\u00e7\u00e3o do per\u00edodo. \u201cEsses pre\u00e7os sobem muito em um primeiro momento, e n\u00e3o recuam [totalmente]. Fica um res\u00edduo para o resto do ano\u201d, explicou.<\/p>\n<p>Apesar do cen\u00e1rio negativo, o economista Regis Bonelli disse que uma das mensagens importantes das avalia\u00e7\u00f5es apresentadas no semin\u00e1rio \u00e9 que o risco n\u00e3o est\u00e1 no setor externo, um fato que sempre amea\u00e7ou o crescimento brasileiro. \u201cEst\u00e1 mais na nossa m\u00e3o resolver os problemas do que nas m\u00e3os do mundo. Sempre que precisamos, no passado, nos negaram financiamento e nos obrigaram a fazer um ajuste tumultuado\u201d, contou.<\/p>\n<p>Bonelli disse que as perspectivas, embora n\u00e3o sejam boas para este ano, n\u00e3o representam nenhuma cat\u00e1strofe. \u201cPara o ano que vem a nossa previs\u00e3o [de crescimento do PIB] \u00e9 um pouco pior do que para este ano, mas tem boas expectativas de que tudo melhore a partir da\u00ed\u201d, analisou. Para 2015, a expectativa do Ibre \u00e9 que o crescimento da atividade econ\u00f4mica seja em torno de 1,2%, com infla\u00e7\u00e3o de 6,8%. <strong>(Ag\u00eancia Brasil)<\/strong><\/p>\n<p>The post FGV estima d\u00e9fict na balan\u00e7a comercial de 2014 appeared first on Economia SC.<\/p>\n","protected":false},"author":1,"featured_media":0,"comment_status":"open","ping_status":"open","sticky":false,"template":"","format":"standard","meta":{"footnotes":""},"categories":[5],"tags":[],"class_list":["post-2344","post","type-post","status-publish","format-standard","hentry","category-noticias","no-post-thumbnail"],"_links":{"self":[{"href":"https:\/\/www.cdlbc.com.br\/portal\/wp-json\/wp\/v2\/posts\/2344","targetHints":{"allow":["GET"]}}],"collection":[{"href":"https:\/\/www.cdlbc.com.br\/portal\/wp-json\/wp\/v2\/posts"}],"about":[{"href":"https:\/\/www.cdlbc.com.br\/portal\/wp-json\/wp\/v2\/types\/post"}],"author":[{"embeddable":true,"href":"https:\/\/www.cdlbc.com.br\/portal\/wp-json\/wp\/v2\/users\/1"}],"replies":[{"embeddable":true,"href":"https:\/\/www.cdlbc.com.br\/portal\/wp-json\/wp\/v2\/comments?post=2344"}],"version-history":[{"count":0,"href":"https:\/\/www.cdlbc.com.br\/portal\/wp-json\/wp\/v2\/posts\/2344\/revisions"}],"wp:attachment":[{"href":"https:\/\/www.cdlbc.com.br\/portal\/wp-json\/wp\/v2\/media?parent=2344"}],"wp:term":[{"taxonomy":"category","embeddable":true,"href":"https:\/\/www.cdlbc.com.br\/portal\/wp-json\/wp\/v2\/categories?post=2344"},{"taxonomy":"post_tag","embeddable":true,"href":"https:\/\/www.cdlbc.com.br\/portal\/wp-json\/wp\/v2\/tags?post=2344"}],"curies":[{"name":"wp","href":"https:\/\/api.w.org\/{rel}","templated":true}]}}