{"id":2342,"date":"2014-06-16T21:38:00","date_gmt":"2014-06-16T21:38:00","guid":{"rendered":"http:\/\/www.cdlbc.com.br\/portal\/noticias\/tim-informa-que-linha-49-sera-restabelecida-hoje\/"},"modified":"2014-06-16T21:38:00","modified_gmt":"2014-06-16T21:38:00","slug":"tim-informa-que-linha-49-sera-restabelecida-hoje","status":"publish","type":"post","link":"https:\/\/www.cdlbc.com.br\/portal\/noticias\/tim-informa-que-linha-49-sera-restabelecida-hoje\/","title":{"rendered":"TIM informa que linha 49 ser\u00e1 restabelecida hoje"},"content":{"rendered":"<p>A TIM divulgou uma nota  informando que seu sistema passa por instabilidade nos munic\u00edpios de DDD 49, o que pode estar  ocasionado falhas para efetuar ou receber chamadas. As dificuldades est\u00e3o sendo causadas devido a um duplo rompimento de <a class=\"colorbox\" href=\"http:\/\/economiasc.com.br\/cabo-de-fibra-rompe-e-afeta-usuarios-da-tim-em-sc\/\">fibra \u00f3tica<\/a> na rede que interliga a regi\u00e3o de Chapec\u00f3 ao restante do pa\u00eds.<\/p>\n<p>T\u00e9cnicos da operadora j\u00e1 est\u00e3o trabalhando nos  locais de rompimento para que os servi\u00e7os sejam restabelecidos.  A previs\u00e3o de retorno \u00e9 at\u00e9 o final desta segunda-feira, dia 16. A empresa lamentou os eventuais transtornos.<\/p>\n<\/p>\n<p><i> <\/i><\/p>\n<p>The post <a class=\"colorbox\" rel=\"nofollow\" href=\"http:\/\/economiasc.com.br\/tim-informa-que-linha-49-sera-restabelecida-hoje\/\">TIM informa que linha 49 ser\u00e1 restabelecida hoje<\/a> appeared first on <a class=\"colorbox\" rel=\"nofollow\" href=\"http:\/\/economiasc.com.br\/\">Economia SC<\/a>.<\/p>\n<p>Via: <a href=\"http:\/\/economiasc.com.br\/tim-informa-que-linha-49-sera-restabelecida-hoje\/\" class=\"colorbox\" title=\"TIM informa que linha 49 ser\u00e1 restabelecida hoje\">economiasc.com.br<\/a><\/p>\n","protected":false},"excerpt":{"rendered":"<p>A TIM divulgou uma nota  informando que seu sistema passa por instabilidade nos munic\u00edpios de DDD 49, o que pode estar  ocasionado falhas para efetuar ou receber chamadas. As dificuldades est\u00e3o sendo causadas devido a um duplo rompimento de <a class=\"colorbox\" href=\"http:\/\/economiasc.com.br\/cabo-de-fibra-rompe-e-afeta-usuarios-da-tim-em-sc\/\">fibra \u00f3tica<\/a> na rede que interliga a regi\u00e3o de Chapec\u00f3 ao restante do pa\u00eds.<\/p>\n<p>T\u00e9cnicos da operadora j\u00e1 est\u00e3o trabalhando nos  locais de rompimento para que os servi\u00e7os sejam restabelecidos.  A previs\u00e3o de retorno \u00e9 at\u00e9 o final desta segunda-feira, dia 16. A empresa lamentou os eventuais transtornos.<\/p>\n<\/p>\n<p><i> <\/i><\/p>\n<p>The post <a class=\"colorbox\" rel=\"nofollow\" href=\"http:\/\/economiasc.com.br\/tim-informa-que-linha-49-sera-restabelecida-hoje\/\">TIM informa que linha 49 ser\u00e1 restabelecida hoje<\/a> appeared first on <a class=\"colorbox\" rel=\"nofollow\" href=\"http:\/\/economiasc.com.br\/\">Economia SC<\/a>.<\/p>\n","protected":false},"author":1,"featured_media":0,"comment_status":"open","ping_status":"open","sticky":false,"template":"","format":"standard","meta":{"footnotes":""},"categories":[5],"tags":[],"class_list":["post-2342","post","type-post","status-publish","format-standard","hentry","category-noticias","no-post-thumbnail"],"_links":{"self":[{"href":"https:\/\/www.cdlbc.com.br\/portal\/wp-json\/wp\/v2\/posts\/2342","targetHints":{"allow":["GET"]}}],"collection":[{"href":"https:\/\/www.cdlbc.com.br\/portal\/wp-json\/wp\/v2\/posts"}],"about":[{"href":"https:\/\/www.cdlbc.com.br\/portal\/wp-json\/wp\/v2\/types\/post"}],"author":[{"embeddable":true,"href":"https:\/\/www.cdlbc.com.br\/portal\/wp-json\/wp\/v2\/users\/1"}],"replies":[{"embeddable":true,"href":"https:\/\/www.cdlbc.com.br\/portal\/wp-json\/wp\/v2\/comments?post=2342"}],"version-history":[{"count":0,"href":"https:\/\/www.cdlbc.com.br\/portal\/wp-json\/wp\/v2\/posts\/2342\/revisions"}],"wp:attachment":[{"href":"https:\/\/www.cdlbc.com.br\/portal\/wp-json\/wp\/v2\/media?parent=2342"}],"wp:term":[{"taxonomy":"category","embeddable":true,"href":"https:\/\/www.cdlbc.com.br\/portal\/wp-json\/wp\/v2\/categories?post=2342"},{"taxonomy":"post_tag","embeddable":true,"href":"https:\/\/www.cdlbc.com.br\/portal\/wp-json\/wp\/v2\/tags?post=2342"}],"curies":[{"name":"wp","href":"https:\/\/api.w.org\/{rel}","templated":true}]}}