{"id":2341,"date":"2014-06-16T21:07:00","date_gmt":"2014-06-16T21:07:00","guid":{"rendered":"http:\/\/www.cdlbc.com.br\/portal\/noticias\/morre-ralf-karsten-ex-presidente-da-karsten\/"},"modified":"2014-06-16T21:07:00","modified_gmt":"2014-06-16T21:07:00","slug":"morre-ralf-karsten-ex-presidente-da-karsten","status":"publish","type":"post","link":"https:\/\/www.cdlbc.com.br\/portal\/noticias\/morre-ralf-karsten-ex-presidente-da-karsten\/","title":{"rendered":"Morre Ralf Karsten, ex-presidente da Karsten"},"content":{"rendered":"<p>O ex-presidente da ind\u00fastria t\u00eaxtil blumenauense, Companhia T\u00eaxtil Karsten, Ralf Karsten, uma das maiores exportadoras de artigos de cama, mesa e banho do Brasil, morreu na manh\u00e3 desta segunda-feira, dia 16, aos 87 anos, em Curitiba. Pai de Jo\u00e3o Karsten Neto, membro do conselho de administra\u00e7\u00e3o, Ralf era neto do fundador da empresa, Johann Karsten, e presidiu a f\u00e1brica sediada no bairro Badenfurt, em Blumenau, nos anos de 1990.<\/p>\n<p>The post <a class=\"colorbox\" rel=\"nofollow\" href=\"http:\/\/economiasc.com.br\/morre-ralf-karsten-ex-presidente-da-karsten\/\">Morre Ralf Karsten, ex-presidente da Karsten<\/a> appeared first on <a class=\"colorbox\" rel=\"nofollow\" href=\"http:\/\/economiasc.com.br\/\">Economia SC<\/a>.<\/p>\n<p>Via: <a href=\"http:\/\/economiasc.com.br\/morre-ralf-karsten-ex-presidente-da-karsten\/\" class=\"colorbox\" title=\"Morre Ralf Karsten, ex-presidente da Karsten\">economiasc.com.br<\/a><\/p>\n","protected":false},"excerpt":{"rendered":"<p>O ex-presidente da ind\u00fastria t\u00eaxtil blumenauense, Companhia T\u00eaxtil Karsten, Ralf Karsten, uma das maiores exportadoras de artigos de cama, mesa e banho do Brasil, morreu na manh\u00e3 desta segunda-feira, dia 16, aos 87 anos, em Curitiba. Pai de Jo\u00e3o Karsten Neto, membro do conselho de administra\u00e7\u00e3o, Ralf era neto do fundador da empresa, Johann Karsten, e presidiu a f\u00e1brica sediada no bairro Badenfurt, em Blumenau, nos anos de 1990.<\/p>\n<p>The post <a class=\"colorbox\" rel=\"nofollow\" href=\"http:\/\/economiasc.com.br\/morre-ralf-karsten-ex-presidente-da-karsten\/\">Morre Ralf Karsten, ex-presidente da Karsten<\/a> appeared first on <a class=\"colorbox\" rel=\"nofollow\" href=\"http:\/\/economiasc.com.br\/\">Economia SC<\/a>.<\/p>\n","protected":false},"author":1,"featured_media":0,"comment_status":"open","ping_status":"open","sticky":false,"template":"","format":"standard","meta":{"footnotes":""},"categories":[5],"tags":[],"class_list":["post-2341","post","type-post","status-publish","format-standard","hentry","category-noticias","no-post-thumbnail"],"_links":{"self":[{"href":"https:\/\/www.cdlbc.com.br\/portal\/wp-json\/wp\/v2\/posts\/2341","targetHints":{"allow":["GET"]}}],"collection":[{"href":"https:\/\/www.cdlbc.com.br\/portal\/wp-json\/wp\/v2\/posts"}],"about":[{"href":"https:\/\/www.cdlbc.com.br\/portal\/wp-json\/wp\/v2\/types\/post"}],"author":[{"embeddable":true,"href":"https:\/\/www.cdlbc.com.br\/portal\/wp-json\/wp\/v2\/users\/1"}],"replies":[{"embeddable":true,"href":"https:\/\/www.cdlbc.com.br\/portal\/wp-json\/wp\/v2\/comments?post=2341"}],"version-history":[{"count":0,"href":"https:\/\/www.cdlbc.com.br\/portal\/wp-json\/wp\/v2\/posts\/2341\/revisions"}],"wp:attachment":[{"href":"https:\/\/www.cdlbc.com.br\/portal\/wp-json\/wp\/v2\/media?parent=2341"}],"wp:term":[{"taxonomy":"category","embeddable":true,"href":"https:\/\/www.cdlbc.com.br\/portal\/wp-json\/wp\/v2\/categories?post=2341"},{"taxonomy":"post_tag","embeddable":true,"href":"https:\/\/www.cdlbc.com.br\/portal\/wp-json\/wp\/v2\/tags?post=2341"}],"curies":[{"name":"wp","href":"https:\/\/api.w.org\/{rel}","templated":true}]}}