{"id":2339,"date":"2014-06-16T17:32:00","date_gmt":"2014-06-16T17:32:00","guid":{"rendered":"http:\/\/www.cdlbc.com.br\/portal\/noticias\/cabo-de-fibra-rompe-e-afeta-usuarios-da-tim-em-sc\/"},"modified":"2014-06-16T17:32:00","modified_gmt":"2014-06-16T17:32:00","slug":"cabo-de-fibra-rompe-e-afeta-usuarios-da-tim-em-sc","status":"publish","type":"post","link":"https:\/\/www.cdlbc.com.br\/portal\/noticias\/cabo-de-fibra-rompe-e-afeta-usuarios-da-tim-em-sc\/","title":{"rendered":"Cabo de fibra rompe e afeta usu\u00e1rios da TIM em SC"},"content":{"rendered":"<p>O rompimento de um cabo de fibra \u00f3tica interrompeu o sinal da operadora de telefonia TIM e deixou os celulares sem comunica\u00e7\u00e3o na \u00e1rea (49) nesta segunda-feira, dia 16. Em raz\u00e3o destes problemas, os usu\u00e1rios n\u00e3o conseguem originar e nem receber liga\u00e7\u00f5es. De acordo com os funcion\u00e1rios da revenda TIM de Joa\u00e7aba, a previs\u00e3o \u00e9 que o servi\u00e7o seja restabelecido ainda hoje at\u00e9 as 18h. <strong>(R\u00e1dio Catarinense de Joa\u00e7aba)<\/strong><\/p>\n<p>The post <a class=\"colorbox\" rel=\"nofollow\" href=\"http:\/\/economiasc.com.br\/cabo-de-fibra-rompe-e-afeta-usuarios-da-tim-em-sc\/\">Cabo de fibra rompe e afeta usu\u00e1rios da TIM em SC<\/a> appeared first on <a class=\"colorbox\" rel=\"nofollow\" href=\"http:\/\/economiasc.com.br\/\">Economia SC<\/a>.<\/p>\n<p>Via: <a href=\"http:\/\/economiasc.com.br\/cabo-de-fibra-rompe-e-afeta-usuarios-da-tim-em-sc\/\" class=\"colorbox\" title=\"Cabo de fibra rompe e afeta usu\u00e1rios da TIM em SC\">economiasc.com.br<\/a><\/p>\n","protected":false},"excerpt":{"rendered":"<p>O rompimento de um cabo de fibra \u00f3tica interrompeu o sinal da operadora de telefonia TIM e deixou os celulares sem comunica\u00e7\u00e3o na \u00e1rea (49) nesta segunda-feira, dia 16. Em raz\u00e3o destes problemas, os usu\u00e1rios n\u00e3o conseguem originar e nem receber liga\u00e7\u00f5es. De acordo com os funcion\u00e1rios da revenda TIM de Joa\u00e7aba, a previs\u00e3o \u00e9 que o servi\u00e7o seja restabelecido ainda hoje at\u00e9 as 18h. <strong>(R\u00e1dio Catarinense de Joa\u00e7aba)<\/strong><\/p>\n<p>The post <a class=\"colorbox\" rel=\"nofollow\" href=\"http:\/\/economiasc.com.br\/cabo-de-fibra-rompe-e-afeta-usuarios-da-tim-em-sc\/\">Cabo de fibra rompe e afeta usu\u00e1rios da TIM em SC<\/a> appeared first on <a class=\"colorbox\" rel=\"nofollow\" href=\"http:\/\/economiasc.com.br\/\">Economia SC<\/a>.<\/p>\n","protected":false},"author":1,"featured_media":0,"comment_status":"open","ping_status":"open","sticky":false,"template":"","format":"standard","meta":{"footnotes":""},"categories":[5],"tags":[],"class_list":["post-2339","post","type-post","status-publish","format-standard","hentry","category-noticias","no-post-thumbnail"],"_links":{"self":[{"href":"https:\/\/www.cdlbc.com.br\/portal\/wp-json\/wp\/v2\/posts\/2339","targetHints":{"allow":["GET"]}}],"collection":[{"href":"https:\/\/www.cdlbc.com.br\/portal\/wp-json\/wp\/v2\/posts"}],"about":[{"href":"https:\/\/www.cdlbc.com.br\/portal\/wp-json\/wp\/v2\/types\/post"}],"author":[{"embeddable":true,"href":"https:\/\/www.cdlbc.com.br\/portal\/wp-json\/wp\/v2\/users\/1"}],"replies":[{"embeddable":true,"href":"https:\/\/www.cdlbc.com.br\/portal\/wp-json\/wp\/v2\/comments?post=2339"}],"version-history":[{"count":0,"href":"https:\/\/www.cdlbc.com.br\/portal\/wp-json\/wp\/v2\/posts\/2339\/revisions"}],"wp:attachment":[{"href":"https:\/\/www.cdlbc.com.br\/portal\/wp-json\/wp\/v2\/media?parent=2339"}],"wp:term":[{"taxonomy":"category","embeddable":true,"href":"https:\/\/www.cdlbc.com.br\/portal\/wp-json\/wp\/v2\/categories?post=2339"},{"taxonomy":"post_tag","embeddable":true,"href":"https:\/\/www.cdlbc.com.br\/portal\/wp-json\/wp\/v2\/tags?post=2339"}],"curies":[{"name":"wp","href":"https:\/\/api.w.org\/{rel}","templated":true}]}}