{"id":2337,"date":"2014-06-16T16:06:00","date_gmt":"2014-06-16T16:06:00","guid":{"rendered":"http:\/\/www.cdlbc.com.br\/portal\/noticias\/mantega-anuncia-incentivo-ao-mercado-de-capitais\/"},"modified":"2014-06-16T16:06:00","modified_gmt":"2014-06-16T16:06:00","slug":"mantega-anuncia-incentivo-ao-mercado-de-capitais","status":"publish","type":"post","link":"https:\/\/www.cdlbc.com.br\/portal\/noticias\/mantega-anuncia-incentivo-ao-mercado-de-capitais\/","title":{"rendered":"Mantega anuncia incentivo ao mercado de capitais"},"content":{"rendered":"<div class=\"ftpimagefix\" style=\"float:left\"><img decoding=\"async\" width=\"250\" alt=\"Medida \u00e9 v\u00e1lida para empresas com valor de mercado inferior a R$ 700 milh\u00f5es. Foto: Divulga\u00e7\u00e3o\" src=\"http:\/\/economiasc.com.br\/wp-content\/uploads\/2014\/06\/Guido-Mantega-1-300x194.jpg\"><\/div>\n<p>Medida \u00e9 v\u00e1lida para empresas com valor de mercado inferior a R$ 700 milh\u00f5es. Foto: Divulga\u00e7\u00e3o<\/p>\n<p>O ministro da Fazenda, Guido Mantega, anunciou nesta segunda-feira, dia 16, em S\u00e3o Paulo, medidas para incentivar o acesso de empresas de m\u00e9dio porte ao mercado de capitais. A isen\u00e7\u00e3o de imposto de renda sobre ganho de capital, que hoje est\u00e1 em 15%, \u00e9 uma das a\u00e7\u00f5es previstas at\u00e9 2023. A medida \u00e9 v\u00e1lida para empresas com valor de mercado inferior a R$ 700 milh\u00f5es. \u201cQueremos permitir a expans\u00e3o dessas empresas no Brasil\u201d, declarou, durante a cerim\u00f4nia na Bolsa de Mercadorias e Futuros \u2013 BM&amp;F Bovespa.<\/p>\n<p>Mantega estima que o impacto fiscal dessas medidas seja pequeno, tendo em vista que, atualmente, 11 empresas desse porte atuam na bolsa. \u201cNovas empresas n\u00e3o entrariam, ou entrariam muito devagar, se n\u00e3o fiz\u00e9ssemos essas medidas. Praticamente, estamos falando de algumas dezenas de milh\u00f5es\u201d, apontou, sem definir valor exato, que ainda ser\u00e1 calculado. De acordo com a Bovespa, o potencial \u00e9 que 15 mil empresas possam se habilitar a abrir capitais. \u201c\u00c9 uma forma de financiamento mais barato: a capitaliza\u00e7\u00e3o das empresas, adquirindo um s\u00f3cio\u201d, destacou.<\/p>\n<p>A outra medida foi cria\u00e7\u00e3o de um grupo de trabalho, formado pelo governo e pela Bovespa, para apresentar em 90 dias uma proposta de facilitar o recolhimento de imposto de renda. Segundo o ministro, os incentivos ser\u00e3o detalhados em medida provis\u00f3ria que deve ser publicada em at\u00e9 duas semanas. \u201cEstamos vendo se \u00e9 vi\u00e1vel tecnicamente fazer valer de imediato essa redu\u00e7\u00e3o do imposto de renda\u201d, explicou. Ele espera que essas medidas estimulem o investimento de pessoas f\u00edsicas. \u201cEsperamos que isso atraia a poupan\u00e7a privada para a produ\u00e7\u00e3o\u201d, declarou.<\/p>\n<p>Durante o evento, Mantega anunciou tamb\u00e9m a prorroga\u00e7\u00e3o para 31 de dezembro de 2020 dos incentivos tribut\u00e1rios para emiss\u00e3o de deb\u00eantures de infraestrutura. Criada em 2011, a medida tinha prazo de cinco anos. Al\u00e9m disso, o minist\u00e9rio incluiu a possibilidade de projetos na \u00e1rea de educa\u00e7\u00e3o, sa\u00fade, h\u00eddrica e irriga\u00e7\u00e3o e ambiental. Atualmente, a medida vale apra os setores de transporte, mobilidade urbana, log\u00edstica, saneamento b\u00e1sico, energia, radiodifus\u00e3o, irriga\u00e7\u00e3o e telecomunica\u00e7\u00e3o.<strong> (Ag\u00eancia Brasil)<\/strong><\/p>\n<p>The post Mantega anuncia incentivo ao mercado de capitais appeared first on Economia SC.<\/p>\n<p>Via: <a href=\"http:\/\/economiasc.com.br\/mantega-anuncia-incentivo-ao-mercado-de-capitais\/\" class=\"colorbox\" title=\"Mantega anuncia incentivo ao mercado de capitais\">economiasc.com.br<\/a><\/p>\n","protected":false},"excerpt":{"rendered":"<div class=\"ftpimagefix\" style=\"float:left\"><img decoding=\"async\" width=\"250\" alt=\"Medida \u00e9 v\u00e1lida para empresas com valor de mercado inferior a R$ 700 milh\u00f5es. Foto: Divulga\u00e7\u00e3o\" src=\"http:\/\/economiasc.com.br\/wp-content\/uploads\/2014\/06\/Guido-Mantega-1-300x194.jpg\"><\/div>\n<p>Medida \u00e9 v\u00e1lida para empresas com valor de mercado inferior a R$ 700 milh\u00f5es. Foto: Divulga\u00e7\u00e3o<\/p>\n<p>O ministro da Fazenda, Guido Mantega, anunciou nesta segunda-feira, dia 16, em S\u00e3o Paulo, medidas para incentivar o acesso de empresas de m\u00e9dio porte ao mercado de capitais. A isen\u00e7\u00e3o de imposto de renda sobre ganho de capital, que hoje est\u00e1 em 15%, \u00e9 uma das a\u00e7\u00f5es previstas at\u00e9 2023. A medida \u00e9 v\u00e1lida para empresas com valor de mercado inferior a R$ 700 milh\u00f5es. \u201cQueremos permitir a expans\u00e3o dessas empresas no Brasil\u201d, declarou, durante a cerim\u00f4nia na Bolsa de Mercadorias e Futuros \u2013 BM&amp;F Bovespa.<\/p>\n<p>Mantega estima que o impacto fiscal dessas medidas seja pequeno, tendo em vista que, atualmente, 11 empresas desse porte atuam na bolsa. \u201cNovas empresas n\u00e3o entrariam, ou entrariam muito devagar, se n\u00e3o fiz\u00e9ssemos essas medidas. Praticamente, estamos falando de algumas dezenas de milh\u00f5es\u201d, apontou, sem definir valor exato, que ainda ser\u00e1 calculado. De acordo com a Bovespa, o potencial \u00e9 que 15 mil empresas possam se habilitar a abrir capitais. \u201c\u00c9 uma forma de financiamento mais barato: a capitaliza\u00e7\u00e3o das empresas, adquirindo um s\u00f3cio\u201d, destacou.<\/p>\n<p>A outra medida foi cria\u00e7\u00e3o de um grupo de trabalho, formado pelo governo e pela Bovespa, para apresentar em 90 dias uma proposta de facilitar o recolhimento de imposto de renda. Segundo o ministro, os incentivos ser\u00e3o detalhados em medida provis\u00f3ria que deve ser publicada em at\u00e9 duas semanas. \u201cEstamos vendo se \u00e9 vi\u00e1vel tecnicamente fazer valer de imediato essa redu\u00e7\u00e3o do imposto de renda\u201d, explicou. Ele espera que essas medidas estimulem o investimento de pessoas f\u00edsicas. \u201cEsperamos que isso atraia a poupan\u00e7a privada para a produ\u00e7\u00e3o\u201d, declarou.<\/p>\n<p>Durante o evento, Mantega anunciou tamb\u00e9m a prorroga\u00e7\u00e3o para 31 de dezembro de 2020 dos incentivos tribut\u00e1rios para emiss\u00e3o de deb\u00eantures de infraestrutura. Criada em 2011, a medida tinha prazo de cinco anos. Al\u00e9m disso, o minist\u00e9rio incluiu a possibilidade de projetos na \u00e1rea de educa\u00e7\u00e3o, sa\u00fade, h\u00eddrica e irriga\u00e7\u00e3o e ambiental. Atualmente, a medida vale apra os setores de transporte, mobilidade urbana, log\u00edstica, saneamento b\u00e1sico, energia, radiodifus\u00e3o, irriga\u00e7\u00e3o e telecomunica\u00e7\u00e3o.<strong> (Ag\u00eancia Brasil)<\/strong><\/p>\n<p>The post Mantega anuncia incentivo ao mercado de capitais appeared first on Economia SC.<\/p>\n","protected":false},"author":1,"featured_media":0,"comment_status":"open","ping_status":"open","sticky":false,"template":"","format":"standard","meta":{"footnotes":""},"categories":[5],"tags":[],"class_list":["post-2337","post","type-post","status-publish","format-standard","hentry","category-noticias","no-post-thumbnail"],"_links":{"self":[{"href":"https:\/\/www.cdlbc.com.br\/portal\/wp-json\/wp\/v2\/posts\/2337","targetHints":{"allow":["GET"]}}],"collection":[{"href":"https:\/\/www.cdlbc.com.br\/portal\/wp-json\/wp\/v2\/posts"}],"about":[{"href":"https:\/\/www.cdlbc.com.br\/portal\/wp-json\/wp\/v2\/types\/post"}],"author":[{"embeddable":true,"href":"https:\/\/www.cdlbc.com.br\/portal\/wp-json\/wp\/v2\/users\/1"}],"replies":[{"embeddable":true,"href":"https:\/\/www.cdlbc.com.br\/portal\/wp-json\/wp\/v2\/comments?post=2337"}],"version-history":[{"count":0,"href":"https:\/\/www.cdlbc.com.br\/portal\/wp-json\/wp\/v2\/posts\/2337\/revisions"}],"wp:attachment":[{"href":"https:\/\/www.cdlbc.com.br\/portal\/wp-json\/wp\/v2\/media?parent=2337"}],"wp:term":[{"taxonomy":"category","embeddable":true,"href":"https:\/\/www.cdlbc.com.br\/portal\/wp-json\/wp\/v2\/categories?post=2337"},{"taxonomy":"post_tag","embeddable":true,"href":"https:\/\/www.cdlbc.com.br\/portal\/wp-json\/wp\/v2\/tags?post=2337"}],"curies":[{"name":"wp","href":"https:\/\/api.w.org\/{rel}","templated":true}]}}