{"id":2336,"date":"2014-06-16T14:47:00","date_gmt":"2014-06-16T14:47:00","guid":{"rendered":"http:\/\/www.cdlbc.com.br\/portal\/noticias\/intencao-de-consumo-das-familias-cai-16-em-junho\/"},"modified":"2014-06-16T14:47:00","modified_gmt":"2014-06-16T14:47:00","slug":"intencao-de-consumo-das-familias-cai-16-em-junho","status":"publish","type":"post","link":"https:\/\/www.cdlbc.com.br\/portal\/noticias\/intencao-de-consumo-das-familias-cai-16-em-junho\/","title":{"rendered":"Inten\u00e7\u00e3o de consumo das fam\u00edlias cai 1,6% em junho"},"content":{"rendered":"<div class=\"ftpimagefix\" style=\"float:left\"><img decoding=\"async\" width=\"250\" alt=\"Na compara\u00e7\u00e3o com junho de 2013, o indicador apresentou redu\u00e7\u00e3o de 7,4%. Foto: Divulga\u00e7\u00e3o\" src=\"http:\/\/economiasc.com.br\/wp-content\/uploads\/2014\/06\/consumo-fecom%C3%A9rcio-300x176.jpg\"><\/div>\n<p>Na compara\u00e7\u00e3o com junho de 2013, o indicador apresentou redu\u00e7\u00e3o de 7,4%. Foto: Divulga\u00e7\u00e3o<\/p>\n<p>A Inten\u00e7\u00e3o de Consumo das Fam\u00edlias (ICF) recuou 1,6% em junho deste ano, na compara\u00e7\u00e3o com o m\u00eas anterior, atingindo, pela segunda vez consecutiva, o patamar mais baixo da s\u00e9rie hist\u00f3rica (iniciada em janeiro de 2010). A pesquisa, da Confedera\u00e7\u00e3o Nacional do Com\u00e9rcio de Bens, Servi\u00e7os e Turismo (CNC), busca analisar a disposi\u00e7\u00e3o das fam\u00edlias brasileiras em consumir.<\/p>\n<p>Segundo a economista da CNC Juliana Serapio, as principais explica\u00e7\u00f5es para a queda da inten\u00e7\u00e3o de consumo s\u00e3o as altas dos juros e da infla\u00e7\u00e3o nos \u00faltimos meses. Entre os sete componentes usados para medir o \u00edndice, apenas dois aumentaram de maio para junho: a inten\u00e7\u00e3o de compra a prazo (que subiu 1%) e o n\u00edvel de consumo atual (que cresceu 0,3%).<\/p>\n<p>Entre os cinco componentes em queda, o pior resultado foi observado no momento para a compra de bens dur\u00e1veis (-4,5%). Em seguida, aparecem perspectiva profissional (-3%), perspectiva de consumo (-2,6%), avalia\u00e7\u00e3o do emprego atual (-1,3%) e avalia\u00e7\u00e3o da renda atual (-1%).<\/p>\n<p>Na compara\u00e7\u00e3o com junho de 2013, o ICF apresentou redu\u00e7\u00e3o de 7,4%. Os sete componentes do \u00edndice tiveram piora nesse tipo de compara\u00e7\u00e3o, com destaque para a inten\u00e7\u00e3o de consumo de bens dur\u00e1veis, que caiu 20,9%. <strong>(Ag\u00eancia Brasil)<\/strong><\/p>\n<p>The post Inten\u00e7\u00e3o de consumo das fam\u00edlias cai 1,6% em junho appeared first on Economia SC.<\/p>\n<p>Via: <a href=\"http:\/\/economiasc.com.br\/intencao-de-consumo-das-familias-cai-16-em-junho\/\" class=\"colorbox\" title=\"Inten\u00e7\u00e3o de consumo das fam\u00edlias cai 1,6% em junho\">economiasc.com.br<\/a><\/p>\n","protected":false},"excerpt":{"rendered":"<div class=\"ftpimagefix\" style=\"float:left\"><img decoding=\"async\" width=\"250\" alt=\"Na compara\u00e7\u00e3o com junho de 2013, o indicador apresentou redu\u00e7\u00e3o de 7,4%. Foto: Divulga\u00e7\u00e3o\" src=\"http:\/\/economiasc.com.br\/wp-content\/uploads\/2014\/06\/consumo-fecom%C3%A9rcio-300x176.jpg\"><\/div>\n<p>Na compara\u00e7\u00e3o com junho de 2013, o indicador apresentou redu\u00e7\u00e3o de 7,4%. Foto: Divulga\u00e7\u00e3o<\/p>\n<p>A Inten\u00e7\u00e3o de Consumo das Fam\u00edlias (ICF) recuou 1,6% em junho deste ano, na compara\u00e7\u00e3o com o m\u00eas anterior, atingindo, pela segunda vez consecutiva, o patamar mais baixo da s\u00e9rie hist\u00f3rica (iniciada em janeiro de 2010). A pesquisa, da Confedera\u00e7\u00e3o Nacional do Com\u00e9rcio de Bens, Servi\u00e7os e Turismo (CNC), busca analisar a disposi\u00e7\u00e3o das fam\u00edlias brasileiras em consumir.<\/p>\n<p>Segundo a economista da CNC Juliana Serapio, as principais explica\u00e7\u00f5es para a queda da inten\u00e7\u00e3o de consumo s\u00e3o as altas dos juros e da infla\u00e7\u00e3o nos \u00faltimos meses. Entre os sete componentes usados para medir o \u00edndice, apenas dois aumentaram de maio para junho: a inten\u00e7\u00e3o de compra a prazo (que subiu 1%) e o n\u00edvel de consumo atual (que cresceu 0,3%).<\/p>\n<p>Entre os cinco componentes em queda, o pior resultado foi observado no momento para a compra de bens dur\u00e1veis (-4,5%). Em seguida, aparecem perspectiva profissional (-3%), perspectiva de consumo (-2,6%), avalia\u00e7\u00e3o do emprego atual (-1,3%) e avalia\u00e7\u00e3o da renda atual (-1%).<\/p>\n<p>Na compara\u00e7\u00e3o com junho de 2013, o ICF apresentou redu\u00e7\u00e3o de 7,4%. Os sete componentes do \u00edndice tiveram piora nesse tipo de compara\u00e7\u00e3o, com destaque para a inten\u00e7\u00e3o de consumo de bens dur\u00e1veis, que caiu 20,9%. <strong>(Ag\u00eancia Brasil)<\/strong><\/p>\n<p>The post Inten\u00e7\u00e3o de consumo das fam\u00edlias cai 1,6% em junho appeared first on Economia SC.<\/p>\n","protected":false},"author":1,"featured_media":0,"comment_status":"open","ping_status":"open","sticky":false,"template":"","format":"standard","meta":{"footnotes":""},"categories":[5],"tags":[],"class_list":["post-2336","post","type-post","status-publish","format-standard","hentry","category-noticias","no-post-thumbnail"],"_links":{"self":[{"href":"https:\/\/www.cdlbc.com.br\/portal\/wp-json\/wp\/v2\/posts\/2336","targetHints":{"allow":["GET"]}}],"collection":[{"href":"https:\/\/www.cdlbc.com.br\/portal\/wp-json\/wp\/v2\/posts"}],"about":[{"href":"https:\/\/www.cdlbc.com.br\/portal\/wp-json\/wp\/v2\/types\/post"}],"author":[{"embeddable":true,"href":"https:\/\/www.cdlbc.com.br\/portal\/wp-json\/wp\/v2\/users\/1"}],"replies":[{"embeddable":true,"href":"https:\/\/www.cdlbc.com.br\/portal\/wp-json\/wp\/v2\/comments?post=2336"}],"version-history":[{"count":0,"href":"https:\/\/www.cdlbc.com.br\/portal\/wp-json\/wp\/v2\/posts\/2336\/revisions"}],"wp:attachment":[{"href":"https:\/\/www.cdlbc.com.br\/portal\/wp-json\/wp\/v2\/media?parent=2336"}],"wp:term":[{"taxonomy":"category","embeddable":true,"href":"https:\/\/www.cdlbc.com.br\/portal\/wp-json\/wp\/v2\/categories?post=2336"},{"taxonomy":"post_tag","embeddable":true,"href":"https:\/\/www.cdlbc.com.br\/portal\/wp-json\/wp\/v2\/tags?post=2336"}],"curies":[{"name":"wp","href":"https:\/\/api.w.org\/{rel}","templated":true}]}}