{"id":2323,"date":"2014-06-16T12:18:00","date_gmt":"2014-06-16T12:18:00","guid":{"rendered":"http:\/\/www.cdlbc.com.br\/portal\/noticias\/convenio-viabiliza-continuidade-do-geracao-tec\/"},"modified":"2014-06-16T12:18:00","modified_gmt":"2014-06-16T12:18:00","slug":"convenio-viabiliza-continuidade-do-geracao-tec","status":"publish","type":"post","link":"https:\/\/www.cdlbc.com.br\/portal\/noticias\/convenio-viabiliza-continuidade-do-geracao-tec\/","title":{"rendered":"Conv\u00eanio viabiliza continuidade do Gera\u00e7\u00e3o Tec"},"content":{"rendered":"<div class=\"ftpimagefix\" style=\"float:left\"><img decoding=\"async\" width=\"250\" alt=\"Segundo mapeamento da Acate, 11.771 vagas poder\u00e3o estar abertas em todo o Estado no setor de TIC at\u00e9 2015. Foto: Divulga\u00e7\u00e3o\" src=\"http:\/\/economiasc.com.br\/wp-content\/uploads\/2014\/06\/GEra%C3%A7%C3%A3o-TEC-Blumenau-300x200.jpg\"><\/div>\n<p>Segundo mapeamento da Acate, 11.771 vagas poder\u00e3o estar abertas em todo o Estado no setor de TIC at\u00e9 2015. Foto: Divulga\u00e7\u00e3o<\/p>\n<p dir=\"ltr\">A Associa\u00e7\u00e3o Catarinense de Empresas de Tecnologia (Acate) participa nesta segunda-feira, dia 16, da assinatura do conv\u00eanio que garante a descentraliza\u00e7\u00e3o de R$ 2,2 milh\u00f5es para dar continuidade ao programa Gera\u00e7\u00e3o Tec. O ato ocorre \u00e0s 11h, no audit\u00f3rio da Funda\u00e7\u00e3o de Amparo \u00e0 Pesquisa e Inova\u00e7\u00e3o do Estado de Santa Catarina (Fapesc), em Florian\u00f3polis, com a realiza\u00e7\u00e3o conjunta do Governo do Estado de Santa Catarina, da Secretaria de Estado do Desenvolvimento Econ\u00f4mico Sustent\u00e1vel (SDS) e da Fapesc. Tamb\u00e9m ser\u00e3o assinar\u00e3o outros conv\u00eanios com institui\u00e7\u00f5es como Acafe, Finep e CNPq. O evento contar\u00e1 com a participa\u00e7\u00e3o do governador de Santa Catarina, Raimundo Colombo.<\/p>\n<p>Os recursos ser\u00e3o utilizados para capacitar jovens e adultos no setor de Tecnologia da Informa\u00e7\u00e3o e Comunica\u00e7\u00e3o, com o objetivo de cumprir a meta do Governo do Estado de capacitar 5 mil pessoas para o setor durante a atual gest\u00e3o. Segundo o Mapeamento de Recursos Humanos e Cursos em Tecnologia da Informa\u00e7\u00e3o e da Comunica\u00e7\u00e3o (TIC), desenvolvido pela Acate, 11.771 vagas poder\u00e3o estar abertas em todo o Estado no setor de TIC at\u00e9 2015.<\/p>\n<p>O conv\u00eanio para descentraliza\u00e7\u00e3o de verba para o Gera\u00e7\u00e3o TEC ser\u00e1 assinado pelo presidente da Acate, Guilherme Stark Bernard, o diretor do i3 Instituto Internacional de Inova\u00e7\u00e3o, Norberto Dias e o presidente da Fapesc, S\u00e9rgio Gargioni.<\/p>\n<p>The post Conv\u00eanio viabiliza continuidade do Gera\u00e7\u00e3o Tec appeared first on Economia SC.<\/p>\n<p>Via: <a href=\"http:\/\/economiasc.com.br\/convenio-viabiliza-continuidade-geracao-tec\/\" class=\"colorbox\" title=\"Conv\u00eanio viabiliza continuidade do Gera\u00e7\u00e3o Tec\">economiasc.com.br<\/a><\/p>\n","protected":false},"excerpt":{"rendered":"<div class=\"ftpimagefix\" style=\"float:left\"><img decoding=\"async\" width=\"250\" alt=\"Segundo mapeamento da Acate, 11.771 vagas poder\u00e3o estar abertas em todo o Estado no setor de TIC at\u00e9 2015. Foto: Divulga\u00e7\u00e3o\" src=\"http:\/\/economiasc.com.br\/wp-content\/uploads\/2014\/06\/GEra%C3%A7%C3%A3o-TEC-Blumenau-300x200.jpg\"><\/div>\n<p>Segundo mapeamento da Acate, 11.771 vagas poder\u00e3o estar abertas em todo o Estado no setor de TIC at\u00e9 2015. Foto: Divulga\u00e7\u00e3o<\/p>\n<p dir=\"ltr\">A Associa\u00e7\u00e3o Catarinense de Empresas de Tecnologia (Acate) participa nesta segunda-feira, dia 16, da assinatura do conv\u00eanio que garante a descentraliza\u00e7\u00e3o de R$ 2,2 milh\u00f5es para dar continuidade ao programa Gera\u00e7\u00e3o Tec. O ato ocorre \u00e0s 11h, no audit\u00f3rio da Funda\u00e7\u00e3o de Amparo \u00e0 Pesquisa e Inova\u00e7\u00e3o do Estado de Santa Catarina (Fapesc), em Florian\u00f3polis, com a realiza\u00e7\u00e3o conjunta do Governo do Estado de Santa Catarina, da Secretaria de Estado do Desenvolvimento Econ\u00f4mico Sustent\u00e1vel (SDS) e da Fapesc. Tamb\u00e9m ser\u00e3o assinar\u00e3o outros conv\u00eanios com institui\u00e7\u00f5es como Acafe, Finep e CNPq. O evento contar\u00e1 com a participa\u00e7\u00e3o do governador de Santa Catarina, Raimundo Colombo.<\/p>\n<p>Os recursos ser\u00e3o utilizados para capacitar jovens e adultos no setor de Tecnologia da Informa\u00e7\u00e3o e Comunica\u00e7\u00e3o, com o objetivo de cumprir a meta do Governo do Estado de capacitar 5 mil pessoas para o setor durante a atual gest\u00e3o. Segundo o Mapeamento de Recursos Humanos e Cursos em Tecnologia da Informa\u00e7\u00e3o e da Comunica\u00e7\u00e3o (TIC), desenvolvido pela Acate, 11.771 vagas poder\u00e3o estar abertas em todo o Estado no setor de TIC at\u00e9 2015.<\/p>\n<p>O conv\u00eanio para descentraliza\u00e7\u00e3o de verba para o Gera\u00e7\u00e3o TEC ser\u00e1 assinado pelo presidente da Acate, Guilherme Stark Bernard, o diretor do i3 Instituto Internacional de Inova\u00e7\u00e3o, Norberto Dias e o presidente da Fapesc, S\u00e9rgio Gargioni.<\/p>\n<p>The post Conv\u00eanio viabiliza continuidade do Gera\u00e7\u00e3o Tec appeared first on Economia SC.<\/p>\n","protected":false},"author":1,"featured_media":0,"comment_status":"open","ping_status":"open","sticky":false,"template":"","format":"standard","meta":{"footnotes":""},"categories":[5],"tags":[],"class_list":["post-2323","post","type-post","status-publish","format-standard","hentry","category-noticias","no-post-thumbnail"],"_links":{"self":[{"href":"https:\/\/www.cdlbc.com.br\/portal\/wp-json\/wp\/v2\/posts\/2323","targetHints":{"allow":["GET"]}}],"collection":[{"href":"https:\/\/www.cdlbc.com.br\/portal\/wp-json\/wp\/v2\/posts"}],"about":[{"href":"https:\/\/www.cdlbc.com.br\/portal\/wp-json\/wp\/v2\/types\/post"}],"author":[{"embeddable":true,"href":"https:\/\/www.cdlbc.com.br\/portal\/wp-json\/wp\/v2\/users\/1"}],"replies":[{"embeddable":true,"href":"https:\/\/www.cdlbc.com.br\/portal\/wp-json\/wp\/v2\/comments?post=2323"}],"version-history":[{"count":0,"href":"https:\/\/www.cdlbc.com.br\/portal\/wp-json\/wp\/v2\/posts\/2323\/revisions"}],"wp:attachment":[{"href":"https:\/\/www.cdlbc.com.br\/portal\/wp-json\/wp\/v2\/media?parent=2323"}],"wp:term":[{"taxonomy":"category","embeddable":true,"href":"https:\/\/www.cdlbc.com.br\/portal\/wp-json\/wp\/v2\/categories?post=2323"},{"taxonomy":"post_tag","embeddable":true,"href":"https:\/\/www.cdlbc.com.br\/portal\/wp-json\/wp\/v2\/tags?post=2323"}],"curies":[{"name":"wp","href":"https:\/\/api.w.org\/{rel}","templated":true}]}}