{"id":2321,"date":"2014-06-16T12:04:00","date_gmt":"2014-06-16T12:04:00","guid":{"rendered":"http:\/\/www.cdlbc.com.br\/portal\/noticias\/aurora-lanca-programa-encadeamento-produtivo\/"},"modified":"2014-06-16T12:04:00","modified_gmt":"2014-06-16T12:04:00","slug":"aurora-lanca-programa-encadeamento-produtivo","status":"publish","type":"post","link":"https:\/\/www.cdlbc.com.br\/portal\/noticias\/aurora-lanca-programa-encadeamento-produtivo\/","title":{"rendered":"Aurora lan\u00e7a Programa Encadeamento Produtivo"},"content":{"rendered":"<div class=\"ftpimagefix\" style=\"float:left\"><img decoding=\"async\" width=\"250\" alt=\"Investimento ser\u00e1 de aproximadamente R$ 8 milh\u00f5es no per\u00edodo de tr\u00eas anos. Foto: Divulga\u00e7\u00e3o\" src=\"http:\/\/economiasc.com.br\/wp-content\/uploads\/2014\/06\/01-300x199.jpg\"><\/div>\n<p>Investimento ser\u00e1 de aproximadamente R$ 8 milh\u00f5es no per\u00edodo de tr\u00eas anos. Foto: Divulga\u00e7\u00e3o<\/p>\n<p>A Coopercentral Aurora Alimentos, em parceria com o Sebrae\/SC, lan\u00e7a programa de est\u00edmulo ao desenvolvimento das pequenas e m\u00e9dias empresas ligadas ao agroneg\u00f3cio do sul do Brasil \u2013 o Encadeamento Produtivo. O programa ser\u00e1 anunciado e contratualizado nesta segunda-feira, dia 16, \u00e0s 15h30, no audit\u00f3rio da sede da Aurora , em Chapec\u00f3.<\/p>\n<p>O programa beneficiar\u00e1 2.500 empresas rurais e mais de 400 micro e pequenas empresas urbanas fornecedoras de insumos a esses produtores de aves e su\u00ednos. Investimentos de aproximadamente R$ 8 milh\u00f5es, no per\u00edodo de tr\u00eas anos, ser\u00e3o custeados pelo Sebrae, Aurora e parceiros. As a\u00e7\u00f5es do Encadeamento Produtivo aperfei\u00e7oar\u00e3o as cadeias produtivas de su\u00ednos, aves e leite.<\/p>\n<p>O coordenador regional do Sebrae \u00canio Parmeggiani exp\u00f5e que o objetivo do programa \u00e9 diminuir a assimetria de produtividade entre pequenas e grandes empresas em uma mesma cadeia de produ\u00e7\u00e3o. A competitividade empresarial n\u00e3o se reduz \u00e0 atua\u00e7\u00e3o da empresa individualmente porque \u00e9 o resultado da efici\u00eancia da cadeia de valor ou aglomerado local no qual se estrutura um determinado segmento produtivo. Dessa forma, as empresas que fazem parte de uma cadeia de valor precisam ser competitivas.<\/p>\n<p>No caso do projeto de Chapec\u00f3, o Encadeamento Produtivo criar\u00e1 oportunidades para grandes e pequenas empresas da ind\u00fastria, do com\u00e9rcio e dos servi\u00e7os ligadas ao agroneg\u00f3cio. Nos \u00faltimos 45 anos, a Aurora lidera uma ampla cadeia produtiva: al\u00e9m das 12 cooperativas filiadas e de seus 60 mil agricultores associados \u2013 todos considerados pequenas empresas, pelo Sebrae -, a Aurora tem milhares de outros agentes que participam da cadeia como, por exemplo, na presta\u00e7\u00e3o de transporte e coleta de mat\u00e9ria-prima (frangos, leite e su\u00ednos).<\/p>\n<\/p>\n<p>The post Aurora lan\u00e7a Programa Encadeamento Produtivo appeared first on Economia SC.<\/p>\n<p>Via: <a href=\"http:\/\/economiasc.com.br\/aurora-lanca-programa-encadeamento-produtivo\/\" class=\"colorbox\" title=\"Aurora lan\u00e7a Programa Encadeamento Produtivo\">economiasc.com.br<\/a><\/p>\n","protected":false},"excerpt":{"rendered":"<div class=\"ftpimagefix\" style=\"float:left\"><img decoding=\"async\" width=\"250\" alt=\"Investimento ser\u00e1 de aproximadamente R$ 8 milh\u00f5es no per\u00edodo de tr\u00eas anos. Foto: Divulga\u00e7\u00e3o\" src=\"http:\/\/economiasc.com.br\/wp-content\/uploads\/2014\/06\/01-300x199.jpg\"><\/div>\n<p>Investimento ser\u00e1 de aproximadamente R$ 8 milh\u00f5es no per\u00edodo de tr\u00eas anos. Foto: Divulga\u00e7\u00e3o<\/p>\n<p>A Coopercentral Aurora Alimentos, em parceria com o Sebrae\/SC, lan\u00e7a programa de est\u00edmulo ao desenvolvimento das pequenas e m\u00e9dias empresas ligadas ao agroneg\u00f3cio do sul do Brasil \u2013 o Encadeamento Produtivo. O programa ser\u00e1 anunciado e contratualizado nesta segunda-feira, dia 16, \u00e0s 15h30, no audit\u00f3rio da sede da Aurora , em Chapec\u00f3.<\/p>\n<p>O programa beneficiar\u00e1 2.500 empresas rurais e mais de 400 micro e pequenas empresas urbanas fornecedoras de insumos a esses produtores de aves e su\u00ednos. Investimentos de aproximadamente R$ 8 milh\u00f5es, no per\u00edodo de tr\u00eas anos, ser\u00e3o custeados pelo Sebrae, Aurora e parceiros. As a\u00e7\u00f5es do Encadeamento Produtivo aperfei\u00e7oar\u00e3o as cadeias produtivas de su\u00ednos, aves e leite.<\/p>\n<p>O coordenador regional do Sebrae \u00canio Parmeggiani exp\u00f5e que o objetivo do programa \u00e9 diminuir a assimetria de produtividade entre pequenas e grandes empresas em uma mesma cadeia de produ\u00e7\u00e3o. A competitividade empresarial n\u00e3o se reduz \u00e0 atua\u00e7\u00e3o da empresa individualmente porque \u00e9 o resultado da efici\u00eancia da cadeia de valor ou aglomerado local no qual se estrutura um determinado segmento produtivo. Dessa forma, as empresas que fazem parte de uma cadeia de valor precisam ser competitivas.<\/p>\n<p>No caso do projeto de Chapec\u00f3, o Encadeamento Produtivo criar\u00e1 oportunidades para grandes e pequenas empresas da ind\u00fastria, do com\u00e9rcio e dos servi\u00e7os ligadas ao agroneg\u00f3cio. Nos \u00faltimos 45 anos, a Aurora lidera uma ampla cadeia produtiva: al\u00e9m das 12 cooperativas filiadas e de seus 60 mil agricultores associados \u2013 todos considerados pequenas empresas, pelo Sebrae -, a Aurora tem milhares de outros agentes que participam da cadeia como, por exemplo, na presta\u00e7\u00e3o de transporte e coleta de mat\u00e9ria-prima (frangos, leite e su\u00ednos).<\/p>\n<\/p>\n<p>The post Aurora lan\u00e7a Programa Encadeamento Produtivo appeared first on Economia SC.<\/p>\n","protected":false},"author":1,"featured_media":0,"comment_status":"open","ping_status":"open","sticky":false,"template":"","format":"standard","meta":{"footnotes":""},"categories":[5],"tags":[],"class_list":["post-2321","post","type-post","status-publish","format-standard","hentry","category-noticias","no-post-thumbnail"],"_links":{"self":[{"href":"https:\/\/www.cdlbc.com.br\/portal\/wp-json\/wp\/v2\/posts\/2321","targetHints":{"allow":["GET"]}}],"collection":[{"href":"https:\/\/www.cdlbc.com.br\/portal\/wp-json\/wp\/v2\/posts"}],"about":[{"href":"https:\/\/www.cdlbc.com.br\/portal\/wp-json\/wp\/v2\/types\/post"}],"author":[{"embeddable":true,"href":"https:\/\/www.cdlbc.com.br\/portal\/wp-json\/wp\/v2\/users\/1"}],"replies":[{"embeddable":true,"href":"https:\/\/www.cdlbc.com.br\/portal\/wp-json\/wp\/v2\/comments?post=2321"}],"version-history":[{"count":0,"href":"https:\/\/www.cdlbc.com.br\/portal\/wp-json\/wp\/v2\/posts\/2321\/revisions"}],"wp:attachment":[{"href":"https:\/\/www.cdlbc.com.br\/portal\/wp-json\/wp\/v2\/media?parent=2321"}],"wp:term":[{"taxonomy":"category","embeddable":true,"href":"https:\/\/www.cdlbc.com.br\/portal\/wp-json\/wp\/v2\/categories?post=2321"},{"taxonomy":"post_tag","embeddable":true,"href":"https:\/\/www.cdlbc.com.br\/portal\/wp-json\/wp\/v2\/tags?post=2321"}],"curies":[{"name":"wp","href":"https:\/\/api.w.org\/{rel}","templated":true}]}}