{"id":2319,"date":"2014-06-16T11:44:00","date_gmt":"2014-06-16T11:44:00","guid":{"rendered":"http:\/\/www.cdlbc.com.br\/portal\/noticias\/gestao-do-clima-organizacional-e-tema-de-palestra\/"},"modified":"2014-06-16T11:44:00","modified_gmt":"2014-06-16T11:44:00","slug":"gestao-do-clima-organizacional-e-tema-de-palestra","status":"publish","type":"post","link":"https:\/\/www.cdlbc.com.br\/portal\/noticias\/gestao-do-clima-organizacional-e-tema-de-palestra\/","title":{"rendered":"Gest\u00e3o do clima organizacional \u00e9 tema de palestra"},"content":{"rendered":"<p><span>A Fiesc Regional Sul promove amanh\u00e3, ter\u00e7a-feira, dia 17, um caf\u00e9 da manh\u00e3 seguido da palestra \u201cGest\u00e3o Estrat\u00e9gica do Clima organizacional\u201d. O evento gratuito \u00e9 destinado a diretores, gerentes, supervisores, l\u00edderes, coordenadores de equipe, profissionais de RH, psic\u00f3logos, advogados e gestores de pessoas e tem por objetivo preparar os participantes para implantar um eficaz projeto de comunica\u00e7\u00e3o de impacto antes, durante e depois das negocia\u00e7\u00f5es sindicais e mostrar a import\u00e2ncia do clima para a cria\u00e7\u00e3o de uma identidade organizacional comum.<\/span><\/p>\n<p>A palestra ser\u00e1 ministrada por Edno Martins, profissional com 30 anos de experi\u00eancia que d<span>esenvolveu e aplicou em v\u00e1rias empresas projeto pioneiro de preven\u00e7\u00e3o de demandas trabalhistas e de pol\u00edticas de rela\u00e7\u00f5es sindicais. Atualmente \u00e9 consultor da CNI \u2013 Confedera\u00e7\u00e3o Nacional da Ind\u00fastria em rela\u00e7\u00f5es sindicais e presta consultorias para empresas como a Coca-Cola, Nestl\u00e9, Renault, entre outras. O evento<\/span><span> ter\u00e1 in\u00edcio \u00e0s 8h30, no Audit\u00f3rio do SESI Escola, na Rua General Sodr\u00e9, 150, Bairro Comerci\u00e1rio, Crici\u00fama.<\/span><\/p>\n<\/p>\n<p>The post <a class=\"colorbox\" rel=\"nofollow\" href=\"http:\/\/economiasc.com.br\/gestao-clima-organizacional-e-tema-de-palestra\/\">Gest\u00e3o do clima organizacional \u00e9 tema de palestra<\/a> appeared first on <a class=\"colorbox\" rel=\"nofollow\" href=\"http:\/\/economiasc.com.br\/\">Economia SC<\/a>.<\/p>\n<p>Via: <a href=\"http:\/\/economiasc.com.br\/gestao-clima-organizacional-e-tema-de-palestra\/\" class=\"colorbox\" title=\"Gest\u00e3o do clima organizacional \u00e9 tema de palestra\">economiasc.com.br<\/a><\/p>\n","protected":false},"excerpt":{"rendered":"<p><span>A Fiesc Regional Sul promove amanh\u00e3, ter\u00e7a-feira, dia 17, um caf\u00e9 da manh\u00e3 seguido da palestra \u201cGest\u00e3o Estrat\u00e9gica do Clima organizacional\u201d. O evento gratuito \u00e9 destinado a diretores, gerentes, supervisores, l\u00edderes, coordenadores de equipe, profissionais de RH, psic\u00f3logos, advogados e gestores de pessoas e tem por objetivo preparar os participantes para implantar um eficaz projeto de comunica\u00e7\u00e3o de impacto antes, durante e depois das negocia\u00e7\u00f5es sindicais e mostrar a import\u00e2ncia do clima para a cria\u00e7\u00e3o de uma identidade organizacional comum.<\/span><\/p>\n<p>A palestra ser\u00e1 ministrada por Edno Martins, profissional com 30 anos de experi\u00eancia que d<span>esenvolveu e aplicou em v\u00e1rias empresas projeto pioneiro de preven\u00e7\u00e3o de demandas trabalhistas e de pol\u00edticas de rela\u00e7\u00f5es sindicais. Atualmente \u00e9 consultor da CNI \u2013 Confedera\u00e7\u00e3o Nacional da Ind\u00fastria em rela\u00e7\u00f5es sindicais e presta consultorias para empresas como a Coca-Cola, Nestl\u00e9, Renault, entre outras. O evento<\/span><span> ter\u00e1 in\u00edcio \u00e0s 8h30, no Audit\u00f3rio do SESI Escola, na Rua General Sodr\u00e9, 150, Bairro Comerci\u00e1rio, Crici\u00fama.<\/span><\/p>\n<\/p>\n<p>The post <a class=\"colorbox\" rel=\"nofollow\" href=\"http:\/\/economiasc.com.br\/gestao-clima-organizacional-e-tema-de-palestra\/\">Gest\u00e3o do clima organizacional \u00e9 tema de palestra<\/a> appeared first on <a class=\"colorbox\" rel=\"nofollow\" href=\"http:\/\/economiasc.com.br\/\">Economia SC<\/a>.<\/p>\n","protected":false},"author":1,"featured_media":0,"comment_status":"open","ping_status":"open","sticky":false,"template":"","format":"standard","meta":{"footnotes":""},"categories":[5],"tags":[],"class_list":["post-2319","post","type-post","status-publish","format-standard","hentry","category-noticias","no-post-thumbnail"],"_links":{"self":[{"href":"https:\/\/www.cdlbc.com.br\/portal\/wp-json\/wp\/v2\/posts\/2319","targetHints":{"allow":["GET"]}}],"collection":[{"href":"https:\/\/www.cdlbc.com.br\/portal\/wp-json\/wp\/v2\/posts"}],"about":[{"href":"https:\/\/www.cdlbc.com.br\/portal\/wp-json\/wp\/v2\/types\/post"}],"author":[{"embeddable":true,"href":"https:\/\/www.cdlbc.com.br\/portal\/wp-json\/wp\/v2\/users\/1"}],"replies":[{"embeddable":true,"href":"https:\/\/www.cdlbc.com.br\/portal\/wp-json\/wp\/v2\/comments?post=2319"}],"version-history":[{"count":0,"href":"https:\/\/www.cdlbc.com.br\/portal\/wp-json\/wp\/v2\/posts\/2319\/revisions"}],"wp:attachment":[{"href":"https:\/\/www.cdlbc.com.br\/portal\/wp-json\/wp\/v2\/media?parent=2319"}],"wp:term":[{"taxonomy":"category","embeddable":true,"href":"https:\/\/www.cdlbc.com.br\/portal\/wp-json\/wp\/v2\/categories?post=2319"},{"taxonomy":"post_tag","embeddable":true,"href":"https:\/\/www.cdlbc.com.br\/portal\/wp-json\/wp\/v2\/tags?post=2319"}],"curies":[{"name":"wp","href":"https:\/\/api.w.org\/{rel}","templated":true}]}}