{"id":2315,"date":"2014-06-13T20:20:00","date_gmt":"2014-06-13T20:20:00","guid":{"rendered":"http:\/\/www.cdlbc.com.br\/portal\/noticias\/17-fabricas-de-sc-participam-da-feira-francal-2014\/"},"modified":"2014-06-13T20:20:00","modified_gmt":"2014-06-13T20:20:00","slug":"17-fabricas-de-sc-participam-da-feira-francal-2014","status":"publish","type":"post","link":"https:\/\/www.cdlbc.com.br\/portal\/noticias\/17-fabricas-de-sc-participam-da-feira-francal-2014\/","title":{"rendered":"17 f\u00e1bricas de SC participam da feira Francal 2014"},"content":{"rendered":"<div class=\"ftpimagefix\" style=\"float:left\"><img decoding=\"async\" width=\"250\" alt=\"Dezessete fabricantes de Santa Catarina v\u00e3o marcar presen\u00e7a na principal feira de cal\u00e7ados do Pa\u00eds, que ocorre de 15 a 18 de julho. Foto: Divulga\u00e7\u00e3o\" src=\"http:\/\/economiasc.com.br\/wp-content\/uploads\/2014\/06\/cal%C3%A7adosf%C3%A1brica-300x225.jpg\"><\/div>\n<p>Dezessete fabricantes de Santa Catarina v\u00e3o marcar presen\u00e7a na principal feira de cal\u00e7ados do Pa\u00eds, que ocorre de 15 a 18 de julho. Foto: Divulga\u00e7\u00e3o<\/p>\n<p>Dezessete fabricantes de Santa Catarina v\u00e3o marcar presen\u00e7a na principal feira de cal\u00e7ados do Pa\u00eds, a Francal 2014,  marcada para o per\u00edodo de 15 a 18 de julho, no pavilh\u00e3o de exposi\u00e7\u00f5es do Anhembi, em S\u00e3o Paulo, dois dias ap\u00f3s a grande final da Copa do Mundo. A expectativa \u00e9 receber 60 mil lojistas e profissionais do setor de todos os Estados brasileiros e de mais de 70 pa\u00edses dos cinco continentes.<\/p>\n<p>A da organiza\u00e7\u00e3o da Francal tamb\u00e9m espera que o Mundial influencie positivamente no resultado, j\u00e1 que a necessidade de renova\u00e7\u00e3o dos estoques do varejo de cal\u00e7ados ser\u00e1 ainda maior do que em anos regulares.  A Francal \u00e9 hoje a feira de neg\u00f3cios mais importante e rent\u00e1vel do ano para a cadeia coureiro-cal\u00e7adista.<\/p>\n<p>\u00c9 palco oficial dos lan\u00e7amentos das cole\u00e7\u00f5es primavera-ver\u00e3o, a temporada mais longa para o setor. As cole\u00e7\u00f5es apresentam enorme diversidade de modelos e s\u00e3o renovadas constantemente de agosto a mar\u00e7o, impulsionando de forma cont\u00ednua os neg\u00f3cios do varejo nacional no per\u00edodo.<\/p>\n<p>Com mais de 800 expositores de todos os portes \u2013 desde os maiores fabricantes de cal\u00e7ados do Pa\u00eds at\u00e9 pequenos e m\u00e9dios cal\u00e7adistas, grifes de renome internacional e bir\u00f4s de moda voltados a produtos de maior valor agregado \u2013 a feira oferece variedade de cal\u00e7ados, bolsas, malas, mochilas, cintos e artefatos de couro, acess\u00f3rios e bijuterias para atender os diferentes tipos de varejo.<\/p>\n<p><b>SERVI\u00c7O:<\/b><\/p>\n<p><b>FRANCAL 2014 \u2013 46\u00aa Feira Internacional da Moda em Cal\u00e7ados e Acess\u00f3rios<\/b><\/p>\n<p><b>Data:<\/b> 15 a 18 de julho<br \/>\n<b>Hor\u00e1rio: 9h \u00e0s 20h (dia 18, das 9h \u00e0s 17h)<\/b><\/p>\n<p><b>Local: <\/b>Pavilh\u00e3o de Exposi\u00e7\u00f5es do Anhembi \u2013 S\u00e3o Paulo<\/p>\n<p><b>Promo\u00e7\u00e3o: <\/b>Francal Feiras<\/p>\n<p><b>Apoio:<\/b> ABICAL\u00c7ADOS \u2013 Associa\u00e7\u00e3o Brasileira das Ind\u00fastrias de Cal\u00e7ados, ABLAC \u2013 Associa\u00e7\u00e3o Brasileira de Lojistas de Artefatos e Cal\u00e7ados e ABIACAV \u2013 Associa\u00e7\u00e3o Brasileira das Ind\u00fastrias de Artefatos de Couro e Artefatos de Viagem<br \/>\n<b> <\/b><\/p>\n<p>The post 17 f\u00e1bricas de SC participam da feira Francal 2014 appeared first on Economia SC.<\/p>\n<p>Via: <a href=\"http:\/\/economiasc.com.br\/17-fabricas-de-sc-participam-da-feira-francal-2014\/\" class=\"colorbox\" title=\"17 f\u00e1bricas de SC participam da feira Francal 2014\">economiasc.com.br<\/a><\/p>\n","protected":false},"excerpt":{"rendered":"<div class=\"ftpimagefix\" style=\"float:left\"><img decoding=\"async\" width=\"250\" alt=\"Dezessete fabricantes de Santa Catarina v\u00e3o marcar presen\u00e7a na principal feira de cal\u00e7ados do Pa\u00eds, que ocorre de 15 a 18 de julho. Foto: Divulga\u00e7\u00e3o\" src=\"http:\/\/economiasc.com.br\/wp-content\/uploads\/2014\/06\/cal%C3%A7adosf%C3%A1brica-300x225.jpg\"><\/div>\n<p>Dezessete fabricantes de Santa Catarina v\u00e3o marcar presen\u00e7a na principal feira de cal\u00e7ados do Pa\u00eds, que ocorre de 15 a 18 de julho. Foto: Divulga\u00e7\u00e3o<\/p>\n<p>Dezessete fabricantes de Santa Catarina v\u00e3o marcar presen\u00e7a na principal feira de cal\u00e7ados do Pa\u00eds, a Francal 2014,  marcada para o per\u00edodo de 15 a 18 de julho, no pavilh\u00e3o de exposi\u00e7\u00f5es do Anhembi, em S\u00e3o Paulo, dois dias ap\u00f3s a grande final da Copa do Mundo. A expectativa \u00e9 receber 60 mil lojistas e profissionais do setor de todos os Estados brasileiros e de mais de 70 pa\u00edses dos cinco continentes.<\/p>\n<p>A da organiza\u00e7\u00e3o da Francal tamb\u00e9m espera que o Mundial influencie positivamente no resultado, j\u00e1 que a necessidade de renova\u00e7\u00e3o dos estoques do varejo de cal\u00e7ados ser\u00e1 ainda maior do que em anos regulares.  A Francal \u00e9 hoje a feira de neg\u00f3cios mais importante e rent\u00e1vel do ano para a cadeia coureiro-cal\u00e7adista.<\/p>\n<p>\u00c9 palco oficial dos lan\u00e7amentos das cole\u00e7\u00f5es primavera-ver\u00e3o, a temporada mais longa para o setor. As cole\u00e7\u00f5es apresentam enorme diversidade de modelos e s\u00e3o renovadas constantemente de agosto a mar\u00e7o, impulsionando de forma cont\u00ednua os neg\u00f3cios do varejo nacional no per\u00edodo.<\/p>\n<p>Com mais de 800 expositores de todos os portes \u2013 desde os maiores fabricantes de cal\u00e7ados do Pa\u00eds at\u00e9 pequenos e m\u00e9dios cal\u00e7adistas, grifes de renome internacional e bir\u00f4s de moda voltados a produtos de maior valor agregado \u2013 a feira oferece variedade de cal\u00e7ados, bolsas, malas, mochilas, cintos e artefatos de couro, acess\u00f3rios e bijuterias para atender os diferentes tipos de varejo.<\/p>\n<p><b>SERVI\u00c7O:<\/b><\/p>\n<p><b>FRANCAL 2014 \u2013 46\u00aa Feira Internacional da Moda em Cal\u00e7ados e Acess\u00f3rios<\/b><\/p>\n<p><b>Data:<\/b> 15 a 18 de julho<br \/>\n<b>Hor\u00e1rio: 9h \u00e0s 20h (dia 18, das 9h \u00e0s 17h)<\/b><\/p>\n<p><b>Local: <\/b>Pavilh\u00e3o de Exposi\u00e7\u00f5es do Anhembi \u2013 S\u00e3o Paulo<\/p>\n<p><b>Promo\u00e7\u00e3o: <\/b>Francal Feiras<\/p>\n<p><b>Apoio:<\/b> ABICAL\u00c7ADOS \u2013 Associa\u00e7\u00e3o Brasileira das Ind\u00fastrias de Cal\u00e7ados, ABLAC \u2013 Associa\u00e7\u00e3o Brasileira de Lojistas de Artefatos e Cal\u00e7ados e ABIACAV \u2013 Associa\u00e7\u00e3o Brasileira das Ind\u00fastrias de Artefatos de Couro e Artefatos de Viagem<br \/>\n<b> <\/b><\/p>\n<p>The post 17 f\u00e1bricas de SC participam da feira Francal 2014 appeared first on Economia SC.<\/p>\n","protected":false},"author":1,"featured_media":0,"comment_status":"open","ping_status":"open","sticky":false,"template":"","format":"standard","meta":{"footnotes":""},"categories":[5],"tags":[],"class_list":["post-2315","post","type-post","status-publish","format-standard","hentry","category-noticias","no-post-thumbnail"],"_links":{"self":[{"href":"https:\/\/www.cdlbc.com.br\/portal\/wp-json\/wp\/v2\/posts\/2315","targetHints":{"allow":["GET"]}}],"collection":[{"href":"https:\/\/www.cdlbc.com.br\/portal\/wp-json\/wp\/v2\/posts"}],"about":[{"href":"https:\/\/www.cdlbc.com.br\/portal\/wp-json\/wp\/v2\/types\/post"}],"author":[{"embeddable":true,"href":"https:\/\/www.cdlbc.com.br\/portal\/wp-json\/wp\/v2\/users\/1"}],"replies":[{"embeddable":true,"href":"https:\/\/www.cdlbc.com.br\/portal\/wp-json\/wp\/v2\/comments?post=2315"}],"version-history":[{"count":0,"href":"https:\/\/www.cdlbc.com.br\/portal\/wp-json\/wp\/v2\/posts\/2315\/revisions"}],"wp:attachment":[{"href":"https:\/\/www.cdlbc.com.br\/portal\/wp-json\/wp\/v2\/media?parent=2315"}],"wp:term":[{"taxonomy":"category","embeddable":true,"href":"https:\/\/www.cdlbc.com.br\/portal\/wp-json\/wp\/v2\/categories?post=2315"},{"taxonomy":"post_tag","embeddable":true,"href":"https:\/\/www.cdlbc.com.br\/portal\/wp-json\/wp\/v2\/tags?post=2315"}],"curies":[{"name":"wp","href":"https:\/\/api.w.org\/{rel}","templated":true}]}}