{"id":2312,"date":"2014-06-13T19:43:00","date_gmt":"2014-06-13T19:43:00","guid":{"rendered":"http:\/\/www.cdlbc.com.br\/portal\/noticias\/unisul-lanca-curso-para-setor-supermercadista\/"},"modified":"2014-06-13T19:43:00","modified_gmt":"2014-06-13T19:43:00","slug":"unisul-lanca-curso-para-setor-supermercadista","status":"publish","type":"post","link":"https:\/\/www.cdlbc.com.br\/portal\/noticias\/unisul-lanca-curso-para-setor-supermercadista\/","title":{"rendered":"Unisul lan\u00e7a curso para setor supermercadista"},"content":{"rendered":"<p>A Unisul Virtual lan\u00e7a o curso superior de complementa\u00e7\u00e3o de estudos em gest\u00e3o de supermercados. O curso visa suprir as necessidades e desafios di\u00e1rios dos profissionais da \u00e1rea supermercadista, desde propriet\u00e1rios, gerentes e respons\u00e1veis por \u00e1reas mais t\u00e9cnicas, \u00e0 equipe de seguran\u00e7a alimentar e legisla\u00e7\u00e3o sanit\u00e1ria.<\/p>\n<p>A Unisul e a Associa\u00e7\u00e3o Catarinense de Supermercados, a Acats, estabeleceram uma parceria para a realiza\u00e7\u00e3o do curso durante a 27\u00aa  Exposuper (Feira de Produtos, Servi\u00e7os e Equipamentos para Supermercados). Tamb\u00e9m selaram o termo de coopera\u00e7\u00e3o com o objetivo de criar o curso superior de gest\u00e3o de supermercados, na modalidade EAD.<\/p>\n<p>O reitor da Unisul, professor Sebasti\u00e3o Sal\u00e9sio Herdt, participou do evento. \u201cA Unisul tem o prazer de firmar um conv\u00eanio que traz, por meio de uma metodologia que facilita a realiza\u00e7\u00e3o dos estudos, a qualifica\u00e7\u00e3o para as pessoas que fazem a diferen\u00e7a na cadeia de supermercados\u201d, disse.<\/p>\n<p>Com dura\u00e7\u00e3o de um semestre, o curso gest\u00e3o de supermercados ter\u00e1 carga hor\u00e1ria de 240h\/a, e tem como diferencial o v\u00ednculo com o curso superior de tecnologia em processos gerenciais, da UnisulVirtual.<\/p>\n<p>Ap\u00f3s sua conclus\u00e3o, o aluno pode validar as horas cursadas em gest\u00e3o de supermercado, no curso de processos gerenciais, obtendo assim o diploma de gradua\u00e7\u00e3o, al\u00e9m do certificado j\u00e1 adquirido.  As inscri\u00e7\u00f5es est\u00e3o abertas at\u00e9 16 de julho.  Mais informa\u00e7\u00f5es no site:  <a class=\"colorbox\" href=\"http:\/\/e.unisul.br\/gestaosupermercado\" target=\"_blank\">http:\/\/e.unisul.br\/gestaosupermercado<\/a><\/p>\n<\/p>\n<p>The post <a class=\"colorbox\" rel=\"nofollow\" href=\"http:\/\/economiasc.com.br\/unisul-lanca-curso-para-setor-supermercadista\/\">Unisul lan\u00e7a curso para setor supermercadista<\/a> appeared first on <a class=\"colorbox\" rel=\"nofollow\" href=\"http:\/\/economiasc.com.br\/\">Economia SC<\/a>.<\/p>\n<p>Via: <a href=\"http:\/\/economiasc.com.br\/unisul-lanca-curso-para-setor-supermercadista\/\" class=\"colorbox\" title=\"Unisul lan\u00e7a curso para setor supermercadista\">economiasc.com.br<\/a><\/p>\n","protected":false},"excerpt":{"rendered":"<p>A Unisul Virtual lan\u00e7a o curso superior de complementa\u00e7\u00e3o de estudos em gest\u00e3o de supermercados. O curso visa suprir as necessidades e desafios di\u00e1rios dos profissionais da \u00e1rea supermercadista, desde propriet\u00e1rios, gerentes e respons\u00e1veis por \u00e1reas mais t\u00e9cnicas, \u00e0 equipe de seguran\u00e7a alimentar e legisla\u00e7\u00e3o sanit\u00e1ria.<\/p>\n<p>A Unisul e a Associa\u00e7\u00e3o Catarinense de Supermercados, a Acats, estabeleceram uma parceria para a realiza\u00e7\u00e3o do curso durante a 27\u00aa  Exposuper (Feira de Produtos, Servi\u00e7os e Equipamentos para Supermercados). Tamb\u00e9m selaram o termo de coopera\u00e7\u00e3o com o objetivo de criar o curso superior de gest\u00e3o de supermercados, na modalidade EAD.<\/p>\n<p>O reitor da Unisul, professor Sebasti\u00e3o Sal\u00e9sio Herdt, participou do evento. \u201cA Unisul tem o prazer de firmar um conv\u00eanio que traz, por meio de uma metodologia que facilita a realiza\u00e7\u00e3o dos estudos, a qualifica\u00e7\u00e3o para as pessoas que fazem a diferen\u00e7a na cadeia de supermercados\u201d, disse.<\/p>\n<p>Com dura\u00e7\u00e3o de um semestre, o curso gest\u00e3o de supermercados ter\u00e1 carga hor\u00e1ria de 240h\/a, e tem como diferencial o v\u00ednculo com o curso superior de tecnologia em processos gerenciais, da UnisulVirtual.<\/p>\n<p>Ap\u00f3s sua conclus\u00e3o, o aluno pode validar as horas cursadas em gest\u00e3o de supermercado, no curso de processos gerenciais, obtendo assim o diploma de gradua\u00e7\u00e3o, al\u00e9m do certificado j\u00e1 adquirido.  As inscri\u00e7\u00f5es est\u00e3o abertas at\u00e9 16 de julho.  Mais informa\u00e7\u00f5es no site:  <a class=\"colorbox\" href=\"http:\/\/e.unisul.br\/gestaosupermercado\" target=\"_blank\">http:\/\/e.unisul.br\/gestaosupermercado<\/a><\/p>\n<\/p>\n<p>The post <a class=\"colorbox\" rel=\"nofollow\" href=\"http:\/\/economiasc.com.br\/unisul-lanca-curso-para-setor-supermercadista\/\">Unisul lan\u00e7a curso para setor supermercadista<\/a> appeared first on <a class=\"colorbox\" rel=\"nofollow\" href=\"http:\/\/economiasc.com.br\/\">Economia SC<\/a>.<\/p>\n","protected":false},"author":1,"featured_media":0,"comment_status":"open","ping_status":"open","sticky":false,"template":"","format":"standard","meta":{"footnotes":""},"categories":[5],"tags":[],"class_list":["post-2312","post","type-post","status-publish","format-standard","hentry","category-noticias","no-post-thumbnail"],"_links":{"self":[{"href":"https:\/\/www.cdlbc.com.br\/portal\/wp-json\/wp\/v2\/posts\/2312","targetHints":{"allow":["GET"]}}],"collection":[{"href":"https:\/\/www.cdlbc.com.br\/portal\/wp-json\/wp\/v2\/posts"}],"about":[{"href":"https:\/\/www.cdlbc.com.br\/portal\/wp-json\/wp\/v2\/types\/post"}],"author":[{"embeddable":true,"href":"https:\/\/www.cdlbc.com.br\/portal\/wp-json\/wp\/v2\/users\/1"}],"replies":[{"embeddable":true,"href":"https:\/\/www.cdlbc.com.br\/portal\/wp-json\/wp\/v2\/comments?post=2312"}],"version-history":[{"count":0,"href":"https:\/\/www.cdlbc.com.br\/portal\/wp-json\/wp\/v2\/posts\/2312\/revisions"}],"wp:attachment":[{"href":"https:\/\/www.cdlbc.com.br\/portal\/wp-json\/wp\/v2\/media?parent=2312"}],"wp:term":[{"taxonomy":"category","embeddable":true,"href":"https:\/\/www.cdlbc.com.br\/portal\/wp-json\/wp\/v2\/categories?post=2312"},{"taxonomy":"post_tag","embeddable":true,"href":"https:\/\/www.cdlbc.com.br\/portal\/wp-json\/wp\/v2\/tags?post=2312"}],"curies":[{"name":"wp","href":"https:\/\/api.w.org\/{rel}","templated":true}]}}