{"id":2308,"date":"2014-06-13T19:53:40","date_gmt":"2014-06-13T19:53:40","guid":{"rendered":"http:\/\/www.cdlbc.com.br\/portal\/?p=2308"},"modified":"2014-06-13T20:01:51","modified_gmt":"2014-06-13T20:01:51","slug":"reuniao-discute-aplicabilidade-da-lei-do-jovem-aprendiz","status":"publish","type":"post","link":"https:\/\/www.cdlbc.com.br\/portal\/noticias\/reuniao-discute-aplicabilidade-da-lei-do-jovem-aprendiz\/","title":{"rendered":"Reuni\u00e3o discute aplicabilidade da Lei do Jovem Aprendiz"},"content":{"rendered":"<p>A Fecom\u00e9rcio-SC, o Sindicato do Com\u00e9rcio Varejista de Balne\u00e1rio Cambori\u00fa (Sincom\u00e9rcio) e a C\u00e2mara de Dirigentes Lojsitas (CDL) promoveram, na manh\u00e3 de quinta-feira, dia 12, uma reuni\u00e3o com o superintendente regional do Minist\u00e9rio do Trabalho e Emprego, Luiz Miguel Viegas, para discutir a aplica\u00e7\u00e3o da Lei 10.097, a chamada Lei do Jovem Aprendiz. O documento estabelece a cota obrigat\u00f3ria para a profissionaliza\u00e7\u00e3o de adolescentes e jovens, entre 5% e 15% do efetivo das empresas. Segundo o presidente da CDL, Jos\u00e9 Roberto Cruz, existem muitas d\u00favidas quanto a aplicabilidade da lei entre as empresas do munic\u00edpio e como elas podem se adequar a legisla\u00e7\u00e3o.<\/p>\n<p>Segundo Luiz Miguel Viegas, o Minist\u00e9rio tem ci\u00eancia da dificuldade das empresas em cumprirem o que determina a lei. &#8220;O ministro Manoel Dias assinou uma portaria que facilita esse entendimento. O problema \u00e9 que o Minist\u00e9rio P\u00fablico do Trabalho exige o cumprimento das cotas, mas \u00e9 preciso levar em conta a realidade pr\u00e1tica das empresas. Vamos fazer, at\u00e9 o final do ano, a revis\u00e3o da CBO (Classifica\u00e7\u00e3o Brasileira de Ocupa\u00e7\u00f5es). A lei \u00e9 boa, mas n\u00e3o podemos fugir da realidade local&#8221;, afirma Viegas.<\/p>\n<p>A Lei do d\u00e1 oportunidade ao permitir a forma\u00e7\u00e3o t\u00e9cnico-profissional de jovens com idade entre 14 e 24 anos dentro dos princ\u00edpios da prote\u00e7\u00e3o integral do adolescente previstos pela legisla\u00e7\u00e3o brasileira. A lei trabalhista de 19 de dezembro de 2000 ampliou o trabalho de aprendizes para essa faixa et\u00e1ria. Desde ent\u00e3o, ficou determinado que empresas de m\u00e9dio e grande porte devem disponibilizar de 5% a 15% de vagas para aprendizes, proporcionalmente ao n\u00famero de trabalhadores do estabelecimento nas fun\u00e7\u00f5es que exijam n\u00edvel b\u00e1sico. O trabalho na adolesc\u00eancia s\u00f3 \u00e9 permitido por lei quando est\u00e1 relacionado \u00e0 aprendizagem profissionalizante. Al\u00e9m de se tratar de uma a\u00e7\u00e3o de responsabilidade social, as empresas que investem nesses jovens economizam encargos trabalhistas.\u00a0 De acordo com o Minist\u00e9rio do Trabalho e Emprego, a Lei do Jovem Aprendiz pode beneficiar entre 650 mil e 2 milh\u00f5es de adolescentes Brasil afora. Hoje, cerca de 3,2 milh\u00f5es de jovens entre 15 e 17 anos atuam no mercado informal.<\/p>\n<div id='gallery-1' class='gallery galleryid-2308 gallery-columns-3 gallery-size-thumbnail'><figure class='gallery-item'>\n\t\t\t<div class='gallery-icon landscape'>\n\t\t\t\t<a href='https:\/\/www.cdlbc.com.br\/portal\/noticias\/reuniao-discute-aplicabilidade-da-lei-do-jovem-aprendiz\/attachment\/dsc01690\/'><img loading=\"lazy\" decoding=\"async\" width=\"150\" height=\"150\" src=\"https:\/\/www.cdlbc.com.br\/portal\/wp-content\/uploads\/2014\/06\/DSC01690-150x150.jpg\" class=\"attachment-thumbnail size-thumbnail\" alt=\"\" srcset=\"https:\/\/www.cdlbc.com.br\/portal\/wp-content\/uploads\/2014\/06\/DSC01690-150x150.jpg 150w, https:\/\/www.cdlbc.com.br\/portal\/wp-content\/uploads\/2014\/06\/DSC01690-200x200.jpg 200w, https:\/\/www.cdlbc.com.br\/portal\/wp-content\/uploads\/2014\/06\/DSC01690-266x266.jpg 266w, https:\/\/www.cdlbc.com.br\/portal\/wp-content\/uploads\/2014\/06\/DSC01690-380x380.jpg 380w\" sizes=\"auto, (max-width: 150px) 100vw, 150px\" \/><\/a>\n\t\t\t<\/div><\/figure><figure class='gallery-item'>\n\t\t\t<div class='gallery-icon landscape'>\n\t\t\t\t<a href='https:\/\/www.cdlbc.com.br\/portal\/noticias\/reuniao-discute-aplicabilidade-da-lei-do-jovem-aprendiz\/attachment\/dsc01689\/'><img loading=\"lazy\" decoding=\"async\" width=\"150\" height=\"150\" src=\"https:\/\/www.cdlbc.com.br\/portal\/wp-content\/uploads\/2014\/06\/DSC01689-150x150.jpg\" class=\"attachment-thumbnail size-thumbnail\" alt=\"\" srcset=\"https:\/\/www.cdlbc.com.br\/portal\/wp-content\/uploads\/2014\/06\/DSC01689-150x150.jpg 150w, https:\/\/www.cdlbc.com.br\/portal\/wp-content\/uploads\/2014\/06\/DSC01689-200x200.jpg 200w\" sizes=\"auto, (max-width: 150px) 100vw, 150px\" \/><\/a>\n\t\t\t<\/div><\/figure>\n\t\t<\/div>\n\n","protected":false},"excerpt":{"rendered":"<p>A Fecom\u00e9rcio-SC, o Sindicato do Com\u00e9rcio Varejista de Balne\u00e1rio Cambori\u00fa (Sincom\u00e9rcio) e a C\u00e2mara de Dirigentes Lojsitas (CDL) promoveram, na manh\u00e3 de quinta-feira, dia 12, uma reuni\u00e3o com o superintendente regional do Minist\u00e9rio do Trabalho e Emprego, Luiz Miguel Viegas, para discutir a aplica\u00e7\u00e3o da Lei 10.097, a chamada Lei do Jovem Aprendiz. O documento [&hellip;]<\/p>\n","protected":false},"author":1,"featured_media":2310,"comment_status":"closed","ping_status":"open","sticky":false,"template":"","format":"standard","meta":{"footnotes":""},"categories":[6,5],"tags":[],"class_list":["post-2308","post","type-post","status-publish","format-standard","has-post-thumbnail","hentry","category-destaque","category-noticias"],"_links":{"self":[{"href":"https:\/\/www.cdlbc.com.br\/portal\/wp-json\/wp\/v2\/posts\/2308","targetHints":{"allow":["GET"]}}],"collection":[{"href":"https:\/\/www.cdlbc.com.br\/portal\/wp-json\/wp\/v2\/posts"}],"about":[{"href":"https:\/\/www.cdlbc.com.br\/portal\/wp-json\/wp\/v2\/types\/post"}],"author":[{"embeddable":true,"href":"https:\/\/www.cdlbc.com.br\/portal\/wp-json\/wp\/v2\/users\/1"}],"replies":[{"embeddable":true,"href":"https:\/\/www.cdlbc.com.br\/portal\/wp-json\/wp\/v2\/comments?post=2308"}],"version-history":[{"count":1,"href":"https:\/\/www.cdlbc.com.br\/portal\/wp-json\/wp\/v2\/posts\/2308\/revisions"}],"predecessor-version":[{"id":2311,"href":"https:\/\/www.cdlbc.com.br\/portal\/wp-json\/wp\/v2\/posts\/2308\/revisions\/2311"}],"wp:featuredmedia":[{"embeddable":true,"href":"https:\/\/www.cdlbc.com.br\/portal\/wp-json\/wp\/v2\/media\/2310"}],"wp:attachment":[{"href":"https:\/\/www.cdlbc.com.br\/portal\/wp-json\/wp\/v2\/media?parent=2308"}],"wp:term":[{"taxonomy":"category","embeddable":true,"href":"https:\/\/www.cdlbc.com.br\/portal\/wp-json\/wp\/v2\/categories?post=2308"},{"taxonomy":"post_tag","embeddable":true,"href":"https:\/\/www.cdlbc.com.br\/portal\/wp-json\/wp\/v2\/tags?post=2308"}],"curies":[{"name":"wp","href":"https:\/\/api.w.org\/{rel}","templated":true}]}}