{"id":2299,"date":"2014-06-13T16:20:00","date_gmt":"2014-06-13T16:20:00","guid":{"rendered":"http:\/\/www.cdlbc.com.br\/portal\/noticias\/despencam-vendas-do-dia-dos-namorados-diz-cndl\/"},"modified":"2014-06-13T16:20:00","modified_gmt":"2014-06-13T16:20:00","slug":"despencam-vendas-do-dia-dos-namorados-diz-cndl","status":"publish","type":"post","link":"https:\/\/www.cdlbc.com.br\/portal\/noticias\/despencam-vendas-do-dia-dos-namorados-diz-cndl\/","title":{"rendered":"Despencam vendas do Dia dos Namorados, diz CNDL"},"content":{"rendered":"<p>O movimento de vendas no com\u00e9rcio na semana que antecede o Dia dos Namorados, entre os dias 5 e 11, caiu 8,63% em rela\u00e7\u00e3o ao mesmo per\u00edodo do ano passado. De acordo com  dados do SPC Brasil (Servi\u00e7o de Prote\u00e7\u00e3o ao Cr\u00e9dito) e divulgado pela CNDL (Confedera\u00e7\u00e3o Nacional de Dirigentes Lojistas), esse \u00e9 o pior resultado para a data nos \u00faltimos cinco anos. O<\/p>\n<p>De acordo com as lideran\u00e7as lojistas, embora os comerciantes brasileiros aguardassem um desempenho fraco, a forte queda surpreendeu at\u00e9 os mais pessimistas. \u201cO com\u00e9rcio j\u00e1 tinha sofrido com resultados historicamente ruins neste ano com as vendas da P\u00e1scoa e do Dia das M\u00e3es, mas uma queda t\u00e3o expressiva, de 8,63%, era algo que n\u00e3o estava nas nossas expectativas\u201d, disse o presidente da CNDL, Roque Pellizzaro Junior.<\/p>\n<p>Segundo presidente da CNDL, n\u00e3o h\u00e1 d\u00favidas de que o atual cen\u00e1rio de aperto monet\u00e1rio e de infla\u00e7\u00e3o elevada tem prejudicado as vendas a prazo. \u201cAl\u00e9m de todo esse contexto econ\u00f4mico, a abertura da Copa do Mundo no dia 12 concorreu com o Dia dos Namorados e, de certa forma, contribuiu com esta queda. \u00c9 natural que haja um redirecionamento de gastos, ou seja, parte do que ia ser investido no presente e nos encontros rom\u00e2nticos foi gasto com comemora\u00e7\u00f5es em grupo para a Copa\u201d, disse Pellizzaro Junior.<\/p>\n<p>O Dia dos Namorados \u00e9 a terceira data mais lucrativa para o com\u00e9rcio, ficando atr\u00e1s somente do Natal e do Dia das M\u00e3es. Os produtos mais procurados nas lojas durante este per\u00edodo s\u00e3o itens de vestu\u00e1rio, cal\u00e7ados, perfumaria, floricultura, j\u00f3ias e bijuterias.<\/p>\n<p>The post <a class=\"colorbox\" rel=\"nofollow\" href=\"http:\/\/economiasc.com.br\/despencam-vendas-dia-dos-namorados-diz-cndl\/\">Despencam vendas do Dia dos Namorados, diz CNDL<\/a> appeared first on <a class=\"colorbox\" rel=\"nofollow\" href=\"http:\/\/economiasc.com.br\/\">Economia SC<\/a>.<\/p>\n<p>Via: <a href=\"http:\/\/economiasc.com.br\/despencam-vendas-dia-dos-namorados-diz-cndl\/\" class=\"colorbox\" title=\"Despencam vendas do Dia dos Namorados, diz CNDL\">economiasc.com.br<\/a><\/p>\n","protected":false},"excerpt":{"rendered":"<p>O movimento de vendas no com\u00e9rcio na semana que antecede o Dia dos Namorados, entre os dias 5 e 11, caiu 8,63% em rela\u00e7\u00e3o ao mesmo per\u00edodo do ano passado. De acordo com  dados do SPC Brasil (Servi\u00e7o de Prote\u00e7\u00e3o ao Cr\u00e9dito) e divulgado pela CNDL (Confedera\u00e7\u00e3o Nacional de Dirigentes Lojistas), esse \u00e9 o pior resultado para a data nos \u00faltimos cinco anos. O<\/p>\n<p>De acordo com as lideran\u00e7as lojistas, embora os comerciantes brasileiros aguardassem um desempenho fraco, a forte queda surpreendeu at\u00e9 os mais pessimistas. \u201cO com\u00e9rcio j\u00e1 tinha sofrido com resultados historicamente ruins neste ano com as vendas da P\u00e1scoa e do Dia das M\u00e3es, mas uma queda t\u00e3o expressiva, de 8,63%, era algo que n\u00e3o estava nas nossas expectativas\u201d, disse o presidente da CNDL, Roque Pellizzaro Junior.<\/p>\n<p>Segundo presidente da CNDL, n\u00e3o h\u00e1 d\u00favidas de que o atual cen\u00e1rio de aperto monet\u00e1rio e de infla\u00e7\u00e3o elevada tem prejudicado as vendas a prazo. \u201cAl\u00e9m de todo esse contexto econ\u00f4mico, a abertura da Copa do Mundo no dia 12 concorreu com o Dia dos Namorados e, de certa forma, contribuiu com esta queda. \u00c9 natural que haja um redirecionamento de gastos, ou seja, parte do que ia ser investido no presente e nos encontros rom\u00e2nticos foi gasto com comemora\u00e7\u00f5es em grupo para a Copa\u201d, disse Pellizzaro Junior.<\/p>\n<p>O Dia dos Namorados \u00e9 a terceira data mais lucrativa para o com\u00e9rcio, ficando atr\u00e1s somente do Natal e do Dia das M\u00e3es. Os produtos mais procurados nas lojas durante este per\u00edodo s\u00e3o itens de vestu\u00e1rio, cal\u00e7ados, perfumaria, floricultura, j\u00f3ias e bijuterias.<\/p>\n<p>The post <a class=\"colorbox\" rel=\"nofollow\" href=\"http:\/\/economiasc.com.br\/despencam-vendas-dia-dos-namorados-diz-cndl\/\">Despencam vendas do Dia dos Namorados, diz CNDL<\/a> appeared first on <a class=\"colorbox\" rel=\"nofollow\" href=\"http:\/\/economiasc.com.br\/\">Economia SC<\/a>.<\/p>\n","protected":false},"author":1,"featured_media":0,"comment_status":"open","ping_status":"open","sticky":false,"template":"","format":"standard","meta":{"footnotes":""},"categories":[5],"tags":[],"class_list":["post-2299","post","type-post","status-publish","format-standard","hentry","category-noticias","no-post-thumbnail"],"_links":{"self":[{"href":"https:\/\/www.cdlbc.com.br\/portal\/wp-json\/wp\/v2\/posts\/2299","targetHints":{"allow":["GET"]}}],"collection":[{"href":"https:\/\/www.cdlbc.com.br\/portal\/wp-json\/wp\/v2\/posts"}],"about":[{"href":"https:\/\/www.cdlbc.com.br\/portal\/wp-json\/wp\/v2\/types\/post"}],"author":[{"embeddable":true,"href":"https:\/\/www.cdlbc.com.br\/portal\/wp-json\/wp\/v2\/users\/1"}],"replies":[{"embeddable":true,"href":"https:\/\/www.cdlbc.com.br\/portal\/wp-json\/wp\/v2\/comments?post=2299"}],"version-history":[{"count":0,"href":"https:\/\/www.cdlbc.com.br\/portal\/wp-json\/wp\/v2\/posts\/2299\/revisions"}],"wp:attachment":[{"href":"https:\/\/www.cdlbc.com.br\/portal\/wp-json\/wp\/v2\/media?parent=2299"}],"wp:term":[{"taxonomy":"category","embeddable":true,"href":"https:\/\/www.cdlbc.com.br\/portal\/wp-json\/wp\/v2\/categories?post=2299"},{"taxonomy":"post_tag","embeddable":true,"href":"https:\/\/www.cdlbc.com.br\/portal\/wp-json\/wp\/v2\/tags?post=2299"}],"curies":[{"name":"wp","href":"https:\/\/api.w.org\/{rel}","templated":true}]}}