{"id":2298,"date":"2014-06-13T16:07:00","date_gmt":"2014-06-13T16:07:00","guid":{"rendered":"http:\/\/www.cdlbc.com.br\/portal\/noticias\/as-luzes-se-acendem-sobre-itaquera\/"},"modified":"2014-06-13T16:07:00","modified_gmt":"2014-06-13T16:07:00","slug":"as-luzes-se-acendem-sobre-itaquera","status":"publish","type":"post","link":"https:\/\/www.cdlbc.com.br\/portal\/noticias\/as-luzes-se-acendem-sobre-itaquera\/","title":{"rendered":"As luzes se acendem sobre Itaquera"},"content":{"rendered":"<div class=\"ftpimagefix\" style=\"float:left\"><img decoding=\"async\" width=\"250\" alt=\"Reginaldo Gon\u00e7alves 1\" src=\"http:\/\/economiasc.com.br\/wp-content\/uploads\/2014\/06\/Reginaldo-Gon%C3%A7alves-11-300x200.jpg\"><\/div>\n<p align=\"center\">\n<p align=\"center\">\n<p align=\"center\"><strong>Por Reginaldo Gon\u00e7alves<\/strong><\/p>\n<p align=\"center\">Chegou o grande dia. Nesta quinta-feira, dia 12, as luzes do maior espet\u00e1culo da terra se acendem sobre Itaquera. O bairro popular da zona leste da cidade de S\u00e3o Paulo recebe a abertura da Copa Fifa 2014, com o jogo Brasil e Cro\u00e1cia. Al\u00e9m de brasileiros de todas as partes do pa\u00eds, a regi\u00e3o recebe turistas das mais diversas nacionalidades. \u00c9 algo in\u00e9dito, sem d\u00favida.<\/p>\n<p> Como in\u00e9ditas tamb\u00e9m s\u00e3o as perspectivas geradas pelas obras no entorno da Arena Corinthians, o Itaquer\u00e3o, palco do grande espet\u00e1culo, que ir\u00e3o favorecer a integra\u00e7\u00e3o com os bairros pr\u00f3ximos e com o Alto Tiet\u00ea (que compreende alguns munic\u00edpios da Grande S\u00e3o Paulo, al\u00e9m de Guarulhos e ABCD).<\/p>\n<p>O crescimento do com\u00e9rcio, novas institui\u00e7\u00f5es de ensino, hospital e as obras de infraestrutura, incluindo o novo terminal rodovi\u00e1rio integrado \u00e0 ferrovia e ao metr\u00f4, aumentar\u00e1 o n\u00famero de empresas e contrata\u00e7\u00f5es, permitindo a melhoria da qualidade de vida de sua popula\u00e7\u00e3o. J\u00e1 h\u00e1 algum tempo o movimento imobili\u00e1rio vem valorizando significativamente os im\u00f3veis locais.<\/p>\n<p>De acordo com dados da prefeitura do munic\u00edpio de S\u00e3o Paulo, a regi\u00e3o onde est\u00e1 inserido o bairro de Itaquera tem cerca de 298,8 quil\u00f4metros quadrados e 3,6 milh\u00f5es de habitantes. Somente a Zona Leste representa cerca de 33% da popula\u00e7\u00e3o de 10,7 milh\u00f5es de habitantes da cidade. Em um pa\u00eds onde a desigualdade social \u00e9 grave, v\u00e1rios distritos da Zona Leste est\u00e3o entre os piores em rela\u00e7\u00e3o ao \u00cdndice de Desenvolvimento Humano (IDH), que mede a vulnerabilidade \u00e0 morte, priva\u00e7\u00e3o de conhecimento e padr\u00e3o de vida digno. Cerca de 65,6% dos habitantes t\u00eam entre 15 e 59 anos, o que os insere na faixa de popula\u00e7\u00e3o economicamente ativa.<\/p>\n<p>Durante muitos anos, a regi\u00e3o de Itaquera e os bairros vizinhos foram exclu\u00eddos de investimentos voltados \u00e0 melhoria da qualidade de vida, seja no transporte, habita\u00e7\u00e3o, sa\u00fade ou educa\u00e7\u00e3o. Esta situa\u00e7\u00e3o somente est\u00e1 sendo minimizada gra\u00e7as a parceria p\u00fablico privada que iniciou atrav\u00e9s de Organiza\u00e7\u00f5es N\u00e3o Governamentais (ONGs) e empresas do terceiro setor, voltadas especialmente para a cobertura da sa\u00fade e agora a Arena Corinthians. Entre elas, podemos citar a implanta\u00e7\u00e3o da ETEC e FATEC, a possibilidade de implanta\u00e7\u00e3o de Centro Comercial, a  extens\u00e3o do Rodoanel que atender\u00e1 a regi\u00e3o do Alto Tiet\u00ea, al\u00e9m do incremento de empresas na regi\u00e3o. Tal movimento gera a necessidade de profissionais qualificados para serem facilitadores dos novos neg\u00f3cios que beneficiar\u00e3o uma s\u00e9rie de micro e pequenas empresas.<\/p>\n<p>Dever\u00e3o ser despendidos todos os esfor\u00e7os para a qualifica\u00e7\u00e3o profissional da popula\u00e7\u00e3o local, para que esta possa auxiliar os empres\u00e1rios neste crescimento, fundamental para a melhoria cont\u00ednua do entorno e, consequentemente, da qualidade de vida de todos.<\/p>\n<p>Apesar desse cen\u00e1rio de boas perspectivas e algumas iniciativas, a regi\u00e3o ainda \u00e9 carente de especialistas em \u00e1reas essenciais aos neg\u00f3cios, como contadores e administradores. A compet\u00eancia aliada \u00e0 pr\u00e1tica poder\u00e1 modificar o perfil das empresas locais e torn\u00e1-las mais competitivas no cen\u00e1rio econ\u00f4mico regional.<\/p>\n<p>Em fun\u00e7\u00e3o da situa\u00e7\u00e3o de desigualdade social na regi\u00e3o, \u00e9 significativa a constitui\u00e7\u00e3o de empresas no terceiro setor. S\u00e3o ONGs de todas as \u00e1reas de atividade, sendo criadas para minimizar a situa\u00e7\u00e3o de car\u00eancia educacional, financeira e da sa\u00fade. A sua manuten\u00e7\u00e3o depende de presta\u00e7\u00f5es de contas que sejam feitas de forma eficiente, garantindo a continuidade dos servi\u00e7os.<\/p>\n<p>A car\u00eancia profissional existente se estende al\u00e9m do entorno. Mesmo com profissionais sendo formados, inclusive na regi\u00e3o, a migra\u00e7\u00e3o para outras localidades, em virtude de um maior potencial salarial, \u00e9 evidente. As mudan\u00e7as regionais e de infraestrutura e log\u00edstica j\u00e1 come\u00e7am a mudar esse perfil. O preparo de profissionais com compet\u00eancias agregadas e com conhecimento das necessidades da regi\u00e3o poder\u00e1 ser um facilitador para melhora regional e maior interesse por novas empresas a se instalarem na regi\u00e3o.<\/p>\n<p>Preocupa\u00e7\u00f5es extras v\u00eam sendo percebidas, como mudan\u00e7as na legisla\u00e7\u00e3o, press\u00e3o do governo por mais impostos e a necessidade de manuten\u00e7\u00e3o da m\u00e3o de obra. Entretanto, na \u00e1rea cont\u00e1bil e administrativa h\u00e1 um apag\u00e3o, em virtude do aumento das exig\u00eancias por profissionais mais qualificados. Pesquisa realizada pela consultoria Grant Thornton em 2011 j\u00e1 coloca o aspecto burocr\u00e1tico exigido pelos \u00f3rg\u00e3os p\u00fablicos como limitador na capacidade de crescer e expandir as empresas brasileiras.<\/p>\n<p>Aos profissionais da \u00e1rea cont\u00e1bil e administrativa cabe o compromisso de agirem de forma \u00e9tica e respons\u00e1vel na condu\u00e7\u00e3o dos neg\u00f3cios das organiza\u00e7\u00f5es para que esse quadro se reverta, principalmente observando as atividades empreendedoras que possam melhorar a qualidade de vida de uma popula\u00e7\u00e3o carente, mas que demonstra vontade e esfor\u00e7o para promover mudan\u00e7as. Esse \u00e9 o momento de Itaquera, bairros e munic\u00edpios lim\u00edtrofes aproveitarem o potencial de crescimento que ser\u00e1 gerado pela Arena Corinthians para estimular os empreendedores como um todo.<\/p>\n<p>Tenho convic\u00e7\u00e3o que este cen\u00e1rio ocorre em outras localidades em que foram constru\u00eddas arenas para a Copa. Agora que chegou a hora do espet\u00e1culo, precisamos pensar nas coisas boas que podemos colher, com a criatividade caracter\u00edstica do povo brasileiro, diante das oportunidades deixadas pela Copa. Nem tudo s\u00e3o flores, mas \u00e9 leviano dizer que tudo se perder\u00e1. E que venha o hexa!!<\/p>\n<p><em>* Reginaldo Gon\u00e7alves \u00e9 coordenador do curso de Ci\u00eancias Cont\u00e1beis da Faculdade Santa Marcelina \u2013 FASM<\/em><\/p>\n<p>The post As luzes se acendem sobre Itaquera appeared first on Economia SC.<\/p>\n<p>Via: <a href=\"http:\/\/economiasc.com.br\/luzes-se-acendem-sobre-itaquera\/\" class=\"colorbox\" title=\"As luzes se acendem sobre Itaquera\">economiasc.com.br<\/a><\/p>\n","protected":false},"excerpt":{"rendered":"<div class=\"ftpimagefix\" style=\"float:left\"><img decoding=\"async\" width=\"250\" alt=\"Reginaldo Gon\u00e7alves 1\" src=\"http:\/\/economiasc.com.br\/wp-content\/uploads\/2014\/06\/Reginaldo-Gon%C3%A7alves-11-300x200.jpg\"><\/div>\n<p align=\"center\">\n<p align=\"center\">\n<p align=\"center\"><strong>Por Reginaldo Gon\u00e7alves<\/strong><\/p>\n<p align=\"center\">Chegou o grande dia. Nesta quinta-feira, dia 12, as luzes do maior espet\u00e1culo da terra se acendem sobre Itaquera. O bairro popular da zona leste da cidade de S\u00e3o Paulo recebe a abertura da Copa Fifa 2014, com o jogo Brasil e Cro\u00e1cia. Al\u00e9m de brasileiros de todas as partes do pa\u00eds, a regi\u00e3o recebe turistas das mais diversas nacionalidades. \u00c9 algo in\u00e9dito, sem d\u00favida.<\/p>\n<p> Como in\u00e9ditas tamb\u00e9m s\u00e3o as perspectivas geradas pelas obras no entorno da Arena Corinthians, o Itaquer\u00e3o, palco do grande espet\u00e1culo, que ir\u00e3o favorecer a integra\u00e7\u00e3o com os bairros pr\u00f3ximos e com o Alto Tiet\u00ea (que compreende alguns munic\u00edpios da Grande S\u00e3o Paulo, al\u00e9m de Guarulhos e ABCD).<\/p>\n<p>O crescimento do com\u00e9rcio, novas institui\u00e7\u00f5es de ensino, hospital e as obras de infraestrutura, incluindo o novo terminal rodovi\u00e1rio integrado \u00e0 ferrovia e ao metr\u00f4, aumentar\u00e1 o n\u00famero de empresas e contrata\u00e7\u00f5es, permitindo a melhoria da qualidade de vida de sua popula\u00e7\u00e3o. J\u00e1 h\u00e1 algum tempo o movimento imobili\u00e1rio vem valorizando significativamente os im\u00f3veis locais.<\/p>\n<p>De acordo com dados da prefeitura do munic\u00edpio de S\u00e3o Paulo, a regi\u00e3o onde est\u00e1 inserido o bairro de Itaquera tem cerca de 298,8 quil\u00f4metros quadrados e 3,6 milh\u00f5es de habitantes. Somente a Zona Leste representa cerca de 33% da popula\u00e7\u00e3o de 10,7 milh\u00f5es de habitantes da cidade. Em um pa\u00eds onde a desigualdade social \u00e9 grave, v\u00e1rios distritos da Zona Leste est\u00e3o entre os piores em rela\u00e7\u00e3o ao \u00cdndice de Desenvolvimento Humano (IDH), que mede a vulnerabilidade \u00e0 morte, priva\u00e7\u00e3o de conhecimento e padr\u00e3o de vida digno. Cerca de 65,6% dos habitantes t\u00eam entre 15 e 59 anos, o que os insere na faixa de popula\u00e7\u00e3o economicamente ativa.<\/p>\n<p>Durante muitos anos, a regi\u00e3o de Itaquera e os bairros vizinhos foram exclu\u00eddos de investimentos voltados \u00e0 melhoria da qualidade de vida, seja no transporte, habita\u00e7\u00e3o, sa\u00fade ou educa\u00e7\u00e3o. Esta situa\u00e7\u00e3o somente est\u00e1 sendo minimizada gra\u00e7as a parceria p\u00fablico privada que iniciou atrav\u00e9s de Organiza\u00e7\u00f5es N\u00e3o Governamentais (ONGs) e empresas do terceiro setor, voltadas especialmente para a cobertura da sa\u00fade e agora a Arena Corinthians. Entre elas, podemos citar a implanta\u00e7\u00e3o da ETEC e FATEC, a possibilidade de implanta\u00e7\u00e3o de Centro Comercial, a  extens\u00e3o do Rodoanel que atender\u00e1 a regi\u00e3o do Alto Tiet\u00ea, al\u00e9m do incremento de empresas na regi\u00e3o. Tal movimento gera a necessidade de profissionais qualificados para serem facilitadores dos novos neg\u00f3cios que beneficiar\u00e3o uma s\u00e9rie de micro e pequenas empresas.<\/p>\n<p>Dever\u00e3o ser despendidos todos os esfor\u00e7os para a qualifica\u00e7\u00e3o profissional da popula\u00e7\u00e3o local, para que esta possa auxiliar os empres\u00e1rios neste crescimento, fundamental para a melhoria cont\u00ednua do entorno e, consequentemente, da qualidade de vida de todos.<\/p>\n<p>Apesar desse cen\u00e1rio de boas perspectivas e algumas iniciativas, a regi\u00e3o ainda \u00e9 carente de especialistas em \u00e1reas essenciais aos neg\u00f3cios, como contadores e administradores. A compet\u00eancia aliada \u00e0 pr\u00e1tica poder\u00e1 modificar o perfil das empresas locais e torn\u00e1-las mais competitivas no cen\u00e1rio econ\u00f4mico regional.<\/p>\n<p>Em fun\u00e7\u00e3o da situa\u00e7\u00e3o de desigualdade social na regi\u00e3o, \u00e9 significativa a constitui\u00e7\u00e3o de empresas no terceiro setor. S\u00e3o ONGs de todas as \u00e1reas de atividade, sendo criadas para minimizar a situa\u00e7\u00e3o de car\u00eancia educacional, financeira e da sa\u00fade. A sua manuten\u00e7\u00e3o depende de presta\u00e7\u00f5es de contas que sejam feitas de forma eficiente, garantindo a continuidade dos servi\u00e7os.<\/p>\n<p>A car\u00eancia profissional existente se estende al\u00e9m do entorno. Mesmo com profissionais sendo formados, inclusive na regi\u00e3o, a migra\u00e7\u00e3o para outras localidades, em virtude de um maior potencial salarial, \u00e9 evidente. As mudan\u00e7as regionais e de infraestrutura e log\u00edstica j\u00e1 come\u00e7am a mudar esse perfil. O preparo de profissionais com compet\u00eancias agregadas e com conhecimento das necessidades da regi\u00e3o poder\u00e1 ser um facilitador para melhora regional e maior interesse por novas empresas a se instalarem na regi\u00e3o.<\/p>\n<p>Preocupa\u00e7\u00f5es extras v\u00eam sendo percebidas, como mudan\u00e7as na legisla\u00e7\u00e3o, press\u00e3o do governo por mais impostos e a necessidade de manuten\u00e7\u00e3o da m\u00e3o de obra. Entretanto, na \u00e1rea cont\u00e1bil e administrativa h\u00e1 um apag\u00e3o, em virtude do aumento das exig\u00eancias por profissionais mais qualificados. Pesquisa realizada pela consultoria Grant Thornton em 2011 j\u00e1 coloca o aspecto burocr\u00e1tico exigido pelos \u00f3rg\u00e3os p\u00fablicos como limitador na capacidade de crescer e expandir as empresas brasileiras.<\/p>\n<p>Aos profissionais da \u00e1rea cont\u00e1bil e administrativa cabe o compromisso de agirem de forma \u00e9tica e respons\u00e1vel na condu\u00e7\u00e3o dos neg\u00f3cios das organiza\u00e7\u00f5es para que esse quadro se reverta, principalmente observando as atividades empreendedoras que possam melhorar a qualidade de vida de uma popula\u00e7\u00e3o carente, mas que demonstra vontade e esfor\u00e7o para promover mudan\u00e7as. Esse \u00e9 o momento de Itaquera, bairros e munic\u00edpios lim\u00edtrofes aproveitarem o potencial de crescimento que ser\u00e1 gerado pela Arena Corinthians para estimular os empreendedores como um todo.<\/p>\n<p>Tenho convic\u00e7\u00e3o que este cen\u00e1rio ocorre em outras localidades em que foram constru\u00eddas arenas para a Copa. Agora que chegou a hora do espet\u00e1culo, precisamos pensar nas coisas boas que podemos colher, com a criatividade caracter\u00edstica do povo brasileiro, diante das oportunidades deixadas pela Copa. Nem tudo s\u00e3o flores, mas \u00e9 leviano dizer que tudo se perder\u00e1. E que venha o hexa!!<\/p>\n<p><em>* Reginaldo Gon\u00e7alves \u00e9 coordenador do curso de Ci\u00eancias Cont\u00e1beis da Faculdade Santa Marcelina \u2013 FASM<\/em><\/p>\n<p>The post As luzes se acendem sobre Itaquera appeared first on Economia SC.<\/p>\n","protected":false},"author":1,"featured_media":0,"comment_status":"open","ping_status":"open","sticky":false,"template":"","format":"standard","meta":{"footnotes":""},"categories":[5],"tags":[],"class_list":["post-2298","post","type-post","status-publish","format-standard","hentry","category-noticias","no-post-thumbnail"],"_links":{"self":[{"href":"https:\/\/www.cdlbc.com.br\/portal\/wp-json\/wp\/v2\/posts\/2298","targetHints":{"allow":["GET"]}}],"collection":[{"href":"https:\/\/www.cdlbc.com.br\/portal\/wp-json\/wp\/v2\/posts"}],"about":[{"href":"https:\/\/www.cdlbc.com.br\/portal\/wp-json\/wp\/v2\/types\/post"}],"author":[{"embeddable":true,"href":"https:\/\/www.cdlbc.com.br\/portal\/wp-json\/wp\/v2\/users\/1"}],"replies":[{"embeddable":true,"href":"https:\/\/www.cdlbc.com.br\/portal\/wp-json\/wp\/v2\/comments?post=2298"}],"version-history":[{"count":0,"href":"https:\/\/www.cdlbc.com.br\/portal\/wp-json\/wp\/v2\/posts\/2298\/revisions"}],"wp:attachment":[{"href":"https:\/\/www.cdlbc.com.br\/portal\/wp-json\/wp\/v2\/media?parent=2298"}],"wp:term":[{"taxonomy":"category","embeddable":true,"href":"https:\/\/www.cdlbc.com.br\/portal\/wp-json\/wp\/v2\/categories?post=2298"},{"taxonomy":"post_tag","embeddable":true,"href":"https:\/\/www.cdlbc.com.br\/portal\/wp-json\/wp\/v2\/tags?post=2298"}],"curies":[{"name":"wp","href":"https:\/\/api.w.org\/{rel}","templated":true}]}}