{"id":2297,"date":"2014-06-13T14:41:00","date_gmt":"2014-06-13T14:41:00","guid":{"rendered":"http:\/\/www.cdlbc.com.br\/portal\/noticias\/volume-de-vendas-no-comercio-varejista-fica-baixo\/"},"modified":"2014-06-13T14:41:00","modified_gmt":"2014-06-13T14:41:00","slug":"volume-de-vendas-no-comercio-varejista-fica-baixo","status":"publish","type":"post","link":"https:\/\/www.cdlbc.com.br\/portal\/noticias\/volume-de-vendas-no-comercio-varejista-fica-baixo\/","title":{"rendered":"Volume de vendas no com\u00e9rcio varejista fica baixo"},"content":{"rendered":"<div class=\"ftpimagefix\" style=\"float:left\"><img decoding=\"async\" width=\"250\" alt=\"com\u00e9rcioo\" src=\"http:\/\/economiasc.com.br\/wp-content\/uploads\/2014\/06\/com%C3%A9rcioo-300x200.jpg\"><\/div>\n<p>Segundo o IBGE, no acumulado de 12 meses o volume de vendas ficou em 3,7%, em SC. Foto: Divulga\u00e7\u00e3o<\/p>\n<p>O resultado da Pesquisa Mensal do Com\u00e9rcio (PMC), divulgado pelo Instituto Brasileiro de Geografia e Estat\u00edstica (IBGE) mostra que em Santa Catarina, no acumulado de 12 meses, o volume de vendas ficou em 3,7%, com varia\u00e7\u00e3o de 6,2% em abril na compara\u00e7\u00e3o com o mesmo m\u00eas do ano passado. A receita nominal fechou o ano com 10,4.<\/p>\n<p>Para a Federa\u00e7\u00e3o do Com\u00e9rcio de Bens, Servi\u00e7os e Turismo de Santa Catarina (Fecom\u00e9rcio SC), o com\u00e9rcio varejista segue com baixo volume de vendas, muito porque os elevados juros prejudicam as concess\u00f5es de cr\u00e9dito. De acordo com dados do Banco Central, em abril deste ano o estoque de opera\u00e7\u00f5es teve o menor avan\u00e7o desde o in\u00edcio da s\u00e9rie hist\u00f3rica, enquanto a taxa de juros m\u00e9dia para pessoas f\u00edsicas subiu de 34,4% ao ano em abril do ano passado para 42% a.a. em igual per\u00edodo deste ano. Tamb\u00e9m a alta infla\u00e7\u00e3o dos alimentos prejudicou as vendas nos supermercados. Para os pr\u00f3ximos meses, a Copa do Mundo pode proporcionar alguma acelera\u00e7\u00e3o pontual, mas a perspectiva geral \u00e9 que o crescimento continue t\u00edmido.<\/p>\n<p><strong>Com\u00e9rcio varejista ampliado<\/strong><\/p>\n<p>No pa\u00eds, em abril, o com\u00e9rcio varejista registrou queda de 0,4% no volume de vendas e alta de 0,6% na receita nominal, ambas as varia\u00e7\u00f5es com rela\u00e7\u00e3o ao m\u00eas anterior, ajustadas sazonalmente. Nas demais compara\u00e7\u00f5es, o varejo nacional apresentou, em termos de volume de vendas, acr\u00e9scimo da ordem de 6,7% sobre abril do ano anterior, 5,0% no acumulado do primeiro quadrimestre do ano; e 4,9% no acumulado dos \u00faltimos 12 meses. Nas mesmas compara\u00e7\u00f5es a receita nominal de vendas assinalou taxas de 13,5%, 11,1% e de 11,8%, respectivamente.<\/p>\n<p><strong>Sete atividades com varia\u00e7\u00e3o negativa<\/strong><\/p>\n<p>Na s\u00e9rie com ajuste sazonal, sete das dez atividades do com\u00e9rcio varejista ampliado obtiveram varia\u00e7\u00f5es negativas em volume de vendas. As taxas foram as seguintes: 5,4% em Ve\u00edculos e motos, partes e pe\u00e7as; 0,3% para Outros artigos de uso pessoal e dom\u00e9stico; 0,0% em Artigos farmac\u00eauticos, m\u00e9dicos, ortop\u00e9dicos, de perfumaria e cosm\u00e9ticos; -0,1% para M\u00f3veis e eletrodom\u00e9sticos; -0,5% em Material de constru\u00e7\u00e3o; -0,8% em Combust\u00edveis e lubrificantes; -1,0% para Tecidos, vestu\u00e1rio e cal\u00e7ados; -1,4% em Hipermercados, supermercados, produtos aliment\u00edcios, bebidas e fumo; -2,6% para Equipamentos e material para escrit\u00f3rio, inform\u00e1tica e comunica\u00e7\u00e3o; e -2,7% em Livros, jornais, revistas e papelaria.<\/p>\n<p>Na compara\u00e7\u00e3o com abril de 2013, cinco das oito atividades do varejo registram resultados positivos no volume de vendas. Pela import\u00e2ncia no resultado global, segundo a composi\u00e7\u00e3o da taxa, a ordem \u00e9 a seguinte: Hipermercados, supermercados, produtos aliment\u00edcios, bebidas e fumo (10,1%); Outros artigos de uso pessoal e dom\u00e9stico (16,0%); Artigos farmac\u00eauticos, m\u00e9dicos, ortop\u00e9dicos, de perfumaria e cosm\u00e9ticos (5,4%); M\u00f3veis e eletrodom\u00e9sticos (2,4%); Combust\u00edveis e lubrificantes (1,5%); Equipamentos e material para escrit\u00f3rio, inform\u00e1tica e comunica\u00e7\u00e3o (-3,9%); Livros, jornais, revistas e papelaria (-10,5%); e Tecidos, vestu\u00e1rio e cal\u00e7ados (-5,5%).<\/p>\n<p><strong>Varejista ampliado tem varia\u00e7\u00e3o positiva<\/strong><\/p>\n<p>No com\u00e9rcio varejista ampliado, que inclui o varejo mais as atividades de Ve\u00edculos, motos, partes e pe\u00e7as e de Material de constru\u00e7\u00e3o, registrou varia\u00e7\u00e3o positiva tanto no volume de vendas (0,6%) quanto na receita nominal (1,1%), em rela\u00e7\u00e3o ao m\u00eas anterior com ajuste sazonal. Em rela\u00e7\u00e3o ao mesmo m\u00eas do ano anterior houve estabilidade no volume (0%) e aumento na receita (6,0%). Quanto \u00e0s taxas acumuladas, os aumentos foram de 1,6% no ano e de 2,5% nos \u00faltimos 12 meses, para o volume de vendas, e de 6,9% e 8,0% para a receita nominal, respectivamente.<\/p>\n<p>The post Volume de vendas no com\u00e9rcio varejista fica baixo appeared first on Economia SC.<\/p>\n<p>Via: <a href=\"http:\/\/economiasc.com.br\/volume-de-vendas-comercio-varejista-fica-baixo\/\" class=\"colorbox\" title=\"Volume de vendas no com\u00e9rcio varejista fica baixo\">economiasc.com.br<\/a><\/p>\n","protected":false},"excerpt":{"rendered":"<div class=\"ftpimagefix\" style=\"float:left\"><img decoding=\"async\" width=\"250\" alt=\"com\u00e9rcioo\" src=\"http:\/\/economiasc.com.br\/wp-content\/uploads\/2014\/06\/com%C3%A9rcioo-300x200.jpg\"><\/div>\n<p>Segundo o IBGE, no acumulado de 12 meses o volume de vendas ficou em 3,7%, em SC. Foto: Divulga\u00e7\u00e3o<\/p>\n<p>O resultado da Pesquisa Mensal do Com\u00e9rcio (PMC), divulgado pelo Instituto Brasileiro de Geografia e Estat\u00edstica (IBGE) mostra que em Santa Catarina, no acumulado de 12 meses, o volume de vendas ficou em 3,7%, com varia\u00e7\u00e3o de 6,2% em abril na compara\u00e7\u00e3o com o mesmo m\u00eas do ano passado. A receita nominal fechou o ano com 10,4.<\/p>\n<p>Para a Federa\u00e7\u00e3o do Com\u00e9rcio de Bens, Servi\u00e7os e Turismo de Santa Catarina (Fecom\u00e9rcio SC), o com\u00e9rcio varejista segue com baixo volume de vendas, muito porque os elevados juros prejudicam as concess\u00f5es de cr\u00e9dito. De acordo com dados do Banco Central, em abril deste ano o estoque de opera\u00e7\u00f5es teve o menor avan\u00e7o desde o in\u00edcio da s\u00e9rie hist\u00f3rica, enquanto a taxa de juros m\u00e9dia para pessoas f\u00edsicas subiu de 34,4% ao ano em abril do ano passado para 42% a.a. em igual per\u00edodo deste ano. Tamb\u00e9m a alta infla\u00e7\u00e3o dos alimentos prejudicou as vendas nos supermercados. Para os pr\u00f3ximos meses, a Copa do Mundo pode proporcionar alguma acelera\u00e7\u00e3o pontual, mas a perspectiva geral \u00e9 que o crescimento continue t\u00edmido.<\/p>\n<p><strong>Com\u00e9rcio varejista ampliado<\/strong><\/p>\n<p>No pa\u00eds, em abril, o com\u00e9rcio varejista registrou queda de 0,4% no volume de vendas e alta de 0,6% na receita nominal, ambas as varia\u00e7\u00f5es com rela\u00e7\u00e3o ao m\u00eas anterior, ajustadas sazonalmente. Nas demais compara\u00e7\u00f5es, o varejo nacional apresentou, em termos de volume de vendas, acr\u00e9scimo da ordem de 6,7% sobre abril do ano anterior, 5,0% no acumulado do primeiro quadrimestre do ano; e 4,9% no acumulado dos \u00faltimos 12 meses. Nas mesmas compara\u00e7\u00f5es a receita nominal de vendas assinalou taxas de 13,5%, 11,1% e de 11,8%, respectivamente.<\/p>\n<p><strong>Sete atividades com varia\u00e7\u00e3o negativa<\/strong><\/p>\n<p>Na s\u00e9rie com ajuste sazonal, sete das dez atividades do com\u00e9rcio varejista ampliado obtiveram varia\u00e7\u00f5es negativas em volume de vendas. As taxas foram as seguintes: 5,4% em Ve\u00edculos e motos, partes e pe\u00e7as; 0,3% para Outros artigos de uso pessoal e dom\u00e9stico; 0,0% em Artigos farmac\u00eauticos, m\u00e9dicos, ortop\u00e9dicos, de perfumaria e cosm\u00e9ticos; -0,1% para M\u00f3veis e eletrodom\u00e9sticos; -0,5% em Material de constru\u00e7\u00e3o; -0,8% em Combust\u00edveis e lubrificantes; -1,0% para Tecidos, vestu\u00e1rio e cal\u00e7ados; -1,4% em Hipermercados, supermercados, produtos aliment\u00edcios, bebidas e fumo; -2,6% para Equipamentos e material para escrit\u00f3rio, inform\u00e1tica e comunica\u00e7\u00e3o; e -2,7% em Livros, jornais, revistas e papelaria.<\/p>\n<p>Na compara\u00e7\u00e3o com abril de 2013, cinco das oito atividades do varejo registram resultados positivos no volume de vendas. Pela import\u00e2ncia no resultado global, segundo a composi\u00e7\u00e3o da taxa, a ordem \u00e9 a seguinte: Hipermercados, supermercados, produtos aliment\u00edcios, bebidas e fumo (10,1%); Outros artigos de uso pessoal e dom\u00e9stico (16,0%); Artigos farmac\u00eauticos, m\u00e9dicos, ortop\u00e9dicos, de perfumaria e cosm\u00e9ticos (5,4%); M\u00f3veis e eletrodom\u00e9sticos (2,4%); Combust\u00edveis e lubrificantes (1,5%); Equipamentos e material para escrit\u00f3rio, inform\u00e1tica e comunica\u00e7\u00e3o (-3,9%); Livros, jornais, revistas e papelaria (-10,5%); e Tecidos, vestu\u00e1rio e cal\u00e7ados (-5,5%).<\/p>\n<p><strong>Varejista ampliado tem varia\u00e7\u00e3o positiva<\/strong><\/p>\n<p>No com\u00e9rcio varejista ampliado, que inclui o varejo mais as atividades de Ve\u00edculos, motos, partes e pe\u00e7as e de Material de constru\u00e7\u00e3o, registrou varia\u00e7\u00e3o positiva tanto no volume de vendas (0,6%) quanto na receita nominal (1,1%), em rela\u00e7\u00e3o ao m\u00eas anterior com ajuste sazonal. Em rela\u00e7\u00e3o ao mesmo m\u00eas do ano anterior houve estabilidade no volume (0%) e aumento na receita (6,0%). Quanto \u00e0s taxas acumuladas, os aumentos foram de 1,6% no ano e de 2,5% nos \u00faltimos 12 meses, para o volume de vendas, e de 6,9% e 8,0% para a receita nominal, respectivamente.<\/p>\n<p>The post Volume de vendas no com\u00e9rcio varejista fica baixo appeared first on Economia SC.<\/p>\n","protected":false},"author":1,"featured_media":0,"comment_status":"open","ping_status":"open","sticky":false,"template":"","format":"standard","meta":{"footnotes":""},"categories":[5],"tags":[],"class_list":["post-2297","post","type-post","status-publish","format-standard","hentry","category-noticias","no-post-thumbnail"],"_links":{"self":[{"href":"https:\/\/www.cdlbc.com.br\/portal\/wp-json\/wp\/v2\/posts\/2297","targetHints":{"allow":["GET"]}}],"collection":[{"href":"https:\/\/www.cdlbc.com.br\/portal\/wp-json\/wp\/v2\/posts"}],"about":[{"href":"https:\/\/www.cdlbc.com.br\/portal\/wp-json\/wp\/v2\/types\/post"}],"author":[{"embeddable":true,"href":"https:\/\/www.cdlbc.com.br\/portal\/wp-json\/wp\/v2\/users\/1"}],"replies":[{"embeddable":true,"href":"https:\/\/www.cdlbc.com.br\/portal\/wp-json\/wp\/v2\/comments?post=2297"}],"version-history":[{"count":0,"href":"https:\/\/www.cdlbc.com.br\/portal\/wp-json\/wp\/v2\/posts\/2297\/revisions"}],"wp:attachment":[{"href":"https:\/\/www.cdlbc.com.br\/portal\/wp-json\/wp\/v2\/media?parent=2297"}],"wp:term":[{"taxonomy":"category","embeddable":true,"href":"https:\/\/www.cdlbc.com.br\/portal\/wp-json\/wp\/v2\/categories?post=2297"},{"taxonomy":"post_tag","embeddable":true,"href":"https:\/\/www.cdlbc.com.br\/portal\/wp-json\/wp\/v2\/tags?post=2297"}],"curies":[{"name":"wp","href":"https:\/\/api.w.org\/{rel}","templated":true}]}}