{"id":2286,"date":"2014-06-13T13:40:00","date_gmt":"2014-06-13T13:40:00","guid":{"rendered":"http:\/\/www.cdlbc.com.br\/portal\/noticias\/feira-do-mel-vai-ate-sabado-no-centro-da-capital\/"},"modified":"2014-06-13T13:40:00","modified_gmt":"2014-06-13T13:40:00","slug":"feira-do-mel-vai-ate-sabado-no-centro-da-capital","status":"publish","type":"post","link":"https:\/\/www.cdlbc.com.br\/portal\/noticias\/feira-do-mel-vai-ate-sabado-no-centro-da-capital\/","title":{"rendered":"Feira do mel vai at\u00e9 s\u00e1bado no centro da Capital"},"content":{"rendered":"<p>Feira do mel re\u00fane at\u00e9 s\u00e1bado, dia 14, os 18 expositores de diversas regi\u00f5es catarinenses que, al\u00e9m de mel puro, tamb\u00e9m possuem grande variedade de derivados como p\u00f3len, pr\u00f3polis, geleia real, cera de abelha, balas, biscoitos e cosm\u00e9ticos. A maior aposta da feira para estimular as fam\u00edlias a consumirem o produto continua sendo o pre\u00e7o, nesta edi\u00e7\u00e3o o pote de um quilo de mel est\u00e1 sendo vendido por R$ 13 \u2013 a mesma quantidade no mercado varejista custa em m\u00e9dia R$ 22.<\/p>\n<p>Quem passa pelo Largo da Alf\u00e2ndega recebe um livreto com mais de 30 receitas \u00e0 base de mel, todas testadas e aprovadas por apicultoras do estado. Al\u00e9m disso, os visitantes podem experimentar, gratuitamente, uma massagem facial com sabonete \u00e0 base de mel, argila e p\u00f3len, feita por uma equipe de massoterapeutas. O hor\u00e1rio de funcionamento da Feira \u00e9 das 8h \u00e0s 18h30 e no s\u00e1bado das 8h \u00e0s 14h.<\/p>\n<p>The post <a class=\"colorbox\" rel=\"nofollow\" href=\"http:\/\/economiasc.com.br\/feira-mel-vai-ate-sabado-centro-da-capital\/\">Feira do mel vai at\u00e9 s\u00e1bado no centro da Capital<\/a> appeared first on <a class=\"colorbox\" rel=\"nofollow\" href=\"http:\/\/economiasc.com.br\/\">Economia SC<\/a>.<\/p>\n<p>Via: <a href=\"http:\/\/economiasc.com.br\/feira-mel-vai-ate-sabado-centro-da-capital\/\" class=\"colorbox\" title=\"Feira do mel vai at\u00e9 s\u00e1bado no centro da Capital\">economiasc.com.br<\/a><\/p>\n","protected":false},"excerpt":{"rendered":"<p>Feira do mel re\u00fane at\u00e9 s\u00e1bado, dia 14, os 18 expositores de diversas regi\u00f5es catarinenses que, al\u00e9m de mel puro, tamb\u00e9m possuem grande variedade de derivados como p\u00f3len, pr\u00f3polis, geleia real, cera de abelha, balas, biscoitos e cosm\u00e9ticos. A maior aposta da feira para estimular as fam\u00edlias a consumirem o produto continua sendo o pre\u00e7o, nesta edi\u00e7\u00e3o o pote de um quilo de mel est\u00e1 sendo vendido por R$ 13 \u2013 a mesma quantidade no mercado varejista custa em m\u00e9dia R$ 22.<\/p>\n<p>Quem passa pelo Largo da Alf\u00e2ndega recebe um livreto com mais de 30 receitas \u00e0 base de mel, todas testadas e aprovadas por apicultoras do estado. Al\u00e9m disso, os visitantes podem experimentar, gratuitamente, uma massagem facial com sabonete \u00e0 base de mel, argila e p\u00f3len, feita por uma equipe de massoterapeutas. O hor\u00e1rio de funcionamento da Feira \u00e9 das 8h \u00e0s 18h30 e no s\u00e1bado das 8h \u00e0s 14h.<\/p>\n<p>The post <a class=\"colorbox\" rel=\"nofollow\" href=\"http:\/\/economiasc.com.br\/feira-mel-vai-ate-sabado-centro-da-capital\/\">Feira do mel vai at\u00e9 s\u00e1bado no centro da Capital<\/a> appeared first on <a class=\"colorbox\" rel=\"nofollow\" href=\"http:\/\/economiasc.com.br\/\">Economia SC<\/a>.<\/p>\n","protected":false},"author":1,"featured_media":0,"comment_status":"open","ping_status":"open","sticky":false,"template":"","format":"standard","meta":{"footnotes":""},"categories":[5],"tags":[],"class_list":["post-2286","post","type-post","status-publish","format-standard","hentry","category-noticias","no-post-thumbnail"],"_links":{"self":[{"href":"https:\/\/www.cdlbc.com.br\/portal\/wp-json\/wp\/v2\/posts\/2286","targetHints":{"allow":["GET"]}}],"collection":[{"href":"https:\/\/www.cdlbc.com.br\/portal\/wp-json\/wp\/v2\/posts"}],"about":[{"href":"https:\/\/www.cdlbc.com.br\/portal\/wp-json\/wp\/v2\/types\/post"}],"author":[{"embeddable":true,"href":"https:\/\/www.cdlbc.com.br\/portal\/wp-json\/wp\/v2\/users\/1"}],"replies":[{"embeddable":true,"href":"https:\/\/www.cdlbc.com.br\/portal\/wp-json\/wp\/v2\/comments?post=2286"}],"version-history":[{"count":0,"href":"https:\/\/www.cdlbc.com.br\/portal\/wp-json\/wp\/v2\/posts\/2286\/revisions"}],"wp:attachment":[{"href":"https:\/\/www.cdlbc.com.br\/portal\/wp-json\/wp\/v2\/media?parent=2286"}],"wp:term":[{"taxonomy":"category","embeddable":true,"href":"https:\/\/www.cdlbc.com.br\/portal\/wp-json\/wp\/v2\/categories?post=2286"},{"taxonomy":"post_tag","embeddable":true,"href":"https:\/\/www.cdlbc.com.br\/portal\/wp-json\/wp\/v2\/tags?post=2286"}],"curies":[{"name":"wp","href":"https:\/\/api.w.org\/{rel}","templated":true}]}}