{"id":2284,"date":"2014-06-13T13:21:00","date_gmt":"2014-06-13T13:21:00","guid":{"rendered":"http:\/\/www.cdlbc.com.br\/portal\/noticias\/d-catarina-premia-destaques-do-design-na-industria\/"},"modified":"2014-06-13T13:21:00","modified_gmt":"2014-06-13T13:21:00","slug":"d-catarina-premia-destaques-do-design-na-industria","status":"publish","type":"post","link":"https:\/\/www.cdlbc.com.br\/portal\/noticias\/d-catarina-premia-destaques-do-design-na-industria\/","title":{"rendered":"D.Catarina premia destaques do design na ind\u00fastria"},"content":{"rendered":"<div class=\"ftpimagefix\" style=\"float:left\"><img decoding=\"async\" width=\"250\" alt=\"Natalino Uggioni (esq) entrega premia\u00e7\u00e3o aos criadores da roupa de neoprene Flexxxa Pro. Foto: F\u00e1bio Almeida\/Fiesc\" src=\"http:\/\/economiasc.com.br\/wp-content\/uploads\/2014\/06\/premio-d-catarina-2014-300x200.jpg\"><\/div>\n<p>Natalino Uggioni (esq) entrega premia\u00e7\u00e3o aos criadores da roupa de neoprene Flexxxa Pro. Foto: F\u00e1bio Almeida\/Fiesc<\/p>\n<p>De uma cadeira de metal e madeira que \u00e9 montada pelo pr\u00f3prio cliente a uma vestimenta de inverno para surfistas que n\u00e3o utiliza z\u00edper, o Pr\u00eamio D. Catarina reconheceu na noite desta quarta-feira, dia 11, a criatividade e a compet\u00eancia dos designers das ind\u00fastrias catarinenses. No total, seis produtos foram premiados pelo concurso, que foi realizado pela Federa\u00e7\u00e3o das Ind\u00fastrias de Santa Catarina (Fiesc) em conjunto com o Centro de Design Catarina.<\/p>\n<p>\u201cN\u00f3s tivemos uma grata surpresa com o n\u00famero de bons produtos idealizados e desenvolvidos por profissionais da ind\u00fastria catarinense. Nossa meta inicial, nesta primeira edi\u00e7\u00e3o do pr\u00eamio, era de 30 inscri\u00e7\u00f5es. Tivemos, no entanto, 74 produtos concorrendo nas diferentes categorias\u201d, revelou Natalino Uggioni, superintendente do Instituto Euvaldo Lodi (IEL) Santa Catarina, entidade da Fiesc.<\/p>\n<p>O j\u00fari foi formado pelo renomado designer carioca Guto \u00cdndio da Costa, pelo diretor da ag\u00eancia paulistana OZ Design e vice-presidente da ABEDesign, Andr\u00e9 Poppovic, pela designer e diretora executiva do Centro Brasil Design, Let\u00edcia Costa, pela designer paulistana e presidente da Associa\u00e7\u00e3o Brasileira de Embalagem (Abre), Gisela Schulzinger, e pela editora da Revista Living, M\u00f4nica Barbosa.<\/p>\n<p>\u201cN\u00f3s tivemos representantes de diversos setores da ind\u00fastria catarinense, solu\u00e7\u00f5es de design inovadoras em produtos bem resolvidos. Isto surpreendeu o j\u00fari e a organiza\u00e7\u00e3o do pr\u00eamio\u201d afirmou Let\u00edcia Costa.<\/p>\n<p>Dos 74 inscritos, o j\u00fari elegeu 24 para a final. Foram solicitadas amostras dos produtos, que passaram por avalia\u00e7\u00e3o no dia 9. Abaixo, a rela\u00e7\u00e3o dos premiados em seis categorias, al\u00e9m de duas men\u00e7\u00f5es honrosas.<\/p>\n<p>Cer\u00e2mica<\/p>\n<p align=\"justify\">Produto: <strong>Cuba Laguna<\/strong> | Empresa: Sabbia | Designer: C\u00e9lio Teodorico<\/p>\n<p>Embalagens<br \/>\nProduto: <strong>Royalpack coloRoll e Greenpack<\/strong> | Empresa: Royalpack | Designer: Pablo Ramirez Chac\u00f3n<\/p>\n<p>Esportes<br \/>\nProduto: <strong>Roupa de Neoprene Flexxxa Pro<\/strong> | Empresa: Mormaii \u2013 atrav\u00e9s da licenciada Elfaro | Designer: Zanata Freitas<\/p>\n<p>M\u00f3veis<br \/>\nProduto: <strong>Cadeira Alpha<\/strong> | Empresa: Ipsilon Design | Designer: Maur\u00edcio Jos\u00e9 Sc\u00f3z Junior<\/p>\n<p>Superf\u00edcies e acabamentos<br \/>\nProduto: <strong>Ecomat\u00e9ria<\/strong> | Empresa: Rator\u00f3i Moda e Design | Designer: Fl\u00e1via Vanelli<\/p>\n<p>Utilidades<br \/>\nProduto: <strong>Banheira Alegria<\/strong> | Empresa: Cajovil \/ Adoleta | Designer: Dois pra Um Design<\/p>\n<p>Men\u00e7\u00f5es honrosas<\/p>\n<p>Produto:<strong> Lavadora Special Easy Dry<\/strong> | Empresa: Mueller Eletrodom\u00e9sticos | Designer: Chelles &amp; Hayashi<\/p>\n<p>Produto: <strong>Centr\u00edfuga Wanke Suprema<\/strong> | Empresa: Wanke SA| Designer: Marcos Sebben<\/p>\n<p><strong>Bienal de Design &#8211; <\/strong>O pr\u00eamio D. Catarina \u00e9 uma das a\u00e7\u00f5es pr\u00e9-Bienal Brasileira de Design 2015. O evento ser\u00e1 realizado a partir de 15 de maio do pr\u00f3ximo ano e ir\u00e1 apresentar o melhor da produ\u00e7\u00e3o de design nacional e aumentar a percep\u00e7\u00e3o do p\u00fablico sobre a presen\u00e7a do design em seu dia a dia.<\/p>\n<p>A Bienal \u00e9 uma iniciativa do Minist\u00e9rio do Desenvolvimento, Ind\u00fastria e Com\u00e9rcio Exterior (MDIC) e do Movimento Brasil Competitivo (MBC), apoiada pela Apex-Brasil e Governo de Santa Catarina e promovida pela FIESC e pela Associa\u00e7\u00e3o Catarinense de Design (SC Design).<\/p>\n<p>\u201cN\u00f3s queremos que a Bienal deixe um legado no Estado, e que este processo tenha continuidade. Ent\u00e3o, estudamos a reedi\u00e7\u00e3o do pr\u00eamio D. Catarina em 2015. Seria uma \u00f3tima oportunidade para lembrar a import\u00e2ncia do design como fator de melhoria da competitividade para a ind\u00fastria\u201d, revelou Natalino Uggioni, do IEL.<\/p>\n<p>The post D.Catarina premia destaques do design na ind\u00fastria appeared first on Economia SC.<\/p>\n<p>Via: <a href=\"http:\/\/economiasc.com.br\/d-catarina-premia-destaques-design-na-industria\/\" class=\"colorbox\" title=\"D.Catarina premia destaques do design na ind\u00fastria\">economiasc.com.br<\/a><\/p>\n","protected":false},"excerpt":{"rendered":"<div class=\"ftpimagefix\" style=\"float:left\"><img decoding=\"async\" width=\"250\" alt=\"Natalino Uggioni (esq) entrega premia\u00e7\u00e3o aos criadores da roupa de neoprene Flexxxa Pro. Foto: F\u00e1bio Almeida\/Fiesc\" src=\"http:\/\/economiasc.com.br\/wp-content\/uploads\/2014\/06\/premio-d-catarina-2014-300x200.jpg\"><\/div>\n<p>Natalino Uggioni (esq) entrega premia\u00e7\u00e3o aos criadores da roupa de neoprene Flexxxa Pro. Foto: F\u00e1bio Almeida\/Fiesc<\/p>\n<p>De uma cadeira de metal e madeira que \u00e9 montada pelo pr\u00f3prio cliente a uma vestimenta de inverno para surfistas que n\u00e3o utiliza z\u00edper, o Pr\u00eamio D. Catarina reconheceu na noite desta quarta-feira, dia 11, a criatividade e a compet\u00eancia dos designers das ind\u00fastrias catarinenses. No total, seis produtos foram premiados pelo concurso, que foi realizado pela Federa\u00e7\u00e3o das Ind\u00fastrias de Santa Catarina (Fiesc) em conjunto com o Centro de Design Catarina.<\/p>\n<p>\u201cN\u00f3s tivemos uma grata surpresa com o n\u00famero de bons produtos idealizados e desenvolvidos por profissionais da ind\u00fastria catarinense. Nossa meta inicial, nesta primeira edi\u00e7\u00e3o do pr\u00eamio, era de 30 inscri\u00e7\u00f5es. Tivemos, no entanto, 74 produtos concorrendo nas diferentes categorias\u201d, revelou Natalino Uggioni, superintendente do Instituto Euvaldo Lodi (IEL) Santa Catarina, entidade da Fiesc.<\/p>\n<p>O j\u00fari foi formado pelo renomado designer carioca Guto \u00cdndio da Costa, pelo diretor da ag\u00eancia paulistana OZ Design e vice-presidente da ABEDesign, Andr\u00e9 Poppovic, pela designer e diretora executiva do Centro Brasil Design, Let\u00edcia Costa, pela designer paulistana e presidente da Associa\u00e7\u00e3o Brasileira de Embalagem (Abre), Gisela Schulzinger, e pela editora da Revista Living, M\u00f4nica Barbosa.<\/p>\n<p>\u201cN\u00f3s tivemos representantes de diversos setores da ind\u00fastria catarinense, solu\u00e7\u00f5es de design inovadoras em produtos bem resolvidos. Isto surpreendeu o j\u00fari e a organiza\u00e7\u00e3o do pr\u00eamio\u201d afirmou Let\u00edcia Costa.<\/p>\n<p>Dos 74 inscritos, o j\u00fari elegeu 24 para a final. Foram solicitadas amostras dos produtos, que passaram por avalia\u00e7\u00e3o no dia 9. Abaixo, a rela\u00e7\u00e3o dos premiados em seis categorias, al\u00e9m de duas men\u00e7\u00f5es honrosas.<\/p>\n<p>Cer\u00e2mica<\/p>\n<p align=\"justify\">Produto: <strong>Cuba Laguna<\/strong> | Empresa: Sabbia | Designer: C\u00e9lio Teodorico<\/p>\n<p>Embalagens<br \/>\nProduto: <strong>Royalpack coloRoll e Greenpack<\/strong> | Empresa: Royalpack | Designer: Pablo Ramirez Chac\u00f3n<\/p>\n<p>Esportes<br \/>\nProduto: <strong>Roupa de Neoprene Flexxxa Pro<\/strong> | Empresa: Mormaii \u2013 atrav\u00e9s da licenciada Elfaro | Designer: Zanata Freitas<\/p>\n<p>M\u00f3veis<br \/>\nProduto: <strong>Cadeira Alpha<\/strong> | Empresa: Ipsilon Design | Designer: Maur\u00edcio Jos\u00e9 Sc\u00f3z Junior<\/p>\n<p>Superf\u00edcies e acabamentos<br \/>\nProduto: <strong>Ecomat\u00e9ria<\/strong> | Empresa: Rator\u00f3i Moda e Design | Designer: Fl\u00e1via Vanelli<\/p>\n<p>Utilidades<br \/>\nProduto: <strong>Banheira Alegria<\/strong> | Empresa: Cajovil \/ Adoleta | Designer: Dois pra Um Design<\/p>\n<p>Men\u00e7\u00f5es honrosas<\/p>\n<p>Produto:<strong> Lavadora Special Easy Dry<\/strong> | Empresa: Mueller Eletrodom\u00e9sticos | Designer: Chelles &amp; Hayashi<\/p>\n<p>Produto: <strong>Centr\u00edfuga Wanke Suprema<\/strong> | Empresa: Wanke SA| Designer: Marcos Sebben<\/p>\n<p><strong>Bienal de Design &#8211; <\/strong>O pr\u00eamio D. Catarina \u00e9 uma das a\u00e7\u00f5es pr\u00e9-Bienal Brasileira de Design 2015. O evento ser\u00e1 realizado a partir de 15 de maio do pr\u00f3ximo ano e ir\u00e1 apresentar o melhor da produ\u00e7\u00e3o de design nacional e aumentar a percep\u00e7\u00e3o do p\u00fablico sobre a presen\u00e7a do design em seu dia a dia.<\/p>\n<p>A Bienal \u00e9 uma iniciativa do Minist\u00e9rio do Desenvolvimento, Ind\u00fastria e Com\u00e9rcio Exterior (MDIC) e do Movimento Brasil Competitivo (MBC), apoiada pela Apex-Brasil e Governo de Santa Catarina e promovida pela FIESC e pela Associa\u00e7\u00e3o Catarinense de Design (SC Design).<\/p>\n<p>\u201cN\u00f3s queremos que a Bienal deixe um legado no Estado, e que este processo tenha continuidade. Ent\u00e3o, estudamos a reedi\u00e7\u00e3o do pr\u00eamio D. Catarina em 2015. Seria uma \u00f3tima oportunidade para lembrar a import\u00e2ncia do design como fator de melhoria da competitividade para a ind\u00fastria\u201d, revelou Natalino Uggioni, do IEL.<\/p>\n<p>The post D.Catarina premia destaques do design na ind\u00fastria appeared first on Economia SC.<\/p>\n","protected":false},"author":1,"featured_media":0,"comment_status":"open","ping_status":"open","sticky":false,"template":"","format":"standard","meta":{"footnotes":""},"categories":[5],"tags":[],"class_list":["post-2284","post","type-post","status-publish","format-standard","hentry","category-noticias","no-post-thumbnail"],"_links":{"self":[{"href":"https:\/\/www.cdlbc.com.br\/portal\/wp-json\/wp\/v2\/posts\/2284","targetHints":{"allow":["GET"]}}],"collection":[{"href":"https:\/\/www.cdlbc.com.br\/portal\/wp-json\/wp\/v2\/posts"}],"about":[{"href":"https:\/\/www.cdlbc.com.br\/portal\/wp-json\/wp\/v2\/types\/post"}],"author":[{"embeddable":true,"href":"https:\/\/www.cdlbc.com.br\/portal\/wp-json\/wp\/v2\/users\/1"}],"replies":[{"embeddable":true,"href":"https:\/\/www.cdlbc.com.br\/portal\/wp-json\/wp\/v2\/comments?post=2284"}],"version-history":[{"count":0,"href":"https:\/\/www.cdlbc.com.br\/portal\/wp-json\/wp\/v2\/posts\/2284\/revisions"}],"wp:attachment":[{"href":"https:\/\/www.cdlbc.com.br\/portal\/wp-json\/wp\/v2\/media?parent=2284"}],"wp:term":[{"taxonomy":"category","embeddable":true,"href":"https:\/\/www.cdlbc.com.br\/portal\/wp-json\/wp\/v2\/categories?post=2284"},{"taxonomy":"post_tag","embeddable":true,"href":"https:\/\/www.cdlbc.com.br\/portal\/wp-json\/wp\/v2\/tags?post=2284"}],"curies":[{"name":"wp","href":"https:\/\/api.w.org\/{rel}","templated":true}]}}