{"id":2283,"date":"2014-06-13T13:05:00","date_gmt":"2014-06-13T13:05:00","guid":{"rendered":"http:\/\/www.cdlbc.com.br\/portal\/noticias\/jovens-empreendedores-mostram-projetos-em-feira\/"},"modified":"2014-06-13T13:05:00","modified_gmt":"2014-06-13T13:05:00","slug":"jovens-empreendedores-mostram-projetos-em-feira","status":"publish","type":"post","link":"https:\/\/www.cdlbc.com.br\/portal\/noticias\/jovens-empreendedores-mostram-projetos-em-feira\/","title":{"rendered":"Jovens empreendedores mostram projetos em feira"},"content":{"rendered":"<div class=\"ftpimagefix\" style=\"float:left\"><img decoding=\"async\" width=\"250\" alt=\"jovens\" src=\"http:\/\/economiasc.com.br\/wp-content\/uploads\/2014\/06\/jovens-300x199.jpg\"><\/div>\n<p>Feira de Miniempresas tamb\u00e9m tem ciclo de palestras neste s\u00e1bado, dia 14. Foto: Divulga\u00e7\u00e3o<\/p>\n<p align=\"center\">Jovens da Grande Florian\u00f3polis exp\u00f5em ao p\u00fablico o resultado de suas iniciativas empreendedoras neste s\u00e1bado, dia 14, entre 11h e 22h, no Beiramar Shopping.  A Feira de Neg\u00f3cios do Programa Miniempresa, uma iniciativa da Junior Achievement Santa Catarina, vai apresentar as ideias que se tornaram produtos e que ser\u00e3o comercializados pelos estudantes do Ensino M\u00e9dio.<\/p>\n<p>\u201cTodos v\u00e3o colocar em pr\u00e1tica o que aprenderam durante suas aulas. S\u00e3o no\u00e7\u00f5es de economia, neg\u00f3cios, planejamento e os riscos de suas iniciativas\u201d, afirma Evandro Badin, diretor executivo da Junior Achievement. Ser\u00e3o 15 miniempresas que v\u00e3o mostrar e negociar seus produtos durante todo o dia de funcionamento do shopping. Entre as 9h e as 11h todos participar\u00e3o do Ciclo de Palestras, que neste ano traz Oct\u00e1vio Lebarbenchon Neto, ex-presidente do Conselho Diretor da entidade, e Diogo Guerreiro, jovem com a mais longa jornada percorrida com windsurf, do Chu\u00ed ao Oiapoque, totalizando um trajeto de 8.120km.<\/p>\n<p>A Junior Achievement \u00e9 uma organiza\u00e7\u00e3o sem fins econ\u00f4micos fundada em 1919, nos Estados Unidos, hoje presente em 120 pa\u00edses, com miss\u00e3o de promover o empreendedorismo juvenil. Focado no ensino m\u00e9dio, a din\u00e2mica do programa \u00e9 essencialmente pr\u00e1tica, com foco tamb\u00e9m na \u00e9tica e sustentabilidade. Proporciona a experi\u00eancia em economia e neg\u00f3cios, na organiza\u00e7\u00e3o e na opera\u00e7\u00e3o de uma empresa.<\/p>\n<p>The post Jovens empreendedores mostram projetos em feira appeared first on Economia SC.<\/p>\n<p>Via: <a href=\"http:\/\/economiasc.com.br\/jovens-empreendedores-mostram-projetos-em-feira\/\" class=\"colorbox\" title=\"Jovens empreendedores mostram projetos em feira\">economiasc.com.br<\/a><\/p>\n","protected":false},"excerpt":{"rendered":"<div class=\"ftpimagefix\" style=\"float:left\"><img decoding=\"async\" width=\"250\" alt=\"jovens\" src=\"http:\/\/economiasc.com.br\/wp-content\/uploads\/2014\/06\/jovens-300x199.jpg\"><\/div>\n<p>Feira de Miniempresas tamb\u00e9m tem ciclo de palestras neste s\u00e1bado, dia 14. Foto: Divulga\u00e7\u00e3o<\/p>\n<p align=\"center\">Jovens da Grande Florian\u00f3polis exp\u00f5em ao p\u00fablico o resultado de suas iniciativas empreendedoras neste s\u00e1bado, dia 14, entre 11h e 22h, no Beiramar Shopping.  A Feira de Neg\u00f3cios do Programa Miniempresa, uma iniciativa da Junior Achievement Santa Catarina, vai apresentar as ideias que se tornaram produtos e que ser\u00e3o comercializados pelos estudantes do Ensino M\u00e9dio.<\/p>\n<p>\u201cTodos v\u00e3o colocar em pr\u00e1tica o que aprenderam durante suas aulas. S\u00e3o no\u00e7\u00f5es de economia, neg\u00f3cios, planejamento e os riscos de suas iniciativas\u201d, afirma Evandro Badin, diretor executivo da Junior Achievement. Ser\u00e3o 15 miniempresas que v\u00e3o mostrar e negociar seus produtos durante todo o dia de funcionamento do shopping. Entre as 9h e as 11h todos participar\u00e3o do Ciclo de Palestras, que neste ano traz Oct\u00e1vio Lebarbenchon Neto, ex-presidente do Conselho Diretor da entidade, e Diogo Guerreiro, jovem com a mais longa jornada percorrida com windsurf, do Chu\u00ed ao Oiapoque, totalizando um trajeto de 8.120km.<\/p>\n<p>A Junior Achievement \u00e9 uma organiza\u00e7\u00e3o sem fins econ\u00f4micos fundada em 1919, nos Estados Unidos, hoje presente em 120 pa\u00edses, com miss\u00e3o de promover o empreendedorismo juvenil. Focado no ensino m\u00e9dio, a din\u00e2mica do programa \u00e9 essencialmente pr\u00e1tica, com foco tamb\u00e9m na \u00e9tica e sustentabilidade. Proporciona a experi\u00eancia em economia e neg\u00f3cios, na organiza\u00e7\u00e3o e na opera\u00e7\u00e3o de uma empresa.<\/p>\n<p>The post Jovens empreendedores mostram projetos em feira appeared first on Economia SC.<\/p>\n","protected":false},"author":1,"featured_media":0,"comment_status":"open","ping_status":"open","sticky":false,"template":"","format":"standard","meta":{"footnotes":""},"categories":[5],"tags":[],"class_list":["post-2283","post","type-post","status-publish","format-standard","hentry","category-noticias","no-post-thumbnail"],"_links":{"self":[{"href":"https:\/\/www.cdlbc.com.br\/portal\/wp-json\/wp\/v2\/posts\/2283","targetHints":{"allow":["GET"]}}],"collection":[{"href":"https:\/\/www.cdlbc.com.br\/portal\/wp-json\/wp\/v2\/posts"}],"about":[{"href":"https:\/\/www.cdlbc.com.br\/portal\/wp-json\/wp\/v2\/types\/post"}],"author":[{"embeddable":true,"href":"https:\/\/www.cdlbc.com.br\/portal\/wp-json\/wp\/v2\/users\/1"}],"replies":[{"embeddable":true,"href":"https:\/\/www.cdlbc.com.br\/portal\/wp-json\/wp\/v2\/comments?post=2283"}],"version-history":[{"count":0,"href":"https:\/\/www.cdlbc.com.br\/portal\/wp-json\/wp\/v2\/posts\/2283\/revisions"}],"wp:attachment":[{"href":"https:\/\/www.cdlbc.com.br\/portal\/wp-json\/wp\/v2\/media?parent=2283"}],"wp:term":[{"taxonomy":"category","embeddable":true,"href":"https:\/\/www.cdlbc.com.br\/portal\/wp-json\/wp\/v2\/categories?post=2283"},{"taxonomy":"post_tag","embeddable":true,"href":"https:\/\/www.cdlbc.com.br\/portal\/wp-json\/wp\/v2\/tags?post=2283"}],"curies":[{"name":"wp","href":"https:\/\/api.w.org\/{rel}","templated":true}]}}