{"id":2278,"date":"2014-06-13T12:04:00","date_gmt":"2014-06-13T12:04:00","guid":{"rendered":"http:\/\/www.cdlbc.com.br\/portal\/noticias\/empresarios-visitam-tintas-farben-e-assistem-copa\/"},"modified":"2014-06-13T12:04:00","modified_gmt":"2014-06-13T12:04:00","slug":"empresarios-visitam-tintas-farben-e-assistem-copa","status":"publish","type":"post","link":"https:\/\/www.cdlbc.com.br\/portal\/noticias\/empresarios-visitam-tintas-farben-e-assistem-copa\/","title":{"rendered":"Empres\u00e1rios visitam Tintas Farben e assistem Copa"},"content":{"rendered":"<div class=\"ftpimagefix\" style=\"float:left\"><img decoding=\"async\" width=\"250\" alt=\"selo menor ainda\" src=\"http:\/\/economiasc.com.br\/wp-content\/uploads\/2014\/06\/selo-menor-ainda3.jpg\"><\/div>\n<p>Visita dos empres\u00e1rios chilenos \u00e9 proporcionada por meio do projeto Apex-Brasil. Foto: Divulga\u00e7\u00e3o<\/p>\n<\/p>\n<\/p>\n<p>A Tintas Farben recebeu, na manh\u00e3 desta quinta-feira, 12, a visita de dois empres\u00e1rios chilenos que, por meio do projeto Copa do Mundo, da Ag\u00eancia Brasileira de Promo\u00e7\u00e3o de Exporta\u00e7\u00f5es e Investimentos (Apex-Brasil), chegaram ao pa\u00eds para assistir aos jogos do mundial e tamb\u00e9m fazer neg\u00f3cios com empresas brasileiras. Durante a competi\u00e7\u00e3o, o Brasil receber\u00e1 aproximadamente 2,3 mil estrangeiros por conta desse projeto e a Farben foi uma das empresas selecionadas para participar da promo\u00e7\u00e3o.<br \/>\nNesta quinta, os empres\u00e1rios, que visitam o pa\u00eds pela primeira vez, aproveitaram para conhecer as instala\u00e7\u00f5es da ind\u00fastria sediada em I\u00e7ara\/SC, e se reuniram com a diretoria da empresa para negocia\u00e7\u00f5es. A empresa representada pelos visitantes importa os produtos da linha automotiva da Farben h\u00e1 quatro anos e uma das inten\u00e7\u00f5es da visita \u00e9 expandir a parceria. Quando come\u00e7aram a importar os produtos da ind\u00fastria i\u00e7arense os chilenos contam que compravam menos de meia carreta a cada dois meses, hoje j\u00e1 \u00e9 enviada uma carreta por m\u00eas e a inten\u00e7\u00e3o \u00e9 de que essa quantidade dobre ainda este ano.<\/p>\n<p>Ainda nesta quinta-feira os empres\u00e1rios voltaram a se reunir com a diretoria da empresa, mas dessa vez para uma confraterniza\u00e7\u00e3o, \u00e0s 17h, onde assistir\u00e3o \u00e0 estreia da sele\u00e7\u00e3o brasileira na Copa do Mundo. No domingo eles viajam para Porto Alegre\/RS, onde assistem, no Est\u00e1dio Beira-Rio, \u00e0 partida entre Fran\u00e7a e Honduras.<\/p>\n<p>No Projeto Copa do Mundo, a Apex-Brasil disponibiliza os ingressos para os jogos e as empresas participantes custeiam as demais despesas dos visitantes estrangeiros. A Tintas Farben j\u00e1 recebeu a visita de outros dois empres\u00e1rios chilenos e ainda aguarda a chegada de dois da Col\u00f4mbia e um do Paraguai.<\/p>\n<p>The post Empres\u00e1rios visitam Tintas Farben e assistem Copa appeared first on Economia SC.<\/p>\n<p>Via: <a href=\"http:\/\/economiasc.com.br\/empresarios-visitam-tintas-farben-e-assistem-copa\/\" class=\"colorbox\" title=\"Empres\u00e1rios visitam Tintas Farben e assistem Copa\">economiasc.com.br<\/a><\/p>\n","protected":false},"excerpt":{"rendered":"<div class=\"ftpimagefix\" style=\"float:left\"><img decoding=\"async\" width=\"250\" alt=\"selo menor ainda\" src=\"http:\/\/economiasc.com.br\/wp-content\/uploads\/2014\/06\/selo-menor-ainda3.jpg\"><\/div>\n<\/p>\n<p>Visita dos empres\u00e1rios chilenos \u00e9 proporcionada por meio do projeto Apex-Brasil. Foto: Divulga\u00e7\u00e3o<\/p>\n<\/p>\n<\/p>\n<p>A Tintas Farben recebeu, na manh\u00e3 desta quinta-feira, 12, a visita de dois empres\u00e1rios chilenos que, por meio do projeto Copa do Mundo, da Ag\u00eancia Brasileira de Promo\u00e7\u00e3o de Exporta\u00e7\u00f5es e Investimentos (Apex-Brasil), chegaram ao pa\u00eds para assistir aos jogos do mundial e tamb\u00e9m fazer neg\u00f3cios com empresas brasileiras. Durante a competi\u00e7\u00e3o, o Brasil receber\u00e1 aproximadamente 2,3 mil estrangeiros por conta desse projeto e a Farben foi uma das empresas selecionadas para participar da promo\u00e7\u00e3o.<br \/>\nNesta quinta, os empres\u00e1rios, que visitam o pa\u00eds pela primeira vez, aproveitaram para conhecer as instala\u00e7\u00f5es da ind\u00fastria sediada em I\u00e7ara\/SC, e se reuniram com a diretoria da empresa para negocia\u00e7\u00f5es. A empresa representada pelos visitantes importa os produtos da linha automotiva da Farben h\u00e1 quatro anos e uma das inten\u00e7\u00f5es da visita \u00e9 expandir a parceria. Quando come\u00e7aram a importar os produtos da ind\u00fastria i\u00e7arense os chilenos contam que compravam menos de meia carreta a cada dois meses, hoje j\u00e1 \u00e9 enviada uma carreta por m\u00eas e a inten\u00e7\u00e3o \u00e9 de que essa quantidade dobre ainda este ano.<\/p>\n<p>Ainda nesta quinta-feira os empres\u00e1rios voltaram a se reunir com a diretoria da empresa, mas dessa vez para uma confraterniza\u00e7\u00e3o, \u00e0s 17h, onde assistir\u00e3o \u00e0 estreia da sele\u00e7\u00e3o brasileira na Copa do Mundo. No domingo eles viajam para Porto Alegre\/RS, onde assistem, no Est\u00e1dio Beira-Rio, \u00e0 partida entre Fran\u00e7a e Honduras.<\/p>\n<p>No Projeto Copa do Mundo, a Apex-Brasil disponibiliza os ingressos para os jogos e as empresas participantes custeiam as demais despesas dos visitantes estrangeiros. A Tintas Farben j\u00e1 recebeu a visita de outros dois empres\u00e1rios chilenos e ainda aguarda a chegada de dois da Col\u00f4mbia e um do Paraguai.<\/p>\n<p>The post Empres\u00e1rios visitam Tintas Farben e assistem Copa appeared first on Economia SC.<\/p>\n","protected":false},"author":1,"featured_media":0,"comment_status":"open","ping_status":"open","sticky":false,"template":"","format":"standard","meta":{"footnotes":""},"categories":[5],"tags":[],"class_list":["post-2278","post","type-post","status-publish","format-standard","hentry","category-noticias","no-post-thumbnail"],"_links":{"self":[{"href":"https:\/\/www.cdlbc.com.br\/portal\/wp-json\/wp\/v2\/posts\/2278","targetHints":{"allow":["GET"]}}],"collection":[{"href":"https:\/\/www.cdlbc.com.br\/portal\/wp-json\/wp\/v2\/posts"}],"about":[{"href":"https:\/\/www.cdlbc.com.br\/portal\/wp-json\/wp\/v2\/types\/post"}],"author":[{"embeddable":true,"href":"https:\/\/www.cdlbc.com.br\/portal\/wp-json\/wp\/v2\/users\/1"}],"replies":[{"embeddable":true,"href":"https:\/\/www.cdlbc.com.br\/portal\/wp-json\/wp\/v2\/comments?post=2278"}],"version-history":[{"count":0,"href":"https:\/\/www.cdlbc.com.br\/portal\/wp-json\/wp\/v2\/posts\/2278\/revisions"}],"wp:attachment":[{"href":"https:\/\/www.cdlbc.com.br\/portal\/wp-json\/wp\/v2\/media?parent=2278"}],"wp:term":[{"taxonomy":"category","embeddable":true,"href":"https:\/\/www.cdlbc.com.br\/portal\/wp-json\/wp\/v2\/categories?post=2278"},{"taxonomy":"post_tag","embeddable":true,"href":"https:\/\/www.cdlbc.com.br\/portal\/wp-json\/wp\/v2\/tags?post=2278"}],"curies":[{"name":"wp","href":"https:\/\/api.w.org\/{rel}","templated":true}]}}