{"id":2275,"date":"2014-06-13T11:53:00","date_gmt":"2014-06-13T11:53:00","guid":{"rendered":"http:\/\/www.cdlbc.com.br\/portal\/noticias\/governador-anuncia-investimentos-em-sao-jose\/"},"modified":"2014-06-13T11:53:00","modified_gmt":"2014-06-13T11:53:00","slug":"governador-anuncia-investimentos-em-sao-jose","status":"publish","type":"post","link":"https:\/\/www.cdlbc.com.br\/portal\/noticias\/governador-anuncia-investimentos-em-sao-jose\/","title":{"rendered":"Governador anuncia investimentos em S\u00e3o Jos\u00e9"},"content":{"rendered":"<div class=\"ftpimagefix\" style=\"float:left\"><img decoding=\"async\" width=\"250\" alt=\"Mais de R$46 milh\u00f5es ser\u00e3o destinados a obras de saneamento, pavimenta\u00e7\u00e3o e monitoramento. Foto: Divulga\u00e7\u00e3o\" src=\"http:\/\/economiasc.com.br\/wp-content\/uploads\/2014\/06\/sao-jose-300x182.jpg\"><\/div>\n<p>Mais de R$46 milh\u00f5es ser\u00e3o destinados a obras de saneamento, pavimenta\u00e7\u00e3o e monitoramento. Foto: Divulga\u00e7\u00e3o<\/p>\n<p>O governo do Estado vai investir  R$ 46 milh\u00f5es para obras de saneamento, pavimenta\u00e7\u00e3o de ruas e instala\u00e7\u00e3o de c\u00e2meras de monitoramento no munic\u00edpio de S\u00e3o Jos\u00e9. O an\u00fancio foi feito pelo governador Raimundo Colombo nesta quinta-feira, dia 12. \u201cS\u00e3o recursos que v\u00e3o melhorar a sa\u00fade, seguran\u00e7a e mobilidade. Esses investimentos representam um ganho na qualidade de vida e no desenvolvimento. S\u00e3o Jos\u00e9 \u00e9 uma cidade moderna, \u00e9 a quarta maior do Estado, e ela est\u00e1 crescendo muito e precisa desse atendimento\u201d, disse Colombo.<\/p>\n<p>Para a \u00e1rea de saneamento b\u00e1sico, o governador, a prefeita Adeliana Dal Pont e o presidente da Casan, Valter Gallina, assinaram a ordem de servi\u00e7o e lan\u00e7aram o edital para as obras de amplia\u00e7\u00e3o da rede de abastecimento de \u00e1gua e do sistema de esgotamento sanit\u00e1rio do munic\u00edpio. No total ser\u00e3o investidos cerca de R$ 32,3 milh\u00f5es por meio do Programa de Acelera\u00e7\u00e3o do Crescimento (PAC-2), do Governo Federal e Caixa Econ\u00f4mica.<\/p>\n<p>A primeira etapa da amplia\u00e7\u00e3o do sistema de esgotamento sanit\u00e1rio beneficiar\u00e1 os bairros os bairros Centro Hist\u00f3rico, Praia Comprida e Ponta de Baixo. Ser\u00e3o instalados 14,5 mil metros de tubula\u00e7\u00e3o, al\u00e9m da linha de recalque e constru\u00e7\u00e3o de cinco esta\u00e7\u00f5es elevat\u00f3rias de esgoto, permitindo liga\u00e7\u00f5es domiciliares de 1.265 unidades e beneficiando 4.442 habitantes. O investimento, nesta etapa, ser\u00e1 de R$ 7,5 milh\u00f5es, financiados via PAC 2 junto a Caixa Econ\u00f4mica Federal, com prazo de 18 meses para conclus\u00e3o.<\/p>\n<p>Tamb\u00e9m foi assinada a autoriza\u00e7\u00e3o para lan\u00e7amento do edital para as obras da segunda etapa de amplia\u00e7\u00e3o da rede de esgotos para atender os bairros Floresta, Bela Vista e Nossa Senhora do Ros\u00e1rio, com investimentos de R$ 12,3 milh\u00f5es e com prazo de 24 meses de conclus\u00e3o, a partir do seu in\u00edcio. J\u00e1 para melhorias e amplia\u00e7\u00e3o do sistema de abastecimento de \u00e1gua de S\u00e3o Jos\u00e9, o edital a ser lan\u00e7ado prev\u00ea investimento de outros R$ 10,2 milh\u00f5es, incluindo a constru\u00e7\u00e3o de tr\u00eas reservat\u00f3rios de \u00e1gua que v\u00e3o aumentar em mais 14 milh\u00f5es de litros a capacidade de reserva\u00e7\u00e3o da \u00e1rea central e periferia, num prazo de 12 meses.<\/p>\n<p>N sequ\u00eancia, foi assinado conv\u00eanio, entre a Casan e a prefeitura, no valor de R$ 2,3 milh\u00f5es para um sistema de coopera\u00e7\u00e3o para servi\u00e7os de recomposi\u00e7\u00e3o de pavimenta\u00e7\u00e3o asf\u00e1ltica em fun\u00e7\u00e3o das obras de saneamento que ser\u00e3o realizadas. Atualmente cerca de 30% da popula\u00e7\u00e3o urbana de S\u00e3o Jos\u00e9 \u00e9 servida com coleta e tratamento de esgoto. Ao final das obras previstas e em andamento, a perspectiva \u00e9 ampliar este \u00edndice de atendimento para 50% da popula\u00e7\u00e3o.<\/p>\n<p>\u201cA Casan vive uma fase de grandes investimentos. S\u00e3o novas obras e recursos que v\u00e3o garantir a amplia\u00e7\u00e3o da qualidade de vida e da sa\u00fade da popula\u00e7\u00e3o\u201d, enfatizou o presidente da Casan, Valter Gallina.<\/p>\n<p>Durante a solenidade, foi assinado ainda o conv\u00eanio no valor de R$ 10 milh\u00f5es para a revitaliza\u00e7\u00e3o e pavimenta\u00e7\u00e3o de diversas ruas do munic\u00edpio, com prioridade para as vias utilizadas como corredores pelo transporte coletivo. E outros R$ 443 mil, v\u00e3o permitir a constru\u00e7\u00e3o da Ponte Mathias Schel, no bairro Sert\u00e3o do Maruim. A contrapartida da prefeitura ser\u00e1 de R$ 143 mil.<\/p>\n<p>Outro importante ato da manh\u00e3 foi a assinatura do conv\u00eanio de cerca de R$ 3 milh\u00f5es para a expans\u00e3o do Sistema de Monitoramento Eletr\u00f4nico, com instala\u00e7\u00e3o de 150 novas c\u00e2meras de vigil\u00e2ncia.<\/p>\n<p>Tamb\u00e9m foram anunciados pelo governador recursos de R$ 1 milh\u00e3o para melhorias no Centro de Aten\u00e7\u00e3o \u00e0 Terceira Idade (Cati). O investimento vai ser aplicado na reforma do telhado, climatiza\u00e7\u00e3o e constru\u00e7\u00e3o de uma piscina aquecida.<\/p>\n<\/p>\n<p>The post Governador anuncia investimentos em S\u00e3o Jos\u00e9 appeared first on Economia SC.<\/p>\n<p>Via: <a href=\"http:\/\/economiasc.com.br\/governador-anuncia-investimentos-em-sao-jose\/\" class=\"colorbox\" title=\"Governador anuncia investimentos em S\u00e3o Jos\u00e9\">economiasc.com.br<\/a><\/p>\n","protected":false},"excerpt":{"rendered":"<div class=\"ftpimagefix\" style=\"float:left\"><img decoding=\"async\" width=\"250\" alt=\"Mais de R$46 milh\u00f5es ser\u00e3o destinados a obras de saneamento, pavimenta\u00e7\u00e3o e monitoramento. Foto: Divulga\u00e7\u00e3o\" src=\"http:\/\/economiasc.com.br\/wp-content\/uploads\/2014\/06\/sao-jose-300x182.jpg\"><\/div>\n<p>Mais de R$46 milh\u00f5es ser\u00e3o destinados a obras de saneamento, pavimenta\u00e7\u00e3o e monitoramento. Foto: Divulga\u00e7\u00e3o<\/p>\n<p>O governo do Estado vai investir  R$ 46 milh\u00f5es para obras de saneamento, pavimenta\u00e7\u00e3o de ruas e instala\u00e7\u00e3o de c\u00e2meras de monitoramento no munic\u00edpio de S\u00e3o Jos\u00e9. O an\u00fancio foi feito pelo governador Raimundo Colombo nesta quinta-feira, dia 12. \u201cS\u00e3o recursos que v\u00e3o melhorar a sa\u00fade, seguran\u00e7a e mobilidade. Esses investimentos representam um ganho na qualidade de vida e no desenvolvimento. S\u00e3o Jos\u00e9 \u00e9 uma cidade moderna, \u00e9 a quarta maior do Estado, e ela est\u00e1 crescendo muito e precisa desse atendimento\u201d, disse Colombo.<\/p>\n<p>Para a \u00e1rea de saneamento b\u00e1sico, o governador, a prefeita Adeliana Dal Pont e o presidente da Casan, Valter Gallina, assinaram a ordem de servi\u00e7o e lan\u00e7aram o edital para as obras de amplia\u00e7\u00e3o da rede de abastecimento de \u00e1gua e do sistema de esgotamento sanit\u00e1rio do munic\u00edpio. No total ser\u00e3o investidos cerca de R$ 32,3 milh\u00f5es por meio do Programa de Acelera\u00e7\u00e3o do Crescimento (PAC-2), do Governo Federal e Caixa Econ\u00f4mica.<\/p>\n<p>A primeira etapa da amplia\u00e7\u00e3o do sistema de esgotamento sanit\u00e1rio beneficiar\u00e1 os bairros os bairros Centro Hist\u00f3rico, Praia Comprida e Ponta de Baixo. Ser\u00e3o instalados 14,5 mil metros de tubula\u00e7\u00e3o, al\u00e9m da linha de recalque e constru\u00e7\u00e3o de cinco esta\u00e7\u00f5es elevat\u00f3rias de esgoto, permitindo liga\u00e7\u00f5es domiciliares de 1.265 unidades e beneficiando 4.442 habitantes. O investimento, nesta etapa, ser\u00e1 de R$ 7,5 milh\u00f5es, financiados via PAC 2 junto a Caixa Econ\u00f4mica Federal, com prazo de 18 meses para conclus\u00e3o.<\/p>\n<p>Tamb\u00e9m foi assinada a autoriza\u00e7\u00e3o para lan\u00e7amento do edital para as obras da segunda etapa de amplia\u00e7\u00e3o da rede de esgotos para atender os bairros Floresta, Bela Vista e Nossa Senhora do Ros\u00e1rio, com investimentos de R$ 12,3 milh\u00f5es e com prazo de 24 meses de conclus\u00e3o, a partir do seu in\u00edcio. J\u00e1 para melhorias e amplia\u00e7\u00e3o do sistema de abastecimento de \u00e1gua de S\u00e3o Jos\u00e9, o edital a ser lan\u00e7ado prev\u00ea investimento de outros R$ 10,2 milh\u00f5es, incluindo a constru\u00e7\u00e3o de tr\u00eas reservat\u00f3rios de \u00e1gua que v\u00e3o aumentar em mais 14 milh\u00f5es de litros a capacidade de reserva\u00e7\u00e3o da \u00e1rea central e periferia, num prazo de 12 meses.<\/p>\n<p>N sequ\u00eancia, foi assinado conv\u00eanio, entre a Casan e a prefeitura, no valor de R$ 2,3 milh\u00f5es para um sistema de coopera\u00e7\u00e3o para servi\u00e7os de recomposi\u00e7\u00e3o de pavimenta\u00e7\u00e3o asf\u00e1ltica em fun\u00e7\u00e3o das obras de saneamento que ser\u00e3o realizadas. Atualmente cerca de 30% da popula\u00e7\u00e3o urbana de S\u00e3o Jos\u00e9 \u00e9 servida com coleta e tratamento de esgoto. Ao final das obras previstas e em andamento, a perspectiva \u00e9 ampliar este \u00edndice de atendimento para 50% da popula\u00e7\u00e3o.<\/p>\n<p>\u201cA Casan vive uma fase de grandes investimentos. S\u00e3o novas obras e recursos que v\u00e3o garantir a amplia\u00e7\u00e3o da qualidade de vida e da sa\u00fade da popula\u00e7\u00e3o\u201d, enfatizou o presidente da Casan, Valter Gallina.<\/p>\n<p>Durante a solenidade, foi assinado ainda o conv\u00eanio no valor de R$ 10 milh\u00f5es para a revitaliza\u00e7\u00e3o e pavimenta\u00e7\u00e3o de diversas ruas do munic\u00edpio, com prioridade para as vias utilizadas como corredores pelo transporte coletivo. E outros R$ 443 mil, v\u00e3o permitir a constru\u00e7\u00e3o da Ponte Mathias Schel, no bairro Sert\u00e3o do Maruim. A contrapartida da prefeitura ser\u00e1 de R$ 143 mil.<\/p>\n<p>Outro importante ato da manh\u00e3 foi a assinatura do conv\u00eanio de cerca de R$ 3 milh\u00f5es para a expans\u00e3o do Sistema de Monitoramento Eletr\u00f4nico, com instala\u00e7\u00e3o de 150 novas c\u00e2meras de vigil\u00e2ncia.<\/p>\n<p>Tamb\u00e9m foram anunciados pelo governador recursos de R$ 1 milh\u00e3o para melhorias no Centro de Aten\u00e7\u00e3o \u00e0 Terceira Idade (Cati). O investimento vai ser aplicado na reforma do telhado, climatiza\u00e7\u00e3o e constru\u00e7\u00e3o de uma piscina aquecida.<\/p>\n<\/p>\n<p>The post Governador anuncia investimentos em S\u00e3o Jos\u00e9 appeared first on Economia SC.<\/p>\n","protected":false},"author":1,"featured_media":0,"comment_status":"open","ping_status":"open","sticky":false,"template":"","format":"standard","meta":{"footnotes":""},"categories":[5],"tags":[],"class_list":["post-2275","post","type-post","status-publish","format-standard","hentry","category-noticias","no-post-thumbnail"],"_links":{"self":[{"href":"https:\/\/www.cdlbc.com.br\/portal\/wp-json\/wp\/v2\/posts\/2275","targetHints":{"allow":["GET"]}}],"collection":[{"href":"https:\/\/www.cdlbc.com.br\/portal\/wp-json\/wp\/v2\/posts"}],"about":[{"href":"https:\/\/www.cdlbc.com.br\/portal\/wp-json\/wp\/v2\/types\/post"}],"author":[{"embeddable":true,"href":"https:\/\/www.cdlbc.com.br\/portal\/wp-json\/wp\/v2\/users\/1"}],"replies":[{"embeddable":true,"href":"https:\/\/www.cdlbc.com.br\/portal\/wp-json\/wp\/v2\/comments?post=2275"}],"version-history":[{"count":0,"href":"https:\/\/www.cdlbc.com.br\/portal\/wp-json\/wp\/v2\/posts\/2275\/revisions"}],"wp:attachment":[{"href":"https:\/\/www.cdlbc.com.br\/portal\/wp-json\/wp\/v2\/media?parent=2275"}],"wp:term":[{"taxonomy":"category","embeddable":true,"href":"https:\/\/www.cdlbc.com.br\/portal\/wp-json\/wp\/v2\/categories?post=2275"},{"taxonomy":"post_tag","embeddable":true,"href":"https:\/\/www.cdlbc.com.br\/portal\/wp-json\/wp\/v2\/tags?post=2275"}],"curies":[{"name":"wp","href":"https:\/\/api.w.org\/{rel}","templated":true}]}}