{"id":2274,"date":"2014-06-12T16:18:00","date_gmt":"2014-06-12T16:18:00","guid":{"rendered":"http:\/\/www.cdlbc.com.br\/portal\/noticias\/paraplegico-da-primeiro-chute-de-brasil-x-croacia\/"},"modified":"2014-06-12T16:18:00","modified_gmt":"2014-06-12T16:18:00","slug":"paraplegico-da-primeiro-chute-de-brasil-x-croacia","status":"publish","type":"post","link":"https:\/\/www.cdlbc.com.br\/portal\/noticias\/paraplegico-da-primeiro-chute-de-brasil-x-croacia\/","title":{"rendered":"Parapl\u00e9gico d\u00e1 primeiro chute de Brasil X Cro\u00e1cia"},"content":{"rendered":"<div class=\"ftpimagefix\" style=\"float:left\"><img decoding=\"async\" width=\"250\" alt=\"exoesqueleto\" src=\"http:\/\/economiasc.com.br\/wp-content\/uploads\/2014\/06\/exoesqueleto-300x225.jpg\"><\/div>\n<p>Brasileiro entrar\u00e1 em campo com exoesqueleto controlado pela mente. Foto: Divulga\u00e7\u00e3o<\/p>\n<p>Pioneiro na \u00e1rea de interface c\u00e9rebro-m\u00e1quina e interface c\u00e9rebro-c\u00e9rebro, o neurocientista brasileiro Miguel Nicolelis \u00e9 um dos respons\u00e1veis do primeiro chute do jogo Brasil x Cro\u00e1cia daqui a pouco, \u00e0s 17 horas, nesta quinta-feira, dia 12, na Arena Corinthians, Itaquera, em S\u00e3o Paulo ap\u00f3s a cerim\u00f4nia de abertura da Copa do Mundo 2014, que come\u00e7a \u00e0s 15h15min.<\/p>\n<p><strong> <\/strong>Considerado um dos 20 maiores cientistas do mundo pela revista Scientific American, Nicolelis lidera o Projeto Andar de Novo, cons\u00f3rcio internacional que prop\u00f5e restaurar a mobilidade corp\u00f3rea em pacientes parapl\u00e9gicos por meio de um exoesqueleto.<\/p>\n<p>A primeira demonstra\u00e7\u00e3o p\u00fablica dessa tecnologia ser\u00e1 feita por um adolescente brasileiro com paralisia por les\u00e3o na medula espinhal, que entrar\u00e1 em campo usando um exoesqueleto controlado pela mente, caminhar\u00e1 at\u00e9 o centro do gramado e chutar\u00e1 a bola brazuca. O jovem carregar\u00e1 consigo um len\u00e7o que pertenceu a Alberto Santos Dumont.<\/p>\n<p>A a\u00e7\u00e3o ser\u00e1 uma demonstra\u00e7\u00e3o do cons\u00f3rcio  Walk Again (Andar de Novo), do qual fazem parte 100 neurocientistas de diversos pa\u00edses, entre eles, o neurocientista brasileiro Miguel Nicolelis. Ele contou a novidade para 2.166 participantes que o aplaudiram de p\u00e9 na arena principal do SAP F\u00f3rum Brasil 2014 nesta quarta-feira, dia 12, em S\u00e3o Paulo. Nicolelis falou sobre os avan\u00e7os da tecnologia e suas implica\u00e7\u00f5es no futuro.<\/p>\n<p>Ao inv\u00e9s de mostrar um estere\u00f3tipo do Brasil que o mundo inteiro conhece, de acordo com o neurocientista, a inten\u00e7\u00e3o \u00e9 mostrar que a Copa do Mundo no Brasil est\u00e1 sendo aberta com uma demonstra\u00e7\u00e3o cient\u00edfica capaz de emocionar o planeta.<\/p>\n<p>O secret\u00e1rio-geral da FIFA, J\u00e9r\u00f4me Valcke, disse que \u201ca FIFA est\u00e1 trabalhando em estreita colabora\u00e7\u00e3o com a equipe do professor Nicolelis para mostrar ao mundo, pela primeira vez, durante a cerim\u00f4nia de abertura da Copa do Mundo, um adolescente com paralisia andar em campo\u201d.<\/p>\n<p>Valcke considera que o \u201cfutebol tem a ver com esperan\u00e7a, e antever um futuro em que milh\u00f5es de pessoas com paralisia possam experimentar a alegria de andar de novo \u00e9 uma preocupa\u00e7\u00e3o que a FIFA e eu mesmo apoiamos integralmente\u201d.<\/p>\n<p>O projeto Andar de Novo \u00e9 desenvolvido por um cons\u00f3rcio internacional, liderado no Brasil pelo IINN-ELS (Instituto Internacional de Neuroci\u00eancias de Natal \u2013 Edmond e Lily Safra) e conta com a parceria da AACD (Associa\u00e7\u00e3o de Assist\u00eancia \u00e0 Crian\u00e7a Deficiente), onde est\u00e1 sediado o laborat\u00f3rio.<\/p>\n<\/p>\n<p>The post Parapl\u00e9gico d\u00e1 primeiro chute de Brasil X Cro\u00e1cia appeared first on Economia SC.<\/p>\n<p>Via: <a href=\"http:\/\/economiasc.com.br\/paraplegico-da-primeiro-chute-de-brasil-x-croacia\/\" class=\"colorbox\" title=\"Parapl\u00e9gico d\u00e1 primeiro chute de Brasil X Cro\u00e1cia\">economiasc.com.br<\/a><\/p>\n","protected":false},"excerpt":{"rendered":"<div class=\"ftpimagefix\" style=\"float:left\"><img decoding=\"async\" width=\"250\" alt=\"exoesqueleto\" src=\"http:\/\/economiasc.com.br\/wp-content\/uploads\/2014\/06\/exoesqueleto-300x225.jpg\"><\/div>\n<p>Brasileiro entrar\u00e1 em campo com exoesqueleto controlado pela mente. Foto: Divulga\u00e7\u00e3o<\/p>\n<p>Pioneiro na \u00e1rea de interface c\u00e9rebro-m\u00e1quina e interface c\u00e9rebro-c\u00e9rebro, o neurocientista brasileiro Miguel Nicolelis \u00e9 um dos respons\u00e1veis do primeiro chute do jogo Brasil x Cro\u00e1cia daqui a pouco, \u00e0s 17 horas, nesta quinta-feira, dia 12, na Arena Corinthians, Itaquera, em S\u00e3o Paulo ap\u00f3s a cerim\u00f4nia de abertura da Copa do Mundo 2014, que come\u00e7a \u00e0s 15h15min.<\/p>\n<p><strong> <\/strong>Considerado um dos 20 maiores cientistas do mundo pela revista Scientific American, Nicolelis lidera o Projeto Andar de Novo, cons\u00f3rcio internacional que prop\u00f5e restaurar a mobilidade corp\u00f3rea em pacientes parapl\u00e9gicos por meio de um exoesqueleto.<\/p>\n<p>A primeira demonstra\u00e7\u00e3o p\u00fablica dessa tecnologia ser\u00e1 feita por um adolescente brasileiro com paralisia por les\u00e3o na medula espinhal, que entrar\u00e1 em campo usando um exoesqueleto controlado pela mente, caminhar\u00e1 at\u00e9 o centro do gramado e chutar\u00e1 a bola brazuca. O jovem carregar\u00e1 consigo um len\u00e7o que pertenceu a Alberto Santos Dumont.<\/p>\n<p>A a\u00e7\u00e3o ser\u00e1 uma demonstra\u00e7\u00e3o do cons\u00f3rcio  Walk Again (Andar de Novo), do qual fazem parte 100 neurocientistas de diversos pa\u00edses, entre eles, o neurocientista brasileiro Miguel Nicolelis. Ele contou a novidade para 2.166 participantes que o aplaudiram de p\u00e9 na arena principal do SAP F\u00f3rum Brasil 2014 nesta quarta-feira, dia 12, em S\u00e3o Paulo. Nicolelis falou sobre os avan\u00e7os da tecnologia e suas implica\u00e7\u00f5es no futuro.<\/p>\n<p>Ao inv\u00e9s de mostrar um estere\u00f3tipo do Brasil que o mundo inteiro conhece, de acordo com o neurocientista, a inten\u00e7\u00e3o \u00e9 mostrar que a Copa do Mundo no Brasil est\u00e1 sendo aberta com uma demonstra\u00e7\u00e3o cient\u00edfica capaz de emocionar o planeta.<\/p>\n<p>O secret\u00e1rio-geral da FIFA, J\u00e9r\u00f4me Valcke, disse que \u201ca FIFA est\u00e1 trabalhando em estreita colabora\u00e7\u00e3o com a equipe do professor Nicolelis para mostrar ao mundo, pela primeira vez, durante a cerim\u00f4nia de abertura da Copa do Mundo, um adolescente com paralisia andar em campo\u201d.<\/p>\n<p>Valcke considera que o \u201cfutebol tem a ver com esperan\u00e7a, e antever um futuro em que milh\u00f5es de pessoas com paralisia possam experimentar a alegria de andar de novo \u00e9 uma preocupa\u00e7\u00e3o que a FIFA e eu mesmo apoiamos integralmente\u201d.<\/p>\n<p>O projeto Andar de Novo \u00e9 desenvolvido por um cons\u00f3rcio internacional, liderado no Brasil pelo IINN-ELS (Instituto Internacional de Neuroci\u00eancias de Natal \u2013 Edmond e Lily Safra) e conta com a parceria da AACD (Associa\u00e7\u00e3o de Assist\u00eancia \u00e0 Crian\u00e7a Deficiente), onde est\u00e1 sediado o laborat\u00f3rio.<\/p>\n<\/p>\n<p>The post Parapl\u00e9gico d\u00e1 primeiro chute de Brasil X Cro\u00e1cia appeared first on Economia SC.<\/p>\n","protected":false},"author":1,"featured_media":0,"comment_status":"open","ping_status":"open","sticky":false,"template":"","format":"standard","meta":{"footnotes":""},"categories":[5],"tags":[],"class_list":["post-2274","post","type-post","status-publish","format-standard","hentry","category-noticias","no-post-thumbnail"],"_links":{"self":[{"href":"https:\/\/www.cdlbc.com.br\/portal\/wp-json\/wp\/v2\/posts\/2274","targetHints":{"allow":["GET"]}}],"collection":[{"href":"https:\/\/www.cdlbc.com.br\/portal\/wp-json\/wp\/v2\/posts"}],"about":[{"href":"https:\/\/www.cdlbc.com.br\/portal\/wp-json\/wp\/v2\/types\/post"}],"author":[{"embeddable":true,"href":"https:\/\/www.cdlbc.com.br\/portal\/wp-json\/wp\/v2\/users\/1"}],"replies":[{"embeddable":true,"href":"https:\/\/www.cdlbc.com.br\/portal\/wp-json\/wp\/v2\/comments?post=2274"}],"version-history":[{"count":0,"href":"https:\/\/www.cdlbc.com.br\/portal\/wp-json\/wp\/v2\/posts\/2274\/revisions"}],"wp:attachment":[{"href":"https:\/\/www.cdlbc.com.br\/portal\/wp-json\/wp\/v2\/media?parent=2274"}],"wp:term":[{"taxonomy":"category","embeddable":true,"href":"https:\/\/www.cdlbc.com.br\/portal\/wp-json\/wp\/v2\/categories?post=2274"},{"taxonomy":"post_tag","embeddable":true,"href":"https:\/\/www.cdlbc.com.br\/portal\/wp-json\/wp\/v2\/tags?post=2274"}],"curies":[{"name":"wp","href":"https:\/\/api.w.org\/{rel}","templated":true}]}}