{"id":2267,"date":"2014-06-12T14:09:00","date_gmt":"2014-06-12T14:09:00","guid":{"rendered":"http:\/\/www.cdlbc.com.br\/portal\/noticias\/sindicato-anuncia-greve-em-aeroportos-no-rio\/"},"modified":"2014-06-12T14:09:00","modified_gmt":"2014-06-12T14:09:00","slug":"sindicato-anuncia-greve-em-aeroportos-no-rio","status":"publish","type":"post","link":"https:\/\/www.cdlbc.com.br\/portal\/noticias\/sindicato-anuncia-greve-em-aeroportos-no-rio\/","title":{"rendered":"Sindicato anuncia greve em aeroportos no Rio"},"content":{"rendered":"<p>O Sindicato Municipal dos Aerovi\u00e1rios do Rio de Janeiro (Simarj) decretou greve a partir da meia-noite desta quinta-feira, dia 12, nos aeroportos Santos Dumont, do Gale\u00e3o e de Jacarepagu\u00e1. Por\u00e9m, a possibilidade de paralisa\u00e7\u00e3o dos trabalhadores de terra \u00e9 considerada remota, tanto pelo Sindicato Nacional das Empresas A\u00e9reas (Snea) quanto pelo Sindicato Nacional dos Aerovi\u00e1rios (SNA) e pela Federa\u00e7\u00e3o Nacional dos Trabalhadores em Avia\u00e7\u00e3o Civil (Fentac).<\/p>\n<p>A tesoureira do SNA, Selma Balbino, disse que j\u00e1 foi fechado acordo coletivo com a categoria em praticamente todos os maiores aeroportos do pa\u00eds, no \u00faltimo dia 4. \u201cEu tenho absoluta certeza de que n\u00e3o haver\u00e1 greve alguma. Os trabalhadores est\u00e3o dizendo que n\u00e3o v\u00e3o fazer greve. Eles dizem que n\u00e3o sabiam que o sindicato nacional e os demais sindicatos j\u00e1 tinham fechado acordo\u201d, disse Selma, que ocupou a presid\u00eancia do SNA nos \u00faltimos anos.<\/p>\n<p><span>O porta-voz do Snea, Odilon Junqueira, disse n\u00e3o acreditar que a paralisa\u00e7\u00e3o v\u00e1 ocorrer. \u201cO Snea j\u00e1 fechou acordo com todos os sindicatos de aeronautas e aerovi\u00e1rios de todo o Brasil, exceto esse Simarj. Se me perguntar, n\u00e3o sei direito o que eles est\u00e3o reivindicando\u201d, disse.  <\/span>Caso haja paralisa\u00e7\u00e3o no Rio, Junqueira disse que h\u00e1 um plano de conting\u00eancia das empresas, que poder\u00e3o utilizar outros aeroportos nos estados pr\u00f3ximos e at\u00e9 mesmo remanejar funcion\u00e1rios de outras pra\u00e7as para o Rio de Janeiro.<\/p>\n<p>A diretoria do Simarj n\u00e3o foi localizada para comentar a convoca\u00e7\u00e3o da greve. As informa\u00e7\u00f5es sobre a paralisa\u00e7\u00e3o est\u00e3o na p\u00e1gina do sindicato na internet.  <strong>(Ag\u00eancia Brasil)<\/strong><\/p>\n<p>The post <a class=\"colorbox\" rel=\"nofollow\" href=\"http:\/\/economiasc.com.br\/sindicato-anuncia-greve-em-aeroportos-rio\/\">Sindicato anuncia greve em aeroportos no Rio<\/a> appeared first on <a class=\"colorbox\" rel=\"nofollow\" href=\"http:\/\/economiasc.com.br\/\">Economia SC<\/a>.<\/p>\n<p>Via: <a href=\"http:\/\/economiasc.com.br\/sindicato-anuncia-greve-em-aeroportos-rio\/\" class=\"colorbox\" title=\"Sindicato anuncia greve em aeroportos no Rio\">economiasc.com.br<\/a><\/p>\n","protected":false},"excerpt":{"rendered":"<p>O Sindicato Municipal dos Aerovi\u00e1rios do Rio de Janeiro (Simarj) decretou greve a partir da meia-noite desta quinta-feira, dia 12, nos aeroportos Santos Dumont, do Gale\u00e3o e de Jacarepagu\u00e1. Por\u00e9m, a possibilidade de paralisa\u00e7\u00e3o dos trabalhadores de terra \u00e9 considerada remota, tanto pelo Sindicato Nacional das Empresas A\u00e9reas (Snea) quanto pelo Sindicato Nacional dos Aerovi\u00e1rios (SNA) e pela Federa\u00e7\u00e3o Nacional dos Trabalhadores em Avia\u00e7\u00e3o Civil (Fentac).<\/p>\n<p>A tesoureira do SNA, Selma Balbino, disse que j\u00e1 foi fechado acordo coletivo com a categoria em praticamente todos os maiores aeroportos do pa\u00eds, no \u00faltimo dia 4. \u201cEu tenho absoluta certeza de que n\u00e3o haver\u00e1 greve alguma. Os trabalhadores est\u00e3o dizendo que n\u00e3o v\u00e3o fazer greve. Eles dizem que n\u00e3o sabiam que o sindicato nacional e os demais sindicatos j\u00e1 tinham fechado acordo\u201d, disse Selma, que ocupou a presid\u00eancia do SNA nos \u00faltimos anos.<\/p>\n<p><span>O porta-voz do Snea, Odilon Junqueira, disse n\u00e3o acreditar que a paralisa\u00e7\u00e3o v\u00e1 ocorrer. \u201cO Snea j\u00e1 fechou acordo com todos os sindicatos de aeronautas e aerovi\u00e1rios de todo o Brasil, exceto esse Simarj. Se me perguntar, n\u00e3o sei direito o que eles est\u00e3o reivindicando\u201d, disse.  <\/span>Caso haja paralisa\u00e7\u00e3o no Rio, Junqueira disse que h\u00e1 um plano de conting\u00eancia das empresas, que poder\u00e3o utilizar outros aeroportos nos estados pr\u00f3ximos e at\u00e9 mesmo remanejar funcion\u00e1rios de outras pra\u00e7as para o Rio de Janeiro.<\/p>\n<p>A diretoria do Simarj n\u00e3o foi localizada para comentar a convoca\u00e7\u00e3o da greve. As informa\u00e7\u00f5es sobre a paralisa\u00e7\u00e3o est\u00e3o na p\u00e1gina do sindicato na internet.  <strong>(Ag\u00eancia Brasil)<\/strong><\/p>\n<p>The post <a class=\"colorbox\" rel=\"nofollow\" href=\"http:\/\/economiasc.com.br\/sindicato-anuncia-greve-em-aeroportos-rio\/\">Sindicato anuncia greve em aeroportos no Rio<\/a> appeared first on <a class=\"colorbox\" rel=\"nofollow\" href=\"http:\/\/economiasc.com.br\/\">Economia SC<\/a>.<\/p>\n","protected":false},"author":1,"featured_media":0,"comment_status":"open","ping_status":"open","sticky":false,"template":"","format":"standard","meta":{"footnotes":""},"categories":[5],"tags":[],"class_list":["post-2267","post","type-post","status-publish","format-standard","hentry","category-noticias","no-post-thumbnail"],"_links":{"self":[{"href":"https:\/\/www.cdlbc.com.br\/portal\/wp-json\/wp\/v2\/posts\/2267","targetHints":{"allow":["GET"]}}],"collection":[{"href":"https:\/\/www.cdlbc.com.br\/portal\/wp-json\/wp\/v2\/posts"}],"about":[{"href":"https:\/\/www.cdlbc.com.br\/portal\/wp-json\/wp\/v2\/types\/post"}],"author":[{"embeddable":true,"href":"https:\/\/www.cdlbc.com.br\/portal\/wp-json\/wp\/v2\/users\/1"}],"replies":[{"embeddable":true,"href":"https:\/\/www.cdlbc.com.br\/portal\/wp-json\/wp\/v2\/comments?post=2267"}],"version-history":[{"count":0,"href":"https:\/\/www.cdlbc.com.br\/portal\/wp-json\/wp\/v2\/posts\/2267\/revisions"}],"wp:attachment":[{"href":"https:\/\/www.cdlbc.com.br\/portal\/wp-json\/wp\/v2\/media?parent=2267"}],"wp:term":[{"taxonomy":"category","embeddable":true,"href":"https:\/\/www.cdlbc.com.br\/portal\/wp-json\/wp\/v2\/categories?post=2267"},{"taxonomy":"post_tag","embeddable":true,"href":"https:\/\/www.cdlbc.com.br\/portal\/wp-json\/wp\/v2\/tags?post=2267"}],"curies":[{"name":"wp","href":"https:\/\/api.w.org\/{rel}","templated":true}]}}