{"id":2261,"date":"2014-06-12T13:27:00","date_gmt":"2014-06-12T13:27:00","guid":{"rendered":"http:\/\/www.cdlbc.com.br\/portal\/noticias\/vendas-do-comercio-varejista-caem-04-em-abril\/"},"modified":"2014-06-12T13:27:00","modified_gmt":"2014-06-12T13:27:00","slug":"vendas-do-comercio-varejista-caem-04-em-abril","status":"publish","type":"post","link":"https:\/\/www.cdlbc.com.br\/portal\/noticias\/vendas-do-comercio-varejista-caem-04-em-abril\/","title":{"rendered":"Vendas do com\u00e9rcio varejista caem 0,4% em abril"},"content":{"rendered":"<div class=\"ftpimagefix\" style=\"float:left\"><img decoding=\"async\" width=\"250\" alt=\"Essa \u00e9 a segunda queda consecutiva, depois da estagna\u00e7\u00e3o do setor em fevereiro. Foto: Divulga\u00e7\u00e3o\" src=\"http:\/\/economiasc.com.br\/wp-content\/uploads\/2014\/06\/com%C3%A9rcio-300x150.jpg\"><\/div>\n<p>Essa \u00e9 a segunda queda consecutiva, depois da estagna\u00e7\u00e3o do setor em fevereiro. Foto: Divulga\u00e7\u00e3o<\/p>\n<p>O volume de vendas do com\u00e9rcio varejista no pa\u00eds teve queda de 0,4% em abril deste ano, ante o m\u00eas anterior. Essa \u00e9 a segunda queda consecutiva, depois da estagna\u00e7\u00e3o do setor em fevereiro. Em mar\u00e7o, a queda havia sido de 0,5%. Os dados da Pesquisa Mensal de Com\u00e9rcio (PMC) foram divulgados nesta quarta-feira, dia 12, pelo Instituto Brasileiro de Geografia e Estat\u00edstica (IBGE).<\/p>\n<p>A receita nominal teve alta de 0,6% no per\u00edodo. Ante abril do ano passado, houve altas de 6,7% no volume de vendas e de 13,5% na receita nominal. No acumulado do ano, os crescimentos s\u00e3o de 5% no volume de vendas e 11,1% na receita. J\u00e1 em 12 meses, o com\u00e9rcio acumula altas de 4,9% e 11,8%, respectivamente.<\/p>\n<p>De mar\u00e7o para abril, houve queda no volume de vendas em seis das oito atividades comerciais pesquisadas. Os maiores recuos foram observados nos segmentos de livros, jornais, revistas e papelaria (-2,7%), equipamentos e material para escrit\u00f3rio, inform\u00e1tica e comunica\u00e7\u00e3o (-2,6%) e de supermercados e produtos aliment\u00edcios (-1,4%).<\/p>\n<p>Tamb\u00e9m tiveram quedas no volume de vendas, os setores de tecidos, vestu\u00e1rio e cal\u00e7ados (-1%), combust\u00edveis e lubrificantes (-0,8%) e m\u00f3veis e eletrodom\u00e9sticos (-0,1%). O setor de artigos farmac\u00eauticos teve estabilidade e outros artigos de uso pessoal e dom\u00e9stico (0,3%). Em rela\u00e7\u00e3o ao varejo ampliado (que inclui tamb\u00e9m os setores de ve\u00edculos e material de constru\u00e7\u00e3o), o volume de vendas cresceu 0,6% de mar\u00e7o para abril. A alta foi puxada exclusivamente pelo segmento de ve\u00edculos e motos, partes e pe\u00e7as (5,4%), j\u00e1 que o setor de material de constru\u00e7\u00e3o caiu 0,5%. <strong>(Ag\u00eancia Brasil)<\/strong><\/p>\n<p>The post Vendas do com\u00e9rcio varejista caem 0,4% em abril appeared first on Economia SC.<\/p>\n<p>Via: <a href=\"http:\/\/economiasc.com.br\/vendas-comercio-varejista-caem-04-em-abril\/\" class=\"colorbox\" title=\"Vendas do com\u00e9rcio varejista caem 0,4% em abril\">economiasc.com.br<\/a><\/p>\n","protected":false},"excerpt":{"rendered":"<div class=\"ftpimagefix\" style=\"float:left\"><img decoding=\"async\" width=\"250\" alt=\"Essa \u00e9 a segunda queda consecutiva, depois da estagna\u00e7\u00e3o do setor em fevereiro. Foto: Divulga\u00e7\u00e3o\" src=\"http:\/\/economiasc.com.br\/wp-content\/uploads\/2014\/06\/com%C3%A9rcio-300x150.jpg\"><\/div>\n<p>Essa \u00e9 a segunda queda consecutiva, depois da estagna\u00e7\u00e3o do setor em fevereiro. Foto: Divulga\u00e7\u00e3o<\/p>\n<p>O volume de vendas do com\u00e9rcio varejista no pa\u00eds teve queda de 0,4% em abril deste ano, ante o m\u00eas anterior. Essa \u00e9 a segunda queda consecutiva, depois da estagna\u00e7\u00e3o do setor em fevereiro. Em mar\u00e7o, a queda havia sido de 0,5%. Os dados da Pesquisa Mensal de Com\u00e9rcio (PMC) foram divulgados nesta quarta-feira, dia 12, pelo Instituto Brasileiro de Geografia e Estat\u00edstica (IBGE).<\/p>\n<p>A receita nominal teve alta de 0,6% no per\u00edodo. Ante abril do ano passado, houve altas de 6,7% no volume de vendas e de 13,5% na receita nominal. No acumulado do ano, os crescimentos s\u00e3o de 5% no volume de vendas e 11,1% na receita. J\u00e1 em 12 meses, o com\u00e9rcio acumula altas de 4,9% e 11,8%, respectivamente.<\/p>\n<p>De mar\u00e7o para abril, houve queda no volume de vendas em seis das oito atividades comerciais pesquisadas. Os maiores recuos foram observados nos segmentos de livros, jornais, revistas e papelaria (-2,7%), equipamentos e material para escrit\u00f3rio, inform\u00e1tica e comunica\u00e7\u00e3o (-2,6%) e de supermercados e produtos aliment\u00edcios (-1,4%).<\/p>\n<p>Tamb\u00e9m tiveram quedas no volume de vendas, os setores de tecidos, vestu\u00e1rio e cal\u00e7ados (-1%), combust\u00edveis e lubrificantes (-0,8%) e m\u00f3veis e eletrodom\u00e9sticos (-0,1%). O setor de artigos farmac\u00eauticos teve estabilidade e outros artigos de uso pessoal e dom\u00e9stico (0,3%). Em rela\u00e7\u00e3o ao varejo ampliado (que inclui tamb\u00e9m os setores de ve\u00edculos e material de constru\u00e7\u00e3o), o volume de vendas cresceu 0,6% de mar\u00e7o para abril. A alta foi puxada exclusivamente pelo segmento de ve\u00edculos e motos, partes e pe\u00e7as (5,4%), j\u00e1 que o setor de material de constru\u00e7\u00e3o caiu 0,5%. <strong>(Ag\u00eancia Brasil)<\/strong><\/p>\n<p>The post Vendas do com\u00e9rcio varejista caem 0,4% em abril appeared first on Economia SC.<\/p>\n","protected":false},"author":1,"featured_media":0,"comment_status":"open","ping_status":"open","sticky":false,"template":"","format":"standard","meta":{"footnotes":""},"categories":[5],"tags":[],"class_list":["post-2261","post","type-post","status-publish","format-standard","hentry","category-noticias","no-post-thumbnail"],"_links":{"self":[{"href":"https:\/\/www.cdlbc.com.br\/portal\/wp-json\/wp\/v2\/posts\/2261","targetHints":{"allow":["GET"]}}],"collection":[{"href":"https:\/\/www.cdlbc.com.br\/portal\/wp-json\/wp\/v2\/posts"}],"about":[{"href":"https:\/\/www.cdlbc.com.br\/portal\/wp-json\/wp\/v2\/types\/post"}],"author":[{"embeddable":true,"href":"https:\/\/www.cdlbc.com.br\/portal\/wp-json\/wp\/v2\/users\/1"}],"replies":[{"embeddable":true,"href":"https:\/\/www.cdlbc.com.br\/portal\/wp-json\/wp\/v2\/comments?post=2261"}],"version-history":[{"count":0,"href":"https:\/\/www.cdlbc.com.br\/portal\/wp-json\/wp\/v2\/posts\/2261\/revisions"}],"wp:attachment":[{"href":"https:\/\/www.cdlbc.com.br\/portal\/wp-json\/wp\/v2\/media?parent=2261"}],"wp:term":[{"taxonomy":"category","embeddable":true,"href":"https:\/\/www.cdlbc.com.br\/portal\/wp-json\/wp\/v2\/categories?post=2261"},{"taxonomy":"post_tag","embeddable":true,"href":"https:\/\/www.cdlbc.com.br\/portal\/wp-json\/wp\/v2\/tags?post=2261"}],"curies":[{"name":"wp","href":"https:\/\/api.w.org\/{rel}","templated":true}]}}