{"id":2260,"date":"2014-06-12T13:29:00","date_gmt":"2014-06-12T13:29:00","guid":{"rendered":"http:\/\/www.cdlbc.com.br\/portal\/noticias\/emprego-na-industria-cai-em-abril-diz-ibge\/"},"modified":"2014-06-12T13:29:00","modified_gmt":"2014-06-12T13:29:00","slug":"emprego-na-industria-cai-em-abril-diz-ibge","status":"publish","type":"post","link":"https:\/\/www.cdlbc.com.br\/portal\/noticias\/emprego-na-industria-cai-em-abril-diz-ibge\/","title":{"rendered":"Emprego na ind\u00fastria cai em abril, diz IBGE"},"content":{"rendered":"<div class=\"ftpimagefix\" style=\"float:left\"><img decoding=\"async\" width=\"250\" alt=\"Na compara\u00e7\u00e3o com os quatro primeiros meses do ano anterior, n\u00edvel caiu 2%. Foto: Divulga\u00e7\u00e3o\" src=\"http:\/\/economiasc.com.br\/wp-content\/uploads\/2014\/06\/industria-6.jpg\"><\/div>\n<p>Na compara\u00e7\u00e3o com os quatro primeiros meses do ano anterior, n\u00edvel caiu 2%. Foto: Divulga\u00e7\u00e3o<\/p>\n<p>O n\u00edvel de emprego na ind\u00fastria fechou os primeiros quatro meses do ano com queda de 2%, na compara\u00e7\u00e3o com o mesmo per\u00edodo do ano anterior, intensificando, assim, o ritmo de queda em rela\u00e7\u00e3o ao registrado no \u00faltimo quadrimestre do ano passado (-1,7%). Os resultados negativos predominaram em todas as bases de compara\u00e7\u00e3o do ano anterior. A constata\u00e7\u00e3o \u00e9 da Pesquisa Industrial Mensal de Emprego e Sal\u00e1rio (Pimes), divulgada no dia 11 pelo Instituto Brasileiro de Geografia e Estat\u00edstica (IBGE).<\/p>\n<p>Segundo os dados da pesquisa, em abril o total do pessoal ocupado assalariado na ind\u00fastria mostrou varia\u00e7\u00e3o de \u2013 0,3%, na compara\u00e7\u00e3o com mar\u00e7o, ap\u00f3s dois meses consecutivos de taxas positivas (0,1% em fevereiro e 0,2%). Na compara\u00e7\u00e3o com abril de 2013, o emprego industrial registrou queda de 2,2%, neste caso o trig\u00e9simo primeiro resultado negativo consecutivo nesse tipo de confronto e o mais intenso desde dezembro de 2009 (-2,4%); enquanto a taxa acumulada nos \u00faltimos 12 meses recuou 1,5%, mantendo a trajet\u00f3ria ligeiramente descendente iniciada em agosto do ano passado (-1%).<\/p>\n<p>De acordo com os t\u00e9cnicos do IBGE, a queda de 2,2% reflete retra\u00e7\u00f5es no n\u00famero de pessoal ocupado em 11 dos 14 locais pesquisados, com o principal impacto negativo sendo observado em S\u00e3o Paulo, o maior parque fabril do pa\u00eds, onde o emprego chegou a recuar 3,3%, pressionado em grande parte pela redu\u00e7\u00e3o no total do pessoal ocupado em 13 das 18 atividades.<\/p>\n<p>Os destaques negativos, neste caso, ocorreram nas ind\u00fastrias de produtos de metal (-15,4%), produtos t\u00eaxteis (-10,6%), m\u00e1quinas e equipamentos (-3,8%), cal\u00e7ados e couro (-13,8%), refino de petr\u00f3leo e produ\u00e7\u00e3o de \u00e1lcool (-11,0%), meios de transporte (-2,8%), alimentos e bebidas (-1,6%), outros produtos da ind\u00fastria de transforma\u00e7\u00e3o (-5,6%) e papel e gr\u00e1fica (-3,3%).<\/p>\n<p>Numa an\u00e1lise regional, os estados que apresentaram quedas mais significativas foram Rio Grande do Sul (-4,6%), Paran\u00e1, (-3,7%) e Minas Gerais (-2,2%). Em contrapartida, entre os tr\u00eas locais pesquisados com resultados positivo no emprego, destacam-se, Pernambuco (4,4%) e Regi\u00e3o Nordeste (0,3%).<\/p>\n<p>Os n\u00fameros divulgados pelo IBGE indicam, ainda, que na compara\u00e7\u00e3o abril 2013\/abril 2014, houve recuou em 13 dos 18 ramos pesquisados, com destaque para as press\u00f5es negativas vindas de produtos de metal (-7,3%), cal\u00e7ados e couro (-8,5%), m\u00e1quinas e aparelhos eletroeletr\u00f4nicos e de comunica\u00e7\u00f5es (-7,0%), meios de transporte (-3,5%), refino de petr\u00f3leo e produ\u00e7\u00e3o de \u00e1lcool (-10,4%), produtos t\u00eaxteis (-5,1%) e m\u00e1quinas e equipamentos (-2,8%). <strong>(Ag\u00eancia Brasil)<\/strong><\/p>\n<p>The post Emprego na ind\u00fastria cai em abril, diz IBGE appeared first on Economia SC.<\/p>\n<p>Via: <a href=\"http:\/\/economiasc.com.br\/emprego-na-industria-cai-em-abril-diz-ibge\/\" class=\"colorbox\" title=\"Emprego na ind\u00fastria cai em abril, diz IBGE\">economiasc.com.br<\/a><\/p>\n","protected":false},"excerpt":{"rendered":"<div class=\"ftpimagefix\" style=\"float:left\"><img decoding=\"async\" width=\"250\" alt=\"Na compara\u00e7\u00e3o com os quatro primeiros meses do ano anterior, n\u00edvel caiu 2%. Foto: Divulga\u00e7\u00e3o\" src=\"http:\/\/economiasc.com.br\/wp-content\/uploads\/2014\/06\/industria-6.jpg\"><\/div>\n<p>Na compara\u00e7\u00e3o com os quatro primeiros meses do ano anterior, n\u00edvel caiu 2%. Foto: Divulga\u00e7\u00e3o<\/p>\n<p>O n\u00edvel de emprego na ind\u00fastria fechou os primeiros quatro meses do ano com queda de 2%, na compara\u00e7\u00e3o com o mesmo per\u00edodo do ano anterior, intensificando, assim, o ritmo de queda em rela\u00e7\u00e3o ao registrado no \u00faltimo quadrimestre do ano passado (-1,7%). Os resultados negativos predominaram em todas as bases de compara\u00e7\u00e3o do ano anterior. A constata\u00e7\u00e3o \u00e9 da Pesquisa Industrial Mensal de Emprego e Sal\u00e1rio (Pimes), divulgada no dia 11 pelo Instituto Brasileiro de Geografia e Estat\u00edstica (IBGE).<\/p>\n<p>Segundo os dados da pesquisa, em abril o total do pessoal ocupado assalariado na ind\u00fastria mostrou varia\u00e7\u00e3o de \u2013 0,3%, na compara\u00e7\u00e3o com mar\u00e7o, ap\u00f3s dois meses consecutivos de taxas positivas (0,1% em fevereiro e 0,2%). Na compara\u00e7\u00e3o com abril de 2013, o emprego industrial registrou queda de 2,2%, neste caso o trig\u00e9simo primeiro resultado negativo consecutivo nesse tipo de confronto e o mais intenso desde dezembro de 2009 (-2,4%); enquanto a taxa acumulada nos \u00faltimos 12 meses recuou 1,5%, mantendo a trajet\u00f3ria ligeiramente descendente iniciada em agosto do ano passado (-1%).<\/p>\n<p>De acordo com os t\u00e9cnicos do IBGE, a queda de 2,2% reflete retra\u00e7\u00f5es no n\u00famero de pessoal ocupado em 11 dos 14 locais pesquisados, com o principal impacto negativo sendo observado em S\u00e3o Paulo, o maior parque fabril do pa\u00eds, onde o emprego chegou a recuar 3,3%, pressionado em grande parte pela redu\u00e7\u00e3o no total do pessoal ocupado em 13 das 18 atividades.<\/p>\n<p>Os destaques negativos, neste caso, ocorreram nas ind\u00fastrias de produtos de metal (-15,4%), produtos t\u00eaxteis (-10,6%), m\u00e1quinas e equipamentos (-3,8%), cal\u00e7ados e couro (-13,8%), refino de petr\u00f3leo e produ\u00e7\u00e3o de \u00e1lcool (-11,0%), meios de transporte (-2,8%), alimentos e bebidas (-1,6%), outros produtos da ind\u00fastria de transforma\u00e7\u00e3o (-5,6%) e papel e gr\u00e1fica (-3,3%).<\/p>\n<p>Numa an\u00e1lise regional, os estados que apresentaram quedas mais significativas foram Rio Grande do Sul (-4,6%), Paran\u00e1, (-3,7%) e Minas Gerais (-2,2%). Em contrapartida, entre os tr\u00eas locais pesquisados com resultados positivo no emprego, destacam-se, Pernambuco (4,4%) e Regi\u00e3o Nordeste (0,3%).<\/p>\n<p>Os n\u00fameros divulgados pelo IBGE indicam, ainda, que na compara\u00e7\u00e3o abril 2013\/abril 2014, houve recuou em 13 dos 18 ramos pesquisados, com destaque para as press\u00f5es negativas vindas de produtos de metal (-7,3%), cal\u00e7ados e couro (-8,5%), m\u00e1quinas e aparelhos eletroeletr\u00f4nicos e de comunica\u00e7\u00f5es (-7,0%), meios de transporte (-3,5%), refino de petr\u00f3leo e produ\u00e7\u00e3o de \u00e1lcool (-10,4%), produtos t\u00eaxteis (-5,1%) e m\u00e1quinas e equipamentos (-2,8%). <strong>(Ag\u00eancia Brasil)<\/strong><\/p>\n<p>The post Emprego na ind\u00fastria cai em abril, diz IBGE appeared first on Economia SC.<\/p>\n","protected":false},"author":1,"featured_media":0,"comment_status":"open","ping_status":"open","sticky":false,"template":"","format":"standard","meta":{"footnotes":""},"categories":[5],"tags":[],"class_list":["post-2260","post","type-post","status-publish","format-standard","hentry","category-noticias","no-post-thumbnail"],"_links":{"self":[{"href":"https:\/\/www.cdlbc.com.br\/portal\/wp-json\/wp\/v2\/posts\/2260","targetHints":{"allow":["GET"]}}],"collection":[{"href":"https:\/\/www.cdlbc.com.br\/portal\/wp-json\/wp\/v2\/posts"}],"about":[{"href":"https:\/\/www.cdlbc.com.br\/portal\/wp-json\/wp\/v2\/types\/post"}],"author":[{"embeddable":true,"href":"https:\/\/www.cdlbc.com.br\/portal\/wp-json\/wp\/v2\/users\/1"}],"replies":[{"embeddable":true,"href":"https:\/\/www.cdlbc.com.br\/portal\/wp-json\/wp\/v2\/comments?post=2260"}],"version-history":[{"count":0,"href":"https:\/\/www.cdlbc.com.br\/portal\/wp-json\/wp\/v2\/posts\/2260\/revisions"}],"wp:attachment":[{"href":"https:\/\/www.cdlbc.com.br\/portal\/wp-json\/wp\/v2\/media?parent=2260"}],"wp:term":[{"taxonomy":"category","embeddable":true,"href":"https:\/\/www.cdlbc.com.br\/portal\/wp-json\/wp\/v2\/categories?post=2260"},{"taxonomy":"post_tag","embeddable":true,"href":"https:\/\/www.cdlbc.com.br\/portal\/wp-json\/wp\/v2\/tags?post=2260"}],"curies":[{"name":"wp","href":"https:\/\/api.w.org\/{rel}","templated":true}]}}