{"id":2254,"date":"2014-06-12T12:27:00","date_gmt":"2014-06-12T12:27:00","guid":{"rendered":"http:\/\/www.cdlbc.com.br\/portal\/noticias\/diretores-da-abeph-visitam-o-porto-de-itajai\/"},"modified":"2014-06-12T12:27:00","modified_gmt":"2014-06-12T12:27:00","slug":"diretores-da-abeph-visitam-o-porto-de-itajai","status":"publish","type":"post","link":"https:\/\/www.cdlbc.com.br\/portal\/noticias\/diretores-da-abeph-visitam-o-porto-de-itajai\/","title":{"rendered":"Diretores da ABEPH visitam o Porto de Itaja\u00ed"},"content":{"rendered":"<p>Os diretores da Associa\u00e7\u00e3o Brasileira das Entidades Portu\u00e1rias e Hidrovi\u00e1rias (ABEPH), Arno Oscar Markus e Rubens Carvalho Markus, realizaram uma visita t\u00e9cnica ao Porto de Itaja\u00ed na ter\u00e7a-feira, dia 10. O objetivo foi verificar o desempenho do Complexo Portu\u00e1rio do Itaja\u00ed e conhecer as a\u00e7\u00f5es e projetos da Autoridade Portu\u00e1ria de Itaja\u00ed. Os t\u00e9cnicos foram recebidos pelo superintendente Antonio Ayres dos Santos j\u00fanior, que destacou a import\u00e2ncia da institui\u00e7\u00e3o para o setor portu\u00e1rio brasileiro.<\/p>\n<p>Com sede no Rio de Janeiro e 56 anos de atua\u00e7\u00e3o nos segmentos portu\u00e1rio e da navega\u00e7\u00e3o, a Associa\u00e7\u00e3o atua na defesa e a coordena\u00e7\u00e3o de interesses e o interc\u00e2mbio de informa\u00e7\u00f5es sobre a atividade portu\u00e1ria. Elabora estudos e pesquisas t\u00e9cnicas, econ\u00f4micas e jur\u00eddicas que contribuam para o aprimoramento dos m\u00e9todos de constru\u00e7\u00e3o, opera\u00e7\u00e3o, administra\u00e7\u00e3o e servi\u00e7os portu\u00e1rios, bem como para a solu\u00e7\u00e3o de quest\u00f5es portu\u00e1rias brasileiras.<\/p>\n<\/p>\n<p>The post <a class=\"colorbox\" rel=\"nofollow\" href=\"http:\/\/economiasc.com.br\/diretores-da-abeph-visitam-o-porto-de-itajai\/\">Diretores da ABEPH visitam o Porto de Itaja\u00ed<\/a> appeared first on <a class=\"colorbox\" rel=\"nofollow\" href=\"http:\/\/economiasc.com.br\/\">Economia SC<\/a>.<\/p>\n<p>Via: <a href=\"http:\/\/economiasc.com.br\/diretores-da-abeph-visitam-o-porto-de-itajai\/\" class=\"colorbox\" title=\"Diretores da ABEPH visitam o Porto de Itaja\u00ed\">economiasc.com.br<\/a><\/p>\n","protected":false},"excerpt":{"rendered":"<p>Os diretores da Associa\u00e7\u00e3o Brasileira das Entidades Portu\u00e1rias e Hidrovi\u00e1rias (ABEPH), Arno Oscar Markus e Rubens Carvalho Markus, realizaram uma visita t\u00e9cnica ao Porto de Itaja\u00ed na ter\u00e7a-feira, dia 10. O objetivo foi verificar o desempenho do Complexo Portu\u00e1rio do Itaja\u00ed e conhecer as a\u00e7\u00f5es e projetos da Autoridade Portu\u00e1ria de Itaja\u00ed. Os t\u00e9cnicos foram recebidos pelo superintendente Antonio Ayres dos Santos j\u00fanior, que destacou a import\u00e2ncia da institui\u00e7\u00e3o para o setor portu\u00e1rio brasileiro.<\/p>\n<p>Com sede no Rio de Janeiro e 56 anos de atua\u00e7\u00e3o nos segmentos portu\u00e1rio e da navega\u00e7\u00e3o, a Associa\u00e7\u00e3o atua na defesa e a coordena\u00e7\u00e3o de interesses e o interc\u00e2mbio de informa\u00e7\u00f5es sobre a atividade portu\u00e1ria. Elabora estudos e pesquisas t\u00e9cnicas, econ\u00f4micas e jur\u00eddicas que contribuam para o aprimoramento dos m\u00e9todos de constru\u00e7\u00e3o, opera\u00e7\u00e3o, administra\u00e7\u00e3o e servi\u00e7os portu\u00e1rios, bem como para a solu\u00e7\u00e3o de quest\u00f5es portu\u00e1rias brasileiras.<\/p>\n<\/p>\n<p>The post <a class=\"colorbox\" rel=\"nofollow\" href=\"http:\/\/economiasc.com.br\/diretores-da-abeph-visitam-o-porto-de-itajai\/\">Diretores da ABEPH visitam o Porto de Itaja\u00ed<\/a> appeared first on <a class=\"colorbox\" rel=\"nofollow\" href=\"http:\/\/economiasc.com.br\/\">Economia SC<\/a>.<\/p>\n","protected":false},"author":1,"featured_media":0,"comment_status":"open","ping_status":"open","sticky":false,"template":"","format":"standard","meta":{"footnotes":""},"categories":[5],"tags":[],"class_list":["post-2254","post","type-post","status-publish","format-standard","hentry","category-noticias","no-post-thumbnail"],"_links":{"self":[{"href":"https:\/\/www.cdlbc.com.br\/portal\/wp-json\/wp\/v2\/posts\/2254","targetHints":{"allow":["GET"]}}],"collection":[{"href":"https:\/\/www.cdlbc.com.br\/portal\/wp-json\/wp\/v2\/posts"}],"about":[{"href":"https:\/\/www.cdlbc.com.br\/portal\/wp-json\/wp\/v2\/types\/post"}],"author":[{"embeddable":true,"href":"https:\/\/www.cdlbc.com.br\/portal\/wp-json\/wp\/v2\/users\/1"}],"replies":[{"embeddable":true,"href":"https:\/\/www.cdlbc.com.br\/portal\/wp-json\/wp\/v2\/comments?post=2254"}],"version-history":[{"count":0,"href":"https:\/\/www.cdlbc.com.br\/portal\/wp-json\/wp\/v2\/posts\/2254\/revisions"}],"wp:attachment":[{"href":"https:\/\/www.cdlbc.com.br\/portal\/wp-json\/wp\/v2\/media?parent=2254"}],"wp:term":[{"taxonomy":"category","embeddable":true,"href":"https:\/\/www.cdlbc.com.br\/portal\/wp-json\/wp\/v2\/categories?post=2254"},{"taxonomy":"post_tag","embeddable":true,"href":"https:\/\/www.cdlbc.com.br\/portal\/wp-json\/wp\/v2\/tags?post=2254"}],"curies":[{"name":"wp","href":"https:\/\/api.w.org\/{rel}","templated":true}]}}