{"id":2251,"date":"2014-06-12T11:55:00","date_gmt":"2014-06-12T11:55:00","guid":{"rendered":"http:\/\/www.cdlbc.com.br\/portal\/noticias\/governador-sobrevoa-obras-em-araquari-e-ilhota\/"},"modified":"2014-06-12T11:55:00","modified_gmt":"2014-06-12T11:55:00","slug":"governador-sobrevoa-obras-em-araquari-e-ilhota","status":"publish","type":"post","link":"https:\/\/www.cdlbc.com.br\/portal\/noticias\/governador-sobrevoa-obras-em-araquari-e-ilhota\/","title":{"rendered":"Governador sobrevoa obras em Araquari e Ilhota"},"content":{"rendered":"<div class=\"ftpimagefix\" style=\"float:left\"><img decoding=\"async\" width=\"250\" alt=\"Trabalhos para constru\u00e7\u00e3o do f\u00e1brica da BMW devem ser conclu\u00eddos em setembro. Foto: Divulga\u00e7\u00e3o\" src=\"http:\/\/economiasc.com.br\/wp-content\/uploads\/2014\/06\/araquaribmw-300x170.jpg\"><\/div>\n<p>Trabalhos para constru\u00e7\u00e3o do f\u00e1brica da BMW devem ser conclu\u00eddos em setembro. Foto: Divulga\u00e7\u00e3o<\/p>\n<p>O governador Raimundo Colombo sobrevoou as obras da BMW, em Araquari, e da Ponte de Ilhota, nesta quarta-feira, dia 11. Os trabalhos para constru\u00e7\u00e3o do f\u00e1brica da BMW devem ser conclu\u00eddos em setembro deste ano. A unidade ser\u00e1 a primeira f\u00e1brica de autom\u00f3veis da marca alem\u00e3 na Am\u00e9rica Latina.<\/p>\n<p>As obras da BMW come\u00e7aram oficialmente em dezembro de 2013. A f\u00e1brica deve gerar mais de 6 mil postos de trabalho, sendo 1,3 mil empregos diretos e cerca de 5 mil indiretos. O investimento total \u00e9 da ordem de R$ 600 milh\u00f5es.<\/p>\n<p>A unidade ter\u00e1 capacidade instalada para produzir 32 mil vei\u0301culos ao ano. O empreendimento tem o apoio do Governo do Estado e do Banco Regional de Desenvolvimento do Extremo Sul (BRDE).<\/p>\n<p>O governador tamb\u00e9m sobrevoou as obras da Ponte de Ilhota, que est\u00e1 sendo constru\u00edda sobre o Rio Itaja\u00ed-A\u00e7u, ligando a Rodovia Jorge Lacerda (SC-470) \u00e0 BR-470, no Vale do Itaja\u00ed.<\/p>\n<p>A ponte ter\u00e1 482 metros de extens\u00e3o e ser\u00e1 resultado de investimentos da ordem de R$ 19 milh\u00f5es, por meio de uma parceria entre Governo do Estado (que pagar\u00e1 20% da obra) e governo federal (respons\u00e1vel pelos outros 80%). At\u00e9 agora, 12 dos 16 pilares foram conclu\u00eddos e metade da laje est\u00e1 pronta. A expectativa \u00e9 de concluir a obra at\u00e9 novembro deste ano.<\/p>\n<p>The post Governador sobrevoa obras em Araquari e Ilhota appeared first on Economia SC.<\/p>\n<p>Via: <a href=\"http:\/\/economiasc.com.br\/governador-sobrevoa-obras-em-araquari-e-ilhota\/\" class=\"colorbox\" title=\"Governador sobrevoa obras em Araquari e Ilhota\">economiasc.com.br<\/a><\/p>\n","protected":false},"excerpt":{"rendered":"<div class=\"ftpimagefix\" style=\"float:left\"><img decoding=\"async\" width=\"250\" alt=\"Trabalhos para constru\u00e7\u00e3o do f\u00e1brica da BMW devem ser conclu\u00eddos em setembro. Foto: Divulga\u00e7\u00e3o\" src=\"http:\/\/economiasc.com.br\/wp-content\/uploads\/2014\/06\/araquaribmw-300x170.jpg\"><\/div>\n<p>Trabalhos para constru\u00e7\u00e3o do f\u00e1brica da BMW devem ser conclu\u00eddos em setembro. Foto: Divulga\u00e7\u00e3o<\/p>\n<p>O governador Raimundo Colombo sobrevoou as obras da BMW, em Araquari, e da Ponte de Ilhota, nesta quarta-feira, dia 11. Os trabalhos para constru\u00e7\u00e3o do f\u00e1brica da BMW devem ser conclu\u00eddos em setembro deste ano. A unidade ser\u00e1 a primeira f\u00e1brica de autom\u00f3veis da marca alem\u00e3 na Am\u00e9rica Latina.<\/p>\n<p>As obras da BMW come\u00e7aram oficialmente em dezembro de 2013. A f\u00e1brica deve gerar mais de 6 mil postos de trabalho, sendo 1,3 mil empregos diretos e cerca de 5 mil indiretos. O investimento total \u00e9 da ordem de R$ 600 milh\u00f5es.<\/p>\n<p>A unidade ter\u00e1 capacidade instalada para produzir 32 mil vei\u0301culos ao ano. O empreendimento tem o apoio do Governo do Estado e do Banco Regional de Desenvolvimento do Extremo Sul (BRDE).<\/p>\n<p>O governador tamb\u00e9m sobrevoou as obras da Ponte de Ilhota, que est\u00e1 sendo constru\u00edda sobre o Rio Itaja\u00ed-A\u00e7u, ligando a Rodovia Jorge Lacerda (SC-470) \u00e0 BR-470, no Vale do Itaja\u00ed.<\/p>\n<p>A ponte ter\u00e1 482 metros de extens\u00e3o e ser\u00e1 resultado de investimentos da ordem de R$ 19 milh\u00f5es, por meio de uma parceria entre Governo do Estado (que pagar\u00e1 20% da obra) e governo federal (respons\u00e1vel pelos outros 80%). At\u00e9 agora, 12 dos 16 pilares foram conclu\u00eddos e metade da laje est\u00e1 pronta. A expectativa \u00e9 de concluir a obra at\u00e9 novembro deste ano.<\/p>\n<p>The post Governador sobrevoa obras em Araquari e Ilhota appeared first on Economia SC.<\/p>\n","protected":false},"author":1,"featured_media":0,"comment_status":"open","ping_status":"open","sticky":false,"template":"","format":"standard","meta":{"footnotes":""},"categories":[5],"tags":[],"class_list":["post-2251","post","type-post","status-publish","format-standard","hentry","category-noticias","no-post-thumbnail"],"_links":{"self":[{"href":"https:\/\/www.cdlbc.com.br\/portal\/wp-json\/wp\/v2\/posts\/2251","targetHints":{"allow":["GET"]}}],"collection":[{"href":"https:\/\/www.cdlbc.com.br\/portal\/wp-json\/wp\/v2\/posts"}],"about":[{"href":"https:\/\/www.cdlbc.com.br\/portal\/wp-json\/wp\/v2\/types\/post"}],"author":[{"embeddable":true,"href":"https:\/\/www.cdlbc.com.br\/portal\/wp-json\/wp\/v2\/users\/1"}],"replies":[{"embeddable":true,"href":"https:\/\/www.cdlbc.com.br\/portal\/wp-json\/wp\/v2\/comments?post=2251"}],"version-history":[{"count":0,"href":"https:\/\/www.cdlbc.com.br\/portal\/wp-json\/wp\/v2\/posts\/2251\/revisions"}],"wp:attachment":[{"href":"https:\/\/www.cdlbc.com.br\/portal\/wp-json\/wp\/v2\/media?parent=2251"}],"wp:term":[{"taxonomy":"category","embeddable":true,"href":"https:\/\/www.cdlbc.com.br\/portal\/wp-json\/wp\/v2\/categories?post=2251"},{"taxonomy":"post_tag","embeddable":true,"href":"https:\/\/www.cdlbc.com.br\/portal\/wp-json\/wp\/v2\/tags?post=2251"}],"curies":[{"name":"wp","href":"https:\/\/api.w.org\/{rel}","templated":true}]}}