{"id":2249,"date":"2014-06-11T19:16:00","date_gmt":"2014-06-11T19:16:00","guid":{"rendered":"http:\/\/www.cdlbc.com.br\/portal\/noticias\/governo-de-sc-muda-horario-de-expediente-na-copa\/"},"modified":"2014-06-11T19:16:00","modified_gmt":"2014-06-11T19:16:00","slug":"governo-de-sc-muda-horario-de-expediente-na-copa","status":"publish","type":"post","link":"https:\/\/www.cdlbc.com.br\/portal\/noticias\/governo-de-sc-muda-horario-de-expediente-na-copa\/","title":{"rendered":"Governo de SC muda hor\u00e1rio de expediente na Copa"},"content":{"rendered":"<p>Nesta quinta-feira, dia 12, o hor\u00e1rio de expediente dos \u00f3rg\u00e3os e entidades do governo de Santa Catarina ter\u00e1 altera\u00e7\u00f5es devido ao jogo da sele\u00e7\u00e3o brasileira na Copa do Mundo, que ocorre \u00e0s 17h. Os setores administrativos de secretarias estaduais e regionais estar\u00e3o abertos das 9h \u00e0s 15h. Celesc, Casan, Sine e Detran adotaram hor\u00e1rios diferentes.<\/p>\n<p>Institui\u00e7\u00f5es de atendimento de sa\u00fade, seguran\u00e7a p\u00fablica e Defesa Civil funcionar\u00e3o normalmente. De acordo com o decreto 2.201, publicado no Di\u00e1rio Oficial do Estado, nos dias 12 e 23 de junho, quando o Brasil joga \u00e0s 17h, o funcionamento ser\u00e1 das 9h \u00e0s 15h. Em 17 de junho, quando o jogo ocorre \u00e0s 16h, os servidores trabalhar\u00e3o das 8h \u00e0s 14h. Est\u00e3o exclu\u00eddos da altera\u00e7\u00e3o de hor\u00e1rio os servi\u00e7os considerados essenciais ao interesse p\u00fablico, como, por exemplo, Sa\u00fade, Educa\u00e7\u00e3o, Seguran\u00e7a P\u00fablica, Defesa Civil e Justi\u00e7a e Cidadania.<\/p>\n<p><strong>Hor\u00e1rios 12, 17 e 23 de junho<\/strong><\/p>\n<p>Expediente das 8h \u00e0s 14h, nos dias 12, 17 e 23 de junho e manter\u00e1 plant\u00e3o de atendimento pelo telefone: 0800 643 0195.<\/p>\n<p><strong>Celesc<\/strong><br \/>\nExpediente das 8h \u00e0s 14h, nos dias 12, 17 e 23 de junho.<br \/>\nA Celesc informa que para atendimento comercial, o consumidor pode ligar gratuitamente para 0800-48-0120 ou acessar a Agencia WEB no portal <a class=\"colorbox\" href=\"http:\/\/www.celesc.com.br\/\" target=\"_blank\">www.celesc.com.br<\/a>. Para atendimento emergencial, chamada gratuita para 0800-48-0196 ou, em caso de falta de energia, SMS para o n\u00famero 48196 com a mensagem: Sem luz + n\u00famero da unidade consumidora ou CPF. Pedido de religa\u00e7\u00e3o, em virtude de corte por falta de pagamento, pode ser enviado para o e-mail <a class=\"colorbox\" href=\"mailto:religa@celesc.com.br\" target=\"_blank\">religa@celesc.com.br<\/a>, informando numero da unidade consumidora e a op\u00e7\u00e3o feita (religa\u00e7\u00e3o normal ou de urg\u00eancia).<\/p>\n<p><strong>Defesa Civil e Corpo de Bombeiros<\/strong><br \/>\nO centro de opera\u00e7\u00f5es funcionar\u00e1 normalmente.<br \/>\nOs setores administrativos ter\u00e3o expediente das 9h \u00e0s 15h.<br \/>\nEm caso de emerg\u00eancia, comunique \u00e0 coordenadoria municipal de Defesa Civil, no telefone 199 ou para o Corpo de Bombeiros, no n\u00famero 193. O cidad\u00e3o tamb\u00e9m pode entrar em contato com a Defesa Civil do Estado, no plant\u00e3o 24 horas que conta com equipes de prontid\u00e3o. O telefone \u00e9 o (48) 3664-7000.<\/p>\n<p><strong>Detran<\/strong><br \/>\nExpediente das 8h \u00e0s 15h, nos dias 12, 17 e 23 de junho.<\/p>\n<p><strong>Escolas estaduais<\/strong><br \/>\nA Secretaria de Educa\u00e7\u00e3o orienta os gerentes regionais para que as aulas sejam canceladas nos hor\u00e1rios dos jogos da sele\u00e7\u00e3o brasileira.  Cada escola deve definir junto \u00e0 Ger\u00eancia Regional e planejar a reposi\u00e7\u00e3o do conte\u00fado.<\/p>\n<p><strong>Imetro\/SC <\/strong><\/p>\n<p>Expediente das 8h \u00e0s 14h, nos dias 12, 17 e 23 de junho.<\/p>\n<p><strong>Postos do Sine Florian\u00f3polis<\/strong><br \/>\nExpediente das 7h30min \u00e0s 15h nos dias 12 e 23 de junho.<br \/>\nNo dia 17 de junho das 7h30min \u00e0s 14h.<br \/>\nOs outros 98 postos em parceria com as prefeituras ter\u00e3o hor\u00e1rio de acordo com o que for definido no munic\u00edpio.<\/p>\n<p><strong>Procon<\/strong><br \/>\nExpediente das 9h \u00e0s 15h, nos dias 12, 17 e 23 de junho.<\/p>\n<p><strong>Seguran\u00e7a<\/strong><br \/>\nAs Delegacias de Pol\u00edcia Civil (181), a Pol\u00edcia Militar (190), o Corpo de Bombeiros (193) e \u00f3rg\u00e3os como o Instituto Geral de Per\u00edcias (IGP) e o Instituto M\u00e9dico Legal (IML) funcionar\u00e3o em normalmente. Os setores administrativos  das 9h \u00e0s 15h.<\/p>\n<h2><\/h2>\n<p>The post <a class=\"colorbox\" rel=\"nofollow\" href=\"http:\/\/economiasc.com.br\/governo-de-sc-muda-horario-de-expediente-na-copa\/\">Governo de SC muda hor\u00e1rio de expediente na Copa<\/a> appeared first on <a class=\"colorbox\" rel=\"nofollow\" href=\"http:\/\/economiasc.com.br\/\">Economia SC<\/a>.<\/p>\n<p>Via: <a href=\"http:\/\/economiasc.com.br\/governo-de-sc-muda-horario-de-expediente-na-copa\/\" class=\"colorbox\" title=\"Governo de SC muda hor\u00e1rio de expediente na Copa\">economiasc.com.br<\/a><\/p>\n","protected":false},"excerpt":{"rendered":"<p>Nesta quinta-feira, dia 12, o hor\u00e1rio de expediente dos \u00f3rg\u00e3os e entidades do governo de Santa Catarina ter\u00e1 altera\u00e7\u00f5es devido ao jogo da sele\u00e7\u00e3o brasileira na Copa do Mundo, que ocorre \u00e0s 17h. Os setores administrativos de secretarias estaduais e regionais estar\u00e3o abertos das 9h \u00e0s 15h. Celesc, Casan, Sine e Detran adotaram hor\u00e1rios diferentes.<\/p>\n<p>Institui\u00e7\u00f5es de atendimento de sa\u00fade, seguran\u00e7a p\u00fablica e Defesa Civil funcionar\u00e3o normalmente. De acordo com o decreto 2.201, publicado no Di\u00e1rio Oficial do Estado, nos dias 12 e 23 de junho, quando o Brasil joga \u00e0s 17h, o funcionamento ser\u00e1 das 9h \u00e0s 15h. Em 17 de junho, quando o jogo ocorre \u00e0s 16h, os servidores trabalhar\u00e3o das 8h \u00e0s 14h. Est\u00e3o exclu\u00eddos da altera\u00e7\u00e3o de hor\u00e1rio os servi\u00e7os considerados essenciais ao interesse p\u00fablico, como, por exemplo, Sa\u00fade, Educa\u00e7\u00e3o, Seguran\u00e7a P\u00fablica, Defesa Civil e Justi\u00e7a e Cidadania.<\/p>\n<p><strong>Hor\u00e1rios 12, 17 e 23 de junho<\/strong><\/p>\n<p>Expediente das 8h \u00e0s 14h, nos dias 12, 17 e 23 de junho e manter\u00e1 plant\u00e3o de atendimento pelo telefone: 0800 643 0195.<\/p>\n<p><strong>Celesc<\/strong><br \/>\nExpediente das 8h \u00e0s 14h, nos dias 12, 17 e 23 de junho.<br \/>\nA Celesc informa que para atendimento comercial, o consumidor pode ligar gratuitamente para 0800-48-0120 ou acessar a Agencia WEB no portal <a class=\"colorbox\" href=\"http:\/\/www.celesc.com.br\/\" target=\"_blank\">www.celesc.com.br<\/a>. Para atendimento emergencial, chamada gratuita para 0800-48-0196 ou, em caso de falta de energia, SMS para o n\u00famero 48196 com a mensagem: Sem luz + n\u00famero da unidade consumidora ou CPF. Pedido de religa\u00e7\u00e3o, em virtude de corte por falta de pagamento, pode ser enviado para o e-mail <a class=\"colorbox\" href=\"mailto:religa@celesc.com.br\" target=\"_blank\">religa@celesc.com.br<\/a>, informando numero da unidade consumidora e a op\u00e7\u00e3o feita (religa\u00e7\u00e3o normal ou de urg\u00eancia).<\/p>\n<p><strong>Defesa Civil e Corpo de Bombeiros<\/strong><br \/>\nO centro de opera\u00e7\u00f5es funcionar\u00e1 normalmente.<br \/>\nOs setores administrativos ter\u00e3o expediente das 9h \u00e0s 15h.<br \/>\nEm caso de emerg\u00eancia, comunique \u00e0 coordenadoria municipal de Defesa Civil, no telefone 199 ou para o Corpo de Bombeiros, no n\u00famero 193. O cidad\u00e3o tamb\u00e9m pode entrar em contato com a Defesa Civil do Estado, no plant\u00e3o 24 horas que conta com equipes de prontid\u00e3o. O telefone \u00e9 o (48) 3664-7000.<\/p>\n<p><strong>Detran<\/strong><br \/>\nExpediente das 8h \u00e0s 15h, nos dias 12, 17 e 23 de junho.<\/p>\n<p><strong>Escolas estaduais<\/strong><br \/>\nA Secretaria de Educa\u00e7\u00e3o orienta os gerentes regionais para que as aulas sejam canceladas nos hor\u00e1rios dos jogos da sele\u00e7\u00e3o brasileira.  Cada escola deve definir junto \u00e0 Ger\u00eancia Regional e planejar a reposi\u00e7\u00e3o do conte\u00fado.<\/p>\n<p><strong>Imetro\/SC <\/strong><\/p>\n<p>Expediente das 8h \u00e0s 14h, nos dias 12, 17 e 23 de junho.<\/p>\n<p><strong>Postos do Sine Florian\u00f3polis<\/strong><br \/>\nExpediente das 7h30min \u00e0s 15h nos dias 12 e 23 de junho.<br \/>\nNo dia 17 de junho das 7h30min \u00e0s 14h.<br \/>\nOs outros 98 postos em parceria com as prefeituras ter\u00e3o hor\u00e1rio de acordo com o que for definido no munic\u00edpio.<\/p>\n<p><strong>Procon<\/strong><br \/>\nExpediente das 9h \u00e0s 15h, nos dias 12, 17 e 23 de junho.<\/p>\n<p><strong>Seguran\u00e7a<\/strong><br \/>\nAs Delegacias de Pol\u00edcia Civil (181), a Pol\u00edcia Militar (190), o Corpo de Bombeiros (193) e \u00f3rg\u00e3os como o Instituto Geral de Per\u00edcias (IGP) e o Instituto M\u00e9dico Legal (IML) funcionar\u00e3o em normalmente. Os setores administrativos  das 9h \u00e0s 15h.<\/p>\n<h2><\/h2>\n<p>The post <a class=\"colorbox\" rel=\"nofollow\" href=\"http:\/\/economiasc.com.br\/governo-de-sc-muda-horario-de-expediente-na-copa\/\">Governo de SC muda hor\u00e1rio de expediente na Copa<\/a> appeared first on <a class=\"colorbox\" rel=\"nofollow\" href=\"http:\/\/economiasc.com.br\/\">Economia SC<\/a>.<\/p>\n","protected":false},"author":1,"featured_media":0,"comment_status":"open","ping_status":"open","sticky":false,"template":"","format":"standard","meta":{"footnotes":""},"categories":[5],"tags":[],"class_list":["post-2249","post","type-post","status-publish","format-standard","hentry","category-noticias","no-post-thumbnail"],"_links":{"self":[{"href":"https:\/\/www.cdlbc.com.br\/portal\/wp-json\/wp\/v2\/posts\/2249","targetHints":{"allow":["GET"]}}],"collection":[{"href":"https:\/\/www.cdlbc.com.br\/portal\/wp-json\/wp\/v2\/posts"}],"about":[{"href":"https:\/\/www.cdlbc.com.br\/portal\/wp-json\/wp\/v2\/types\/post"}],"author":[{"embeddable":true,"href":"https:\/\/www.cdlbc.com.br\/portal\/wp-json\/wp\/v2\/users\/1"}],"replies":[{"embeddable":true,"href":"https:\/\/www.cdlbc.com.br\/portal\/wp-json\/wp\/v2\/comments?post=2249"}],"version-history":[{"count":0,"href":"https:\/\/www.cdlbc.com.br\/portal\/wp-json\/wp\/v2\/posts\/2249\/revisions"}],"wp:attachment":[{"href":"https:\/\/www.cdlbc.com.br\/portal\/wp-json\/wp\/v2\/media?parent=2249"}],"wp:term":[{"taxonomy":"category","embeddable":true,"href":"https:\/\/www.cdlbc.com.br\/portal\/wp-json\/wp\/v2\/categories?post=2249"},{"taxonomy":"post_tag","embeddable":true,"href":"https:\/\/www.cdlbc.com.br\/portal\/wp-json\/wp\/v2\/tags?post=2249"}],"curies":[{"name":"wp","href":"https:\/\/api.w.org\/{rel}","templated":true}]}}