{"id":2244,"date":"2014-06-11T15:15:00","date_gmt":"2014-06-11T15:15:00","guid":{"rendered":"http:\/\/www.cdlbc.com.br\/portal\/noticias\/postos-do-sine-tem-horario-diferenciado-na-copa\/"},"modified":"2014-06-11T15:15:00","modified_gmt":"2014-06-11T15:15:00","slug":"postos-do-sine-tem-horario-diferenciado-na-copa","status":"publish","type":"post","link":"https:\/\/www.cdlbc.com.br\/portal\/noticias\/postos-do-sine-tem-horario-diferenciado-na-copa\/","title":{"rendered":"Postos do Sine t\u00eam hor\u00e1rio diferenciado na Copa"},"content":{"rendered":"<p><span>Os 22 postos de execu\u00e7\u00e3o direta do Estado do Sistema Nacional de Emprego (Sine) em Santa Catarina ter\u00e3o hor\u00e1rio diferenciado nos dias de jogo do Brasil na Copa do Mundo. O expediente ser\u00e1 encerrado mais cedo e o hor\u00e1rio ser\u00e1 das 7h30min \u00e0s 15h nos dias 12 e 23 de junho e no dia 17 de junho das 7h30min \u00e0s 14h.<\/span><\/p>\n<p>Os outros 98 postos em parceria com as prefeituras ter\u00e3o hor\u00e1rio de acordo com o que for definido no munic\u00edpio.<\/p>\n<p>O hor\u00e1rio especial foi determinado por meio do Decreto n\u00ba 2.201, que estabelece o hor\u00e1rio de expediente para os \u00f3rg\u00e3os e as entidades da administra\u00e7\u00e3o p\u00fablica direta, aut\u00e1rquica e fundacional do Poder Executivo estadual nos dias de jogos da Sele\u00e7\u00e3o Brasileira de Futebol na Copa do Mundo FIFA 2014. Em Santa Catarina o Sine \u00e9 vinculado \u00e0 Secretaria de Estado da Assist\u00eancia Social, Trabalho e Habita\u00e7\u00e3o (SST), um \u00f3rg\u00e3o da administra\u00e7\u00e3o p\u00fablica direta. Por isso, o hor\u00e1rio de t\u00e9rmino do expediente nos postos de execu\u00e7\u00e3o direta do Estado foi alterado.<\/p>\n<p>Os postos de atendimento ao trabalhador t\u00eam a fun\u00e7\u00e3o de facilitar a inser\u00e7\u00e3o ou reinser\u00e7\u00e3o da popula\u00e7\u00e3o no mercado de trabalho. Neles o trabalhador pode ter acesso a vagas de emprego, ser encaminhado para o seguro-desemprego ou para cursos de qualifica\u00e7\u00e3o profissional gratuitos.<\/p>\n<p>Hor\u00e1rio:<br \/>\n12\/06 e 23\/06 \u2013 7h30min \u00e0s 15h<br \/>\n17\/06 \u2013 7h30min \u00e0s 14h<\/p>\n<p>The post <a class=\"colorbox\" rel=\"nofollow\" href=\"http:\/\/economiasc.com.br\/postos-sine-tem-horario-diferenciado-na-copa\/\">Postos do Sine t\u00eam hor\u00e1rio diferenciado na Copa<\/a> appeared first on <a class=\"colorbox\" rel=\"nofollow\" href=\"http:\/\/economiasc.com.br\/\">Economia SC<\/a>.<\/p>\n<p>Via: <a href=\"http:\/\/economiasc.com.br\/postos-sine-tem-horario-diferenciado-na-copa\/\" class=\"colorbox\" title=\"Postos do Sine t\u00eam hor\u00e1rio diferenciado na Copa\">economiasc.com.br<\/a><\/p>\n","protected":false},"excerpt":{"rendered":"<p><span>Os 22 postos de execu\u00e7\u00e3o direta do Estado do Sistema Nacional de Emprego (Sine) em Santa Catarina ter\u00e3o hor\u00e1rio diferenciado nos dias de jogo do Brasil na Copa do Mundo. O expediente ser\u00e1 encerrado mais cedo e o hor\u00e1rio ser\u00e1 das 7h30min \u00e0s 15h nos dias 12 e 23 de junho e no dia 17 de junho das 7h30min \u00e0s 14h.<\/span><\/p>\n<p>Os outros 98 postos em parceria com as prefeituras ter\u00e3o hor\u00e1rio de acordo com o que for definido no munic\u00edpio.<\/p>\n<p>O hor\u00e1rio especial foi determinado por meio do Decreto n\u00ba 2.201, que estabelece o hor\u00e1rio de expediente para os \u00f3rg\u00e3os e as entidades da administra\u00e7\u00e3o p\u00fablica direta, aut\u00e1rquica e fundacional do Poder Executivo estadual nos dias de jogos da Sele\u00e7\u00e3o Brasileira de Futebol na Copa do Mundo FIFA 2014. Em Santa Catarina o Sine \u00e9 vinculado \u00e0 Secretaria de Estado da Assist\u00eancia Social, Trabalho e Habita\u00e7\u00e3o (SST), um \u00f3rg\u00e3o da administra\u00e7\u00e3o p\u00fablica direta. Por isso, o hor\u00e1rio de t\u00e9rmino do expediente nos postos de execu\u00e7\u00e3o direta do Estado foi alterado.<\/p>\n<p>Os postos de atendimento ao trabalhador t\u00eam a fun\u00e7\u00e3o de facilitar a inser\u00e7\u00e3o ou reinser\u00e7\u00e3o da popula\u00e7\u00e3o no mercado de trabalho. Neles o trabalhador pode ter acesso a vagas de emprego, ser encaminhado para o seguro-desemprego ou para cursos de qualifica\u00e7\u00e3o profissional gratuitos.<\/p>\n<p>Hor\u00e1rio:<br \/>\n12\/06 e 23\/06 \u2013 7h30min \u00e0s 15h<br \/>\n17\/06 \u2013 7h30min \u00e0s 14h<\/p>\n<p>The post <a class=\"colorbox\" rel=\"nofollow\" href=\"http:\/\/economiasc.com.br\/postos-sine-tem-horario-diferenciado-na-copa\/\">Postos do Sine t\u00eam hor\u00e1rio diferenciado na Copa<\/a> appeared first on <a class=\"colorbox\" rel=\"nofollow\" href=\"http:\/\/economiasc.com.br\/\">Economia SC<\/a>.<\/p>\n","protected":false},"author":1,"featured_media":0,"comment_status":"open","ping_status":"open","sticky":false,"template":"","format":"standard","meta":{"footnotes":""},"categories":[5],"tags":[],"class_list":["post-2244","post","type-post","status-publish","format-standard","hentry","category-noticias","no-post-thumbnail"],"_links":{"self":[{"href":"https:\/\/www.cdlbc.com.br\/portal\/wp-json\/wp\/v2\/posts\/2244","targetHints":{"allow":["GET"]}}],"collection":[{"href":"https:\/\/www.cdlbc.com.br\/portal\/wp-json\/wp\/v2\/posts"}],"about":[{"href":"https:\/\/www.cdlbc.com.br\/portal\/wp-json\/wp\/v2\/types\/post"}],"author":[{"embeddable":true,"href":"https:\/\/www.cdlbc.com.br\/portal\/wp-json\/wp\/v2\/users\/1"}],"replies":[{"embeddable":true,"href":"https:\/\/www.cdlbc.com.br\/portal\/wp-json\/wp\/v2\/comments?post=2244"}],"version-history":[{"count":0,"href":"https:\/\/www.cdlbc.com.br\/portal\/wp-json\/wp\/v2\/posts\/2244\/revisions"}],"wp:attachment":[{"href":"https:\/\/www.cdlbc.com.br\/portal\/wp-json\/wp\/v2\/media?parent=2244"}],"wp:term":[{"taxonomy":"category","embeddable":true,"href":"https:\/\/www.cdlbc.com.br\/portal\/wp-json\/wp\/v2\/categories?post=2244"},{"taxonomy":"post_tag","embeddable":true,"href":"https:\/\/www.cdlbc.com.br\/portal\/wp-json\/wp\/v2\/tags?post=2244"}],"curies":[{"name":"wp","href":"https:\/\/api.w.org\/{rel}","templated":true}]}}