{"id":2238,"date":"2014-06-11T12:46:00","date_gmt":"2014-06-11T12:46:00","guid":{"rendered":"http:\/\/www.cdlbc.com.br\/portal\/noticias\/ibre-divulga-indicadores-de-mercado-de-trabalho\/"},"modified":"2014-06-11T12:46:00","modified_gmt":"2014-06-11T12:46:00","slug":"ibre-divulga-indicadores-de-mercado-de-trabalho","status":"publish","type":"post","link":"https:\/\/www.cdlbc.com.br\/portal\/noticias\/ibre-divulga-indicadores-de-mercado-de-trabalho\/","title":{"rendered":"IBRE divulga Indicadores de Mercado de Trabalho"},"content":{"rendered":"<div class=\"ftpimagefix\" style=\"float:left\"><img decoding=\"async\" width=\"250\" alt=\"emprego\" src=\"http:\/\/economiasc.com.br\/wp-content\/uploads\/2014\/06\/emprego-300x225.jpg\"><\/div>\n<p>Emprego tem queda de 4,5%. Desemprego registra leve crescimento de 0,8%. Foto: Divulga\u00e7\u00e3o<\/p>\n<p>O Indicador Antecedente de Emprego (IAEmp) da Funda\u00e7\u00e3o Getulio Vargas recuou -4,5% em maio de 2014 na compara\u00e7\u00e3o com o m\u00eas anterior, considerando-se dados livres de influ\u00eancia sazonal. Ap\u00f3s a terceira queda consecutiva, o indicador sinaliza intensifica\u00e7\u00e3o da tend\u00eancia de desacelera\u00e7\u00e3o do ritmo de contrata\u00e7\u00f5es nos pr\u00f3ximos meses.<\/p>\n<p>Os componentes que mais contribu\u00edram para a queda do IAEmp no m\u00eas foram os indicadores que medem o grau de otimismo dos empres\u00e1rios em rela\u00e7\u00e3o \u00e0 tend\u00eancia dos neg\u00f3cios nos seis meses seguintes, da Sondagem de Servi\u00e7os, com varia\u00e7\u00e3o de -8,1%, e o grau de satisfa\u00e7\u00e3o com a situa\u00e7\u00e3o atual dos neg\u00f3cios, da Sondagem da Ind\u00fastria, com varia\u00e7\u00e3o de -6,5%.<\/p>\n<p>O IAEmp \u00e9 constru\u00eddo como uma combina\u00e7\u00e3o de s\u00e9ries extra\u00eddas das Sondagens da Ind\u00fastria, de Servi\u00e7os e do Consumidor, tendo capacidade de antecipar os rumos do mercado de trabalho no pa\u00eds.<\/p>\n<p>O Indicador Coincidente de Desemprego (ICD) da Funda\u00e7\u00e3o Getulio Vargas registrou leve crescimento entre maio e em abril de 2014 ao variar 0,8%, considerando-se dados livres de influ\u00eancia sazonal. Assim como em abril, a alta foi insuficiente para reverter a tend\u00eancia de queda do indicador em m\u00e9dias m\u00f3veis trimestrais.<\/p>\n<p>O ICD \u00e9 constru\u00eddo a partir dos dados desagregados, em quatro classes de renda familiar, do quesito da Sondagem do Consumidor que capta a percep\u00e7\u00e3o do entrevistado a respeito da situa\u00e7\u00e3o presente do mercado de trabalho. As classes que mais contribu\u00edram para o crescimento do ICD em maio foram a dos consumidores com renda familiar entre R$ 4.800,00 e R$ 9.600,00, cujo Indicador de Emprego (invertido) variou 2,9%; e os que possuem renda acima de R$ 9.600,00, com varia\u00e7\u00e3o de 1,5%. <strong>(FGV\/IBRE)<\/strong><\/p>\n<p>The post IBRE divulga Indicadores de Mercado de Trabalho appeared first on Economia SC.<\/p>\n<p>Via: <a href=\"http:\/\/economiasc.com.br\/ibre-divulga-indicadores-de-mercado-de-trabalho\/\" class=\"colorbox\" title=\"IBRE divulga Indicadores de Mercado de Trabalho\">economiasc.com.br<\/a><\/p>\n","protected":false},"excerpt":{"rendered":"<div class=\"ftpimagefix\" style=\"float:left\"><img decoding=\"async\" width=\"250\" alt=\"emprego\" src=\"http:\/\/economiasc.com.br\/wp-content\/uploads\/2014\/06\/emprego-300x225.jpg\"><\/div>\n<p>Emprego tem queda de 4,5%. Desemprego registra leve crescimento de 0,8%. Foto: Divulga\u00e7\u00e3o<\/p>\n<p>O Indicador Antecedente de Emprego (IAEmp) da Funda\u00e7\u00e3o Getulio Vargas recuou -4,5% em maio de 2014 na compara\u00e7\u00e3o com o m\u00eas anterior, considerando-se dados livres de influ\u00eancia sazonal. Ap\u00f3s a terceira queda consecutiva, o indicador sinaliza intensifica\u00e7\u00e3o da tend\u00eancia de desacelera\u00e7\u00e3o do ritmo de contrata\u00e7\u00f5es nos pr\u00f3ximos meses.<\/p>\n<p>Os componentes que mais contribu\u00edram para a queda do IAEmp no m\u00eas foram os indicadores que medem o grau de otimismo dos empres\u00e1rios em rela\u00e7\u00e3o \u00e0 tend\u00eancia dos neg\u00f3cios nos seis meses seguintes, da Sondagem de Servi\u00e7os, com varia\u00e7\u00e3o de -8,1%, e o grau de satisfa\u00e7\u00e3o com a situa\u00e7\u00e3o atual dos neg\u00f3cios, da Sondagem da Ind\u00fastria, com varia\u00e7\u00e3o de -6,5%.<\/p>\n<p>O IAEmp \u00e9 constru\u00eddo como uma combina\u00e7\u00e3o de s\u00e9ries extra\u00eddas das Sondagens da Ind\u00fastria, de Servi\u00e7os e do Consumidor, tendo capacidade de antecipar os rumos do mercado de trabalho no pa\u00eds.<\/p>\n<p>O Indicador Coincidente de Desemprego (ICD) da Funda\u00e7\u00e3o Getulio Vargas registrou leve crescimento entre maio e em abril de 2014 ao variar 0,8%, considerando-se dados livres de influ\u00eancia sazonal. Assim como em abril, a alta foi insuficiente para reverter a tend\u00eancia de queda do indicador em m\u00e9dias m\u00f3veis trimestrais.<\/p>\n<p>O ICD \u00e9 constru\u00eddo a partir dos dados desagregados, em quatro classes de renda familiar, do quesito da Sondagem do Consumidor que capta a percep\u00e7\u00e3o do entrevistado a respeito da situa\u00e7\u00e3o presente do mercado de trabalho. As classes que mais contribu\u00edram para o crescimento do ICD em maio foram a dos consumidores com renda familiar entre R$ 4.800,00 e R$ 9.600,00, cujo Indicador de Emprego (invertido) variou 2,9%; e os que possuem renda acima de R$ 9.600,00, com varia\u00e7\u00e3o de 1,5%. <strong>(FGV\/IBRE)<\/strong><\/p>\n<p>The post IBRE divulga Indicadores de Mercado de Trabalho appeared first on Economia SC.<\/p>\n","protected":false},"author":1,"featured_media":0,"comment_status":"open","ping_status":"open","sticky":false,"template":"","format":"standard","meta":{"footnotes":""},"categories":[5],"tags":[],"class_list":["post-2238","post","type-post","status-publish","format-standard","hentry","category-noticias","no-post-thumbnail"],"_links":{"self":[{"href":"https:\/\/www.cdlbc.com.br\/portal\/wp-json\/wp\/v2\/posts\/2238","targetHints":{"allow":["GET"]}}],"collection":[{"href":"https:\/\/www.cdlbc.com.br\/portal\/wp-json\/wp\/v2\/posts"}],"about":[{"href":"https:\/\/www.cdlbc.com.br\/portal\/wp-json\/wp\/v2\/types\/post"}],"author":[{"embeddable":true,"href":"https:\/\/www.cdlbc.com.br\/portal\/wp-json\/wp\/v2\/users\/1"}],"replies":[{"embeddable":true,"href":"https:\/\/www.cdlbc.com.br\/portal\/wp-json\/wp\/v2\/comments?post=2238"}],"version-history":[{"count":0,"href":"https:\/\/www.cdlbc.com.br\/portal\/wp-json\/wp\/v2\/posts\/2238\/revisions"}],"wp:attachment":[{"href":"https:\/\/www.cdlbc.com.br\/portal\/wp-json\/wp\/v2\/media?parent=2238"}],"wp:term":[{"taxonomy":"category","embeddable":true,"href":"https:\/\/www.cdlbc.com.br\/portal\/wp-json\/wp\/v2\/categories?post=2238"},{"taxonomy":"post_tag","embeddable":true,"href":"https:\/\/www.cdlbc.com.br\/portal\/wp-json\/wp\/v2\/tags?post=2238"}],"curies":[{"name":"wp","href":"https:\/\/api.w.org\/{rel}","templated":true}]}}