{"id":2234,"date":"2014-06-11T11:41:00","date_gmt":"2014-06-11T11:41:00","guid":{"rendered":"http:\/\/www.cdlbc.com.br\/portal\/noticias\/fiesc-traz-debate-sobre-energia-nesta-quarta\/"},"modified":"2014-06-11T11:41:00","modified_gmt":"2014-06-11T11:41:00","slug":"fiesc-traz-debate-sobre-energia-nesta-quarta","status":"publish","type":"post","link":"https:\/\/www.cdlbc.com.br\/portal\/noticias\/fiesc-traz-debate-sobre-energia-nesta-quarta\/","title":{"rendered":"Fiesc traz debate sobre energia nesta quarta"},"content":{"rendered":"<p>A Federa\u00e7\u00e3o das Ind\u00fastrias de Santa Catarina realiza nesta quarta-feira, dia 11, mais um debate do ciclo \u201cCresce SC\u201d. O 4\u00ba encontro ter\u00e1 palestra com Glauco Jos\u00e9 C\u00f4rte, presidente da Fiesc. Os debatedores ser\u00e3o Cleverson Siewert, presidente da Celesc;  Jorge Luis Alves, gerente de Pesquisa e Desenvolvimento; e Fernando Luiz Zancan, presidente da Associa\u00e7\u00e3o Brasileira do Carv\u00e3o Mineral. O evento ser\u00e1 realizado na sede da Fiesc \u00e0s 14h.<br \/><span><br \/><\/span><\/p>\n<p>The post <a class=\"colorbox\" rel=\"nofollow\" href=\"http:\/\/economiasc.com.br\/fiesc-traz-debate-sobre-energia-nesta-quarta\/\">Fiesc traz debate sobre energia nesta quarta<\/a> appeared first on <a class=\"colorbox\" rel=\"nofollow\" href=\"http:\/\/economiasc.com.br\/\">Economia SC<\/a>.<\/p>\n<p>Via: <a href=\"http:\/\/economiasc.com.br\/fiesc-traz-debate-sobre-energia-nesta-quarta\/\" class=\"colorbox\" title=\"Fiesc traz debate sobre energia nesta quarta\">economiasc.com.br<\/a><\/p>\n","protected":false},"excerpt":{"rendered":"<p>A Federa\u00e7\u00e3o das Ind\u00fastrias de Santa Catarina realiza nesta quarta-feira, dia 11, mais um debate do ciclo \u201cCresce SC\u201d. O 4\u00ba encontro ter\u00e1 palestra com Glauco Jos\u00e9 C\u00f4rte, presidente da Fiesc. Os debatedores ser\u00e3o Cleverson Siewert, presidente da Celesc;  Jorge Luis Alves, gerente de Pesquisa e Desenvolvimento; e Fernando Luiz Zancan, presidente da Associa\u00e7\u00e3o Brasileira do Carv\u00e3o Mineral. O evento ser\u00e1 realizado na sede da Fiesc \u00e0s 14h.<br \/><span><br \/><\/span><\/p>\n<p>The post <a class=\"colorbox\" rel=\"nofollow\" href=\"http:\/\/economiasc.com.br\/fiesc-traz-debate-sobre-energia-nesta-quarta\/\">Fiesc traz debate sobre energia nesta quarta<\/a> appeared first on <a class=\"colorbox\" rel=\"nofollow\" href=\"http:\/\/economiasc.com.br\/\">Economia SC<\/a>.<\/p>\n","protected":false},"author":1,"featured_media":0,"comment_status":"open","ping_status":"open","sticky":false,"template":"","format":"standard","meta":{"footnotes":""},"categories":[5],"tags":[],"class_list":["post-2234","post","type-post","status-publish","format-standard","hentry","category-noticias","no-post-thumbnail"],"_links":{"self":[{"href":"https:\/\/www.cdlbc.com.br\/portal\/wp-json\/wp\/v2\/posts\/2234","targetHints":{"allow":["GET"]}}],"collection":[{"href":"https:\/\/www.cdlbc.com.br\/portal\/wp-json\/wp\/v2\/posts"}],"about":[{"href":"https:\/\/www.cdlbc.com.br\/portal\/wp-json\/wp\/v2\/types\/post"}],"author":[{"embeddable":true,"href":"https:\/\/www.cdlbc.com.br\/portal\/wp-json\/wp\/v2\/users\/1"}],"replies":[{"embeddable":true,"href":"https:\/\/www.cdlbc.com.br\/portal\/wp-json\/wp\/v2\/comments?post=2234"}],"version-history":[{"count":0,"href":"https:\/\/www.cdlbc.com.br\/portal\/wp-json\/wp\/v2\/posts\/2234\/revisions"}],"wp:attachment":[{"href":"https:\/\/www.cdlbc.com.br\/portal\/wp-json\/wp\/v2\/media?parent=2234"}],"wp:term":[{"taxonomy":"category","embeddable":true,"href":"https:\/\/www.cdlbc.com.br\/portal\/wp-json\/wp\/v2\/categories?post=2234"},{"taxonomy":"post_tag","embeddable":true,"href":"https:\/\/www.cdlbc.com.br\/portal\/wp-json\/wp\/v2\/tags?post=2234"}],"curies":[{"name":"wp","href":"https:\/\/api.w.org\/{rel}","templated":true}]}}