{"id":2233,"date":"2014-06-11T11:43:00","date_gmt":"2014-06-11T11:43:00","guid":{"rendered":"http:\/\/www.cdlbc.com.br\/portal\/noticias\/loja-de-pao-de-queijo-mineirinhos-abre-em-curitiba\/"},"modified":"2014-06-11T11:43:00","modified_gmt":"2014-06-11T11:43:00","slug":"loja-de-pao-de-queijo-mineirinhos-abre-em-curitiba","status":"publish","type":"post","link":"https:\/\/www.cdlbc.com.br\/portal\/noticias\/loja-de-pao-de-queijo-mineirinhos-abre-em-curitiba\/","title":{"rendered":"Loja de p\u00e3o de queijo Mineirinhos abre em Curitiba"},"content":{"rendered":"<p align=\"center\"><span>A <\/span><span>Mineirinhos<\/span><span>, uma loja Express que oferece delivery de p\u00e3o de queijo recheado, inaugurou na manha desta ter\u00e7a-feira, dia 10, em Curitiba, no bairro Rebou\u00e7as. Os clientes poderem fazer pedidos pelo telefone e internet ou passar pela loja para provar as receitas.<\/span><\/p>\n<p><span>A ideia do <\/span>Mineirinhos<span> surgiu das ra\u00edzes mineiras dos s\u00f3cios. Um deles, Tarc\u00edsio Bai\u00e3o B\u00e9ly, de apenas 21 anos, explica que come\u00e7ou a preparar p\u00e3es de queijo para a fam\u00edlia e amigos. \u201c\u00c0 medida que o n\u00famero de pessoas que experimentava aumentava, crescia tamb\u00e9m os apelos para que ele fosse comercializado\u201d, destaca.<\/span><\/p>\n<p>Os sabores foram criados a partir dessas degusta\u00e7\u00f5es. Al\u00e9m do tradicional, sem recheio, s\u00e3o oito op\u00e7\u00f5es, cinco delas salgadas e tr\u00eas doces: bacon, calabresa, carne seca, cheddar, requeij\u00e3o, creme de avel\u00e3s, doce de leite e goiabada. Novos sabores e combina\u00e7\u00f5es j\u00e1 est\u00e3o sendo estudados, como vers\u00f5es doces, mais diets, al\u00e9m de op\u00e7\u00f5es para pessoas com restri\u00e7\u00e3o alimentar.<\/p>\n<p>Mas antes de tudo, a receita do Mineirinhos n\u00e3o esquece do principal ingrediente, aquele que est\u00e1 no nome do salgado: o queijo. \u201cAtualmente, a maioria dos p\u00e3es de queijo comercializados tem muito pouco do ingrediente, por mais estranho que possa ser. Damos um toque gourmet em um produto de grande aprecia\u00e7\u00e3o popular, mas mantendo a receita t\u00edpica mineira, com muito queijo na massa\u201d.<\/p>\n<p><span>A entrega em casa tamb\u00e9m \u00e9 um diferencial. O hor\u00e1rio de atendimento \u00e9 de segunda a sexta-feira das 8h \u00e0s 22h, al\u00e9m de s\u00e1bado das 16h \u00e0s 22h. \u201cO hor\u00e1rio extenso durante semana \u00e9 para atender pessoas em local de trabalho, desde o caf\u00e9 da manh\u00e3 at\u00e9 o lanche da tarde\u201d.<\/span><\/p>\n<p><span>Os p\u00e3es de queijo do delivery s\u00e3o um pouco maiores, 45 g (peso aproximado), que os da loja, com 28 g (peso aproximado). O cliente pode montar um pedido exclusivo com os sabores de sua prefer\u00eancia ou optar pelo combo, com diversas op\u00e7\u00f5es de tamanho e acompanhando bebida. O combo individual com oito p\u00e3es de queijo e um refrigerante lata, por exemplo, custa R$ 12.<\/span><\/p>\n<p><span> <\/span><\/p>\n<p>The post <a class=\"colorbox\" rel=\"nofollow\" href=\"http:\/\/economiasc.com.br\/loja-de-pao-de-queijo-mineirinhos-abre-em-curitiba\/\">Loja de p\u00e3o de queijo Mineirinhos abre em Curitiba<\/a> appeared first on <a class=\"colorbox\" rel=\"nofollow\" href=\"http:\/\/economiasc.com.br\/\">Economia SC<\/a>.<\/p>\n<p>Via: <a href=\"http:\/\/economiasc.com.br\/loja-de-pao-de-queijo-mineirinhos-abre-em-curitiba\/\" class=\"colorbox\" title=\"Loja de p\u00e3o de queijo Mineirinhos abre em Curitiba\">economiasc.com.br<\/a><\/p>\n","protected":false},"excerpt":{"rendered":"<p align=\"center\"><span>A <\/span><span>Mineirinhos<\/span><span>, uma loja Express que oferece delivery de p\u00e3o de queijo recheado, inaugurou na manha desta ter\u00e7a-feira, dia 10, em Curitiba, no bairro Rebou\u00e7as. Os clientes poderem fazer pedidos pelo telefone e internet ou passar pela loja para provar as receitas.<\/span><\/p>\n<p><span>A ideia do <\/span>Mineirinhos<span> surgiu das ra\u00edzes mineiras dos s\u00f3cios. Um deles, Tarc\u00edsio Bai\u00e3o B\u00e9ly, de apenas 21 anos, explica que come\u00e7ou a preparar p\u00e3es de queijo para a fam\u00edlia e amigos. \u201c\u00c0 medida que o n\u00famero de pessoas que experimentava aumentava, crescia tamb\u00e9m os apelos para que ele fosse comercializado\u201d, destaca.<\/span><\/p>\n<p>Os sabores foram criados a partir dessas degusta\u00e7\u00f5es. Al\u00e9m do tradicional, sem recheio, s\u00e3o oito op\u00e7\u00f5es, cinco delas salgadas e tr\u00eas doces: bacon, calabresa, carne seca, cheddar, requeij\u00e3o, creme de avel\u00e3s, doce de leite e goiabada. Novos sabores e combina\u00e7\u00f5es j\u00e1 est\u00e3o sendo estudados, como vers\u00f5es doces, mais diets, al\u00e9m de op\u00e7\u00f5es para pessoas com restri\u00e7\u00e3o alimentar.<\/p>\n<p>Mas antes de tudo, a receita do Mineirinhos n\u00e3o esquece do principal ingrediente, aquele que est\u00e1 no nome do salgado: o queijo. \u201cAtualmente, a maioria dos p\u00e3es de queijo comercializados tem muito pouco do ingrediente, por mais estranho que possa ser. Damos um toque gourmet em um produto de grande aprecia\u00e7\u00e3o popular, mas mantendo a receita t\u00edpica mineira, com muito queijo na massa\u201d.<\/p>\n<p><span>A entrega em casa tamb\u00e9m \u00e9 um diferencial. O hor\u00e1rio de atendimento \u00e9 de segunda a sexta-feira das 8h \u00e0s 22h, al\u00e9m de s\u00e1bado das 16h \u00e0s 22h. \u201cO hor\u00e1rio extenso durante semana \u00e9 para atender pessoas em local de trabalho, desde o caf\u00e9 da manh\u00e3 at\u00e9 o lanche da tarde\u201d.<\/span><\/p>\n<p><span>Os p\u00e3es de queijo do delivery s\u00e3o um pouco maiores, 45 g (peso aproximado), que os da loja, com 28 g (peso aproximado). O cliente pode montar um pedido exclusivo com os sabores de sua prefer\u00eancia ou optar pelo combo, com diversas op\u00e7\u00f5es de tamanho e acompanhando bebida. O combo individual com oito p\u00e3es de queijo e um refrigerante lata, por exemplo, custa R$ 12.<\/span><\/p>\n<p><span> <\/span><\/p>\n<p>The post <a class=\"colorbox\" rel=\"nofollow\" href=\"http:\/\/economiasc.com.br\/loja-de-pao-de-queijo-mineirinhos-abre-em-curitiba\/\">Loja de p\u00e3o de queijo Mineirinhos abre em Curitiba<\/a> appeared first on <a class=\"colorbox\" rel=\"nofollow\" href=\"http:\/\/economiasc.com.br\/\">Economia SC<\/a>.<\/p>\n","protected":false},"author":1,"featured_media":0,"comment_status":"open","ping_status":"open","sticky":false,"template":"","format":"standard","meta":{"footnotes":""},"categories":[5],"tags":[],"class_list":["post-2233","post","type-post","status-publish","format-standard","hentry","category-noticias","no-post-thumbnail"],"_links":{"self":[{"href":"https:\/\/www.cdlbc.com.br\/portal\/wp-json\/wp\/v2\/posts\/2233","targetHints":{"allow":["GET"]}}],"collection":[{"href":"https:\/\/www.cdlbc.com.br\/portal\/wp-json\/wp\/v2\/posts"}],"about":[{"href":"https:\/\/www.cdlbc.com.br\/portal\/wp-json\/wp\/v2\/types\/post"}],"author":[{"embeddable":true,"href":"https:\/\/www.cdlbc.com.br\/portal\/wp-json\/wp\/v2\/users\/1"}],"replies":[{"embeddable":true,"href":"https:\/\/www.cdlbc.com.br\/portal\/wp-json\/wp\/v2\/comments?post=2233"}],"version-history":[{"count":0,"href":"https:\/\/www.cdlbc.com.br\/portal\/wp-json\/wp\/v2\/posts\/2233\/revisions"}],"wp:attachment":[{"href":"https:\/\/www.cdlbc.com.br\/portal\/wp-json\/wp\/v2\/media?parent=2233"}],"wp:term":[{"taxonomy":"category","embeddable":true,"href":"https:\/\/www.cdlbc.com.br\/portal\/wp-json\/wp\/v2\/categories?post=2233"},{"taxonomy":"post_tag","embeddable":true,"href":"https:\/\/www.cdlbc.com.br\/portal\/wp-json\/wp\/v2\/tags?post=2233"}],"curies":[{"name":"wp","href":"https:\/\/api.w.org\/{rel}","templated":true}]}}