{"id":2230,"date":"2014-06-10T20:21:00","date_gmt":"2014-06-10T20:21:00","guid":{"rendered":"http:\/\/www.cdlbc.com.br\/portal\/noticias\/premiacao-da-advb-reune-300-lideres-empresariais\/"},"modified":"2014-06-10T20:21:00","modified_gmt":"2014-06-10T20:21:00","slug":"premiacao-da-advb-reune-300-lideres-empresariais","status":"publish","type":"post","link":"https:\/\/www.cdlbc.com.br\/portal\/noticias\/premiacao-da-advb-reune-300-lideres-empresariais\/","title":{"rendered":"Premia\u00e7\u00e3o da ADVB re\u00fane 300 l\u00edderes empresariais"},"content":{"rendered":"<div class=\"ftpimagefix\" style=\"float:left\"><img decoding=\"async\" width=\"250\" alt=\"Premia\u00e7\u00e3o ADVB Personalidade de vendas\" src=\"http:\/\/economiasc.com.br\/wp-content\/uploads\/2014\/06\/Premia%C3%A7%C3%A3o-ADVB-Personalidade-de-vendas-300x200.jpg\"><\/div>\n<p>Pr\u00eamio Personalidade de Vendas 2014 foi entregue a Carlos Amaral, do grupo SBT. Foto: Divulga\u00e7\u00e3o<\/p>\n<p align=\"center\">Em concorrida cerim\u00f4nia realizada na noite da \u00faltima segunda-feira (9), a Associa\u00e7\u00e3o dos Dirigentes de Vendas e Marketing de Santa Catarina (ADVB\/SC), conferiu ao empres\u00e1rio Carlos Amaral, do grupo SBT, o Pr\u00eamio Personalidade de Vendas 2014. Amaral foi escolhido pelo mercado como a lideran\u00e7a empresarial que melhor soube utilizar as t\u00e9cnicas de vendas e marketing para alavancar os seus neg\u00f3cios, alcan\u00e7ando proje\u00e7\u00e3o nos mercados nos quais atua. Carlos Amaral \u00e9 o empres\u00e1rio mais jovem a receber a premia\u00e7\u00e3o, \u00fanica da ADVB concedida \u00e0 pessoa f\u00edsica.<\/p>\n<p>O evento de premia\u00e7\u00e3o foi realizado no CentroSul, em Florian\u00f3polis, e reuniu cerca de 300 pessoas, entre representantes de entidades empresariais e de classe, do trade da comunica\u00e7\u00e3o do estado, e autoridades pol\u00edticas, como o secret\u00e1rio estadual de Comunica\u00e7\u00e3o, Nelson Santiago, representando o governador de Santa Catarina; o procurador geral de Florian\u00f3polis, Alessandro Abreu, que representou o prefeito da Capital; e o prefeito de Lages, Elizeu Mattos.<\/p>\n<p>Em seu discurso, o Personalidade de Vendas 2014 reafirmou que a conquista do pr\u00eamio se deve a um conjunto de fatores e de pessoas. \u201cEste pr\u00eamio n\u00e3o \u00e9 s\u00f3 meu. \u00c9 um reconhecimento ao trabalho da minha fam\u00edlia, \u00e0 for\u00e7a do associativismo e a todos os companheiros do Grupo SCC que, como guerreiros, todos os dias, fazem mais com menos para transformar nossos sonhos em realidade. Sinto-me honrado em fazer parte de um seleto grupo de premiados pela ADVB, podendo representar a ind\u00fastria da comunica\u00e7\u00e3o e as novas lideran\u00e7as catarinenses\u201d, destacou Carlos Amaral.<\/p>\n<p>Para o presidente da ADVB\/SC, Octavio Ren\u00e9 Lebarbenchon Neto, \u201c\u00e9 uma satisfa\u00e7\u00e3o para a entidade poder premiar algu\u00e9m que tanto fez pelo desenvolvimento da Associa\u00e7\u00e3o. Ficamos felizes em mais uma vez marcar a trajet\u00f3ria profissional do Carlos\u201d, disse. Amaral presidiu a entidade nos anos 2008 e 2009, e tamb\u00e9m o Conselho Deliberativo da ADVB\/SC de 2011 a 2013.<\/p>\n<p>O CEO e vice-presidente executivo do SBT nacional, Jos\u00e9 Roberto Maciel, tamb\u00e9m prestigiou a cerim\u00f4nia. Segundo Maciel, \u201cMais do que realizar bons neg\u00f3cios, a fam\u00edlia Amaral construiu uma marca com grande reputa\u00e7\u00e3o. E com transpar\u00eancia, integridade e \u00f3timas ideias, o Carlos tem levado esta marca a n\u00edveis de excel\u00eancia. \u00c9 um prazer tem o Grupo SCC como um de nossos melhores parceiros\u201d, completou.<\/p>\n<p>Nos \u00faltimos anos, junto com fam\u00edlia Amaral, que h\u00e1 mais de 30 anos atua no ramo da comunica\u00e7\u00e3o no estado, Carlos Amaral liderou o processo de desenvolvimento do SBT Santa Catarina, que se tornou um exemplo de gest\u00e3o bem sucedida e que resultou na vice-lideran\u00e7a da emissora no estado. Atualmente, a emissora investe na amplia\u00e7\u00e3o da cobertura digital, j\u00e1 disponibilizando o sinal para 21 cidades catarinenses, incluindo Florian\u00f3polis, Lages, Joinville, Blumenau, Crici\u00fama e Chapec\u00f3.<\/p>\n<p><b>12\u00ba F\u00f3rum das Personalidades de Vendas<\/b><\/p>\n<p>Dentro da programa\u00e7\u00e3o da entrega do Pr\u00eamio Personalidade de Vendas 2014, a ADVB\/SC promoveu, mais cedo, o F\u00f3rum das Personalidades de Vendas, tamb\u00e9m no Centrosul. A 12\u00aa edi\u00e7\u00e3o do evento contou com a participa\u00e7\u00e3o de 11 grandes empres\u00e1rios do mercado catarinense, todos j\u00e1 reconhecidos como destaque empresarial pela entidade.<\/p>\n<p>Participaram do F\u00f3rum sobre Perspectivas e Tend\u00eancias do Mercado Brasileiro, os empres\u00e1rios: Acari Menestrina, da GranMestri; Ant\u00f4nio Koerich, da Koerich; Beto Barreiros, do Box 32; Carlos Amaral, do SBT\/SC;  Denisson Moura de Freitas, da Komeco; Hans Dieter Didjurgeit, da Uni\u00e3o Sa\u00fade; Luciano Hang, das Lojas Havan; Marcelo Corr\u00eaa Petrelli, do Grupo RIC; Natanael Santos de Souza, do First S.A; Ninfo Valtero K\u00f6nig, da Atrio Hoteis; e Vicente Donini, da Marisol.<\/p>\n<p>O debate foi marcado por algumas cr\u00edticas \u00e0 gest\u00e3o da presidente Dilma e os empres\u00e1rios apontaram para um cen\u00e1rio de incertezas para investimentos, principalmente ap\u00f3s a Copa do Mundo e as elei\u00e7\u00f5es. Apesar disso, todos ir\u00e3o registrar boas taxas de crescimento em 2014 e seguem apostando em Santa Catarina como um estado privilegiado e diferenciado dos demais. Veja alguns dos coment\u00e1rios dos PV&#8217;s da ADVB\/SC:<\/p>\n<p>Ant\u00f4nio Koerich \u2013 \u201cProtestar por protestar \u00e9 andar na contram\u00e3o.<br \/>\nEm vez disso, precisamos de trabalho, comprometimento e honestidade. Confio no Brasil e na capacidade de trabalho do nosso povo\u201d.<\/p>\n<p>Denisson Moura de Freitas \u2013 \u201cEmpres\u00e1rios no Brasil precisam criar estrat\u00e9gias e diferenciais para sobreviver, crescer e evoluir. Precisa olhar cada etapa e ver como fazer melhor o neg\u00f3cio. Esse \u00e9 o desafio ao l\u00edder de vendas no Brasil\u201d.<\/p>\n<p>Acari Menestrina \u2013 \u201cO agroneg\u00f3cio ficou abandonado por muitos anos, mas \u00e9 ele que equilibra a balan\u00e7a comercial. Precisamos ser eficientes e competitivos, porque o mercado n\u00e3o paga pela nossa falta de efici\u00eancia\u201d.<\/p>\n<p>Carlos Amaral \u2013 \u201cO cen\u00e1rio n\u00e3o \u00e9 de pessimismo, \u00e9 de incerteza. Ningu\u00e9m consegue prever o p\u00f3s-copa e o p\u00f3s-elei\u00e7\u00f5es. Isso faz todo mundo ser mais cuidadoso nos seus passos. Mas ningu\u00e9m tem mais <i>know how<\/i> que n\u00f3s para enfrentar crises e aqui temos pol\u00edticos do bem, grandes empres\u00e1rios e povo trabalhador\u201d.<\/p>\n<p>Vicente Donini \u2013 \u201cPrecisamos ser mais respons\u00e1veis nas nossas escolhas e a altern\u00e2ncia no poder \u00e9 a melhor coisa que pode existir. A carga tribut\u00e1ria \u00e9 muito elevada e precisa de redu\u00e7\u00e3o gradual do peso dos impostos de pelo menos meio ponto percentual por ano para dar esperan\u00e7a aos empreendedores no Brasil\u201d.<\/p>\n<p>Natanael Souza \u2013 \u201cFalta clareza na legisla\u00e7\u00e3o tribut\u00e1ria. As empresas fazem coisas erradas e nem sabem. Vivemos numa quase ditadura tribut\u00e1ria, onde o governo tira do empres\u00e1rio e d\u00e1 para quem \u00e9 de interesse apenas para ficar no poder\u201d.<\/p>\n<p>Hans Dieter Didjurgeit \u2013 \u201cNo cen\u00e1rio negativo do Brasil, Santa Catarina se destaca positivamente. \u00c9 uma ilha de prosperidade, com atrativos para empresas de fora como educa\u00e7\u00e3o e seguran\u00e7a\u201d.<\/p>\n<p>Luciano Hang \u2013 \u201cO sal\u00e1rio acaba antes do fim do m\u00eas, mas o brasileiro n\u00e3o deixa de comprar. Tenho projeto para abrir mais 16 lojas at\u00e9 o final do ano\u201d.<\/p>\n<p>Beto Barreiros \u2013 \u201cPrecisamos nos unir para manter nossos interesses. N\u00e3o temos retorno de recursos de impostos\u201d.<\/p>\n<p>Marcelo Petrelli \u2013 \u201cFaltam bons projetos para conseguirmos gastar recursos do PAC, mas tamb\u00e9m precisamos entender o que construir. Brasileiro gosta de mostrar o que tem de ruim. Agora, precisa guardar isso e depois mudar nas elei\u00e7\u00f5es\u201d.<\/p>\n<p>Ninfo K\u00f6nig \u2013 \u201cA copa vai ser positiva por ter mostrado que estamos pagando um pre\u00e7o muito alto neste evento\u201d.<\/p>\n<p>The post Premia\u00e7\u00e3o da ADVB re\u00fane 300 l\u00edderes empresariais appeared first on Economia SC.<\/p>\n<p>Via: <a href=\"http:\/\/economiasc.com.br\/premiacao-da-advb-reune-300-lideres-empresariais\/\" class=\"colorbox\" title=\"Premia\u00e7\u00e3o da ADVB re\u00fane 300 l\u00edderes empresariais\">economiasc.com.br<\/a><\/p>\n","protected":false},"excerpt":{"rendered":"<div class=\"ftpimagefix\" style=\"float:left\"><img decoding=\"async\" width=\"250\" alt=\"Premia\u00e7\u00e3o ADVB Personalidade de vendas\" src=\"http:\/\/economiasc.com.br\/wp-content\/uploads\/2014\/06\/Premia%C3%A7%C3%A3o-ADVB-Personalidade-de-vendas-300x200.jpg\"><\/div>\n<p>Pr\u00eamio Personalidade de Vendas 2014 foi entregue a Carlos Amaral, do grupo SBT. Foto: Divulga\u00e7\u00e3o<\/p>\n<p align=\"center\">Em concorrida cerim\u00f4nia realizada na noite da \u00faltima segunda-feira (9), a Associa\u00e7\u00e3o dos Dirigentes de Vendas e Marketing de Santa Catarina (ADVB\/SC), conferiu ao empres\u00e1rio Carlos Amaral, do grupo SBT, o Pr\u00eamio Personalidade de Vendas 2014. Amaral foi escolhido pelo mercado como a lideran\u00e7a empresarial que melhor soube utilizar as t\u00e9cnicas de vendas e marketing para alavancar os seus neg\u00f3cios, alcan\u00e7ando proje\u00e7\u00e3o nos mercados nos quais atua. Carlos Amaral \u00e9 o empres\u00e1rio mais jovem a receber a premia\u00e7\u00e3o, \u00fanica da ADVB concedida \u00e0 pessoa f\u00edsica.<\/p>\n<p>O evento de premia\u00e7\u00e3o foi realizado no CentroSul, em Florian\u00f3polis, e reuniu cerca de 300 pessoas, entre representantes de entidades empresariais e de classe, do trade da comunica\u00e7\u00e3o do estado, e autoridades pol\u00edticas, como o secret\u00e1rio estadual de Comunica\u00e7\u00e3o, Nelson Santiago, representando o governador de Santa Catarina; o procurador geral de Florian\u00f3polis, Alessandro Abreu, que representou o prefeito da Capital; e o prefeito de Lages, Elizeu Mattos.<\/p>\n<p>Em seu discurso, o Personalidade de Vendas 2014 reafirmou que a conquista do pr\u00eamio se deve a um conjunto de fatores e de pessoas. \u201cEste pr\u00eamio n\u00e3o \u00e9 s\u00f3 meu. \u00c9 um reconhecimento ao trabalho da minha fam\u00edlia, \u00e0 for\u00e7a do associativismo e a todos os companheiros do Grupo SCC que, como guerreiros, todos os dias, fazem mais com menos para transformar nossos sonhos em realidade. Sinto-me honrado em fazer parte de um seleto grupo de premiados pela ADVB, podendo representar a ind\u00fastria da comunica\u00e7\u00e3o e as novas lideran\u00e7as catarinenses\u201d, destacou Carlos Amaral.<\/p>\n<p>Para o presidente da ADVB\/SC, Octavio Ren\u00e9 Lebarbenchon Neto, \u201c\u00e9 uma satisfa\u00e7\u00e3o para a entidade poder premiar algu\u00e9m que tanto fez pelo desenvolvimento da Associa\u00e7\u00e3o. Ficamos felizes em mais uma vez marcar a trajet\u00f3ria profissional do Carlos\u201d, disse. Amaral presidiu a entidade nos anos 2008 e 2009, e tamb\u00e9m o Conselho Deliberativo da ADVB\/SC de 2011 a 2013.<\/p>\n<p>O CEO e vice-presidente executivo do SBT nacional, Jos\u00e9 Roberto Maciel, tamb\u00e9m prestigiou a cerim\u00f4nia. Segundo Maciel, \u201cMais do que realizar bons neg\u00f3cios, a fam\u00edlia Amaral construiu uma marca com grande reputa\u00e7\u00e3o. E com transpar\u00eancia, integridade e \u00f3timas ideias, o Carlos tem levado esta marca a n\u00edveis de excel\u00eancia. \u00c9 um prazer tem o Grupo SCC como um de nossos melhores parceiros\u201d, completou.<\/p>\n<p>Nos \u00faltimos anos, junto com fam\u00edlia Amaral, que h\u00e1 mais de 30 anos atua no ramo da comunica\u00e7\u00e3o no estado, Carlos Amaral liderou o processo de desenvolvimento do SBT Santa Catarina, que se tornou um exemplo de gest\u00e3o bem sucedida e que resultou na vice-lideran\u00e7a da emissora no estado. Atualmente, a emissora investe na amplia\u00e7\u00e3o da cobertura digital, j\u00e1 disponibilizando o sinal para 21 cidades catarinenses, incluindo Florian\u00f3polis, Lages, Joinville, Blumenau, Crici\u00fama e Chapec\u00f3.<\/p>\n<p><b>12\u00ba F\u00f3rum das Personalidades de Vendas<\/b><\/p>\n<p>Dentro da programa\u00e7\u00e3o da entrega do Pr\u00eamio Personalidade de Vendas 2014, a ADVB\/SC promoveu, mais cedo, o F\u00f3rum das Personalidades de Vendas, tamb\u00e9m no Centrosul. A 12\u00aa edi\u00e7\u00e3o do evento contou com a participa\u00e7\u00e3o de 11 grandes empres\u00e1rios do mercado catarinense, todos j\u00e1 reconhecidos como destaque empresarial pela entidade.<\/p>\n<p>Participaram do F\u00f3rum sobre Perspectivas e Tend\u00eancias do Mercado Brasileiro, os empres\u00e1rios: Acari Menestrina, da GranMestri; Ant\u00f4nio Koerich, da Koerich; Beto Barreiros, do Box 32; Carlos Amaral, do SBT\/SC;  Denisson Moura de Freitas, da Komeco; Hans Dieter Didjurgeit, da Uni\u00e3o Sa\u00fade; Luciano Hang, das Lojas Havan; Marcelo Corr\u00eaa Petrelli, do Grupo RIC; Natanael Santos de Souza, do First S.A; Ninfo Valtero K\u00f6nig, da Atrio Hoteis; e Vicente Donini, da Marisol.<\/p>\n<p>O debate foi marcado por algumas cr\u00edticas \u00e0 gest\u00e3o da presidente Dilma e os empres\u00e1rios apontaram para um cen\u00e1rio de incertezas para investimentos, principalmente ap\u00f3s a Copa do Mundo e as elei\u00e7\u00f5es. Apesar disso, todos ir\u00e3o registrar boas taxas de crescimento em 2014 e seguem apostando em Santa Catarina como um estado privilegiado e diferenciado dos demais. Veja alguns dos coment\u00e1rios dos PV&#8217;s da ADVB\/SC:<\/p>\n<p>Ant\u00f4nio Koerich \u2013 \u201cProtestar por protestar \u00e9 andar na contram\u00e3o.<br \/>\nEm vez disso, precisamos de trabalho, comprometimento e honestidade. Confio no Brasil e na capacidade de trabalho do nosso povo\u201d.<\/p>\n<p>Denisson Moura de Freitas \u2013 \u201cEmpres\u00e1rios no Brasil precisam criar estrat\u00e9gias e diferenciais para sobreviver, crescer e evoluir. Precisa olhar cada etapa e ver como fazer melhor o neg\u00f3cio. Esse \u00e9 o desafio ao l\u00edder de vendas no Brasil\u201d.<\/p>\n<p>Acari Menestrina \u2013 \u201cO agroneg\u00f3cio ficou abandonado por muitos anos, mas \u00e9 ele que equilibra a balan\u00e7a comercial. Precisamos ser eficientes e competitivos, porque o mercado n\u00e3o paga pela nossa falta de efici\u00eancia\u201d.<\/p>\n<p>Carlos Amaral \u2013 \u201cO cen\u00e1rio n\u00e3o \u00e9 de pessimismo, \u00e9 de incerteza. Ningu\u00e9m consegue prever o p\u00f3s-copa e o p\u00f3s-elei\u00e7\u00f5es. Isso faz todo mundo ser mais cuidadoso nos seus passos. Mas ningu\u00e9m tem mais <i>know how<\/i> que n\u00f3s para enfrentar crises e aqui temos pol\u00edticos do bem, grandes empres\u00e1rios e povo trabalhador\u201d.<\/p>\n<p>Vicente Donini \u2013 \u201cPrecisamos ser mais respons\u00e1veis nas nossas escolhas e a altern\u00e2ncia no poder \u00e9 a melhor coisa que pode existir. A carga tribut\u00e1ria \u00e9 muito elevada e precisa de redu\u00e7\u00e3o gradual do peso dos impostos de pelo menos meio ponto percentual por ano para dar esperan\u00e7a aos empreendedores no Brasil\u201d.<\/p>\n<p>Natanael Souza \u2013 \u201cFalta clareza na legisla\u00e7\u00e3o tribut\u00e1ria. As empresas fazem coisas erradas e nem sabem. Vivemos numa quase ditadura tribut\u00e1ria, onde o governo tira do empres\u00e1rio e d\u00e1 para quem \u00e9 de interesse apenas para ficar no poder\u201d.<\/p>\n<p>Hans Dieter Didjurgeit \u2013 \u201cNo cen\u00e1rio negativo do Brasil, Santa Catarina se destaca positivamente. \u00c9 uma ilha de prosperidade, com atrativos para empresas de fora como educa\u00e7\u00e3o e seguran\u00e7a\u201d.<\/p>\n<p>Luciano Hang \u2013 \u201cO sal\u00e1rio acaba antes do fim do m\u00eas, mas o brasileiro n\u00e3o deixa de comprar. Tenho projeto para abrir mais 16 lojas at\u00e9 o final do ano\u201d.<\/p>\n<p>Beto Barreiros \u2013 \u201cPrecisamos nos unir para manter nossos interesses. N\u00e3o temos retorno de recursos de impostos\u201d.<\/p>\n<p>Marcelo Petrelli \u2013 \u201cFaltam bons projetos para conseguirmos gastar recursos do PAC, mas tamb\u00e9m precisamos entender o que construir. Brasileiro gosta de mostrar o que tem de ruim. Agora, precisa guardar isso e depois mudar nas elei\u00e7\u00f5es\u201d.<\/p>\n<p>Ninfo K\u00f6nig \u2013 \u201cA copa vai ser positiva por ter mostrado que estamos pagando um pre\u00e7o muito alto neste evento\u201d.<\/p>\n<p>The post Premia\u00e7\u00e3o da ADVB re\u00fane 300 l\u00edderes empresariais appeared first on Economia SC.<\/p>\n","protected":false},"author":1,"featured_media":0,"comment_status":"open","ping_status":"open","sticky":false,"template":"","format":"standard","meta":{"footnotes":""},"categories":[5],"tags":[],"class_list":["post-2230","post","type-post","status-publish","format-standard","hentry","category-noticias","no-post-thumbnail"],"_links":{"self":[{"href":"https:\/\/www.cdlbc.com.br\/portal\/wp-json\/wp\/v2\/posts\/2230","targetHints":{"allow":["GET"]}}],"collection":[{"href":"https:\/\/www.cdlbc.com.br\/portal\/wp-json\/wp\/v2\/posts"}],"about":[{"href":"https:\/\/www.cdlbc.com.br\/portal\/wp-json\/wp\/v2\/types\/post"}],"author":[{"embeddable":true,"href":"https:\/\/www.cdlbc.com.br\/portal\/wp-json\/wp\/v2\/users\/1"}],"replies":[{"embeddable":true,"href":"https:\/\/www.cdlbc.com.br\/portal\/wp-json\/wp\/v2\/comments?post=2230"}],"version-history":[{"count":0,"href":"https:\/\/www.cdlbc.com.br\/portal\/wp-json\/wp\/v2\/posts\/2230\/revisions"}],"wp:attachment":[{"href":"https:\/\/www.cdlbc.com.br\/portal\/wp-json\/wp\/v2\/media?parent=2230"}],"wp:term":[{"taxonomy":"category","embeddable":true,"href":"https:\/\/www.cdlbc.com.br\/portal\/wp-json\/wp\/v2\/categories?post=2230"},{"taxonomy":"post_tag","embeddable":true,"href":"https:\/\/www.cdlbc.com.br\/portal\/wp-json\/wp\/v2\/tags?post=2230"}],"curies":[{"name":"wp","href":"https:\/\/api.w.org\/{rel}","templated":true}]}}