{"id":2227,"date":"2014-06-10T19:13:00","date_gmt":"2014-06-10T19:13:00","guid":{"rendered":"http:\/\/www.cdlbc.com.br\/portal\/noticias\/mostra-arte-in-casa-abre-hoje-em-itajai\/"},"modified":"2014-06-10T19:13:00","modified_gmt":"2014-06-10T19:13:00","slug":"mostra-arte-in-casa-abre-hoje-em-itajai","status":"publish","type":"post","link":"https:\/\/www.cdlbc.com.br\/portal\/noticias\/mostra-arte-in-casa-abre-hoje-em-itajai\/","title":{"rendered":"Mostra Arte [in] casa abre hoje em Itaja\u00ed"},"content":{"rendered":"<p>Abre nesta ter\u00e7a-feira, dia 10, e fica aberta at\u00e9 quarta-feira, dia 11, a mostra Arte [in] casa, evento criado especialmente para o lan\u00e7amento da 4\u00aa edi\u00e7\u00e3o do Anu\u00e1rio Casa Bem Estar, na loja Via House, em Itaja\u00ed. Participam da exposi\u00e7\u00e3o 20 dos profissionais mais badalados de Itaja\u00ed e Balne\u00e1rio Cambori\u00fa, entre eles fot\u00f3grafos, designers, artistas pl\u00e1sticos, arquitetos e outros profissionais que vivenciam a arte no seu dia a dia.<\/p>\n<p>Segundo a idealizadora da mostra, a empres\u00e1ria Luciana Coutinho, a inten\u00e7\u00e3o \u00e9 envolver os visitantes de uma maneira inovadora, provocando intera\u00e7\u00e3o dos profissionais com o p\u00fablico. A curadoria da mostra \u00e9 assinada pelos profissionais Marcinho Albani e Taciane Nitsche.<\/p>\n<p><span>Entre os nomes j\u00e1 confirmados para a exposi\u00e7\u00e3o est\u00e3o: Coletivo Balburdia, Dani Fortinho, Diogo Barbieri, Everton Carlos Duarte, Fabi Loos, Fabiana Krauss, Genevi\u00e8ve Bernardoni, Germano Agustini, Jader Almeida, Jean Villegas, Julian Gallasch, Juliano Guidi, Lilian Bellicanta Luciana Siebert, Luiz Felipe Berejuck, Luiza Guidi, Marcinho Albani, Moacir Schmitt, Paulo Alves, S\u00e1lvio Junior, Santacosta e Silvana Annes. A mostra \u00e9 gratuita e conta com o apoio do Movimento Azad.<\/span><\/p>\n<\/p>\n<p><b><i>Servi\u00e7o<\/i><\/b><\/p>\n<p><b>Onde:<\/b><i> Via House, em Itaja\u00ed.<\/i><\/p>\n<p><b>Quando:<\/b><i> dias 10 e 11, das 14h \u00e0s 22h.<\/i><\/p>\n<p><b>Quanto:<\/b><i> gratuito<\/i><\/p>\n<p><b>Os artistas:<\/b><\/p>\n<p><b> <\/b><\/p>\n<p><b>Diogo Barbieri<\/b><\/p>\n<p><b><\/b>Publicit\u00e1rio de forma\u00e7\u00e3o, Barbieri estudou Design de Produto na Univali e \u00e9 apaixonado por m\u00f3veis desde crian\u00e7a. Tem como inspira\u00e7\u00e3o e refer\u00eancia os projetos desenvolvidos por designers e artes\u00e3os brasileiros, entre eles Maur\u00edcio de Azeredo, Rodrigo Silveira e Jader Almeida.<\/p>\n<p><b>Everton Duarte<\/b><\/p>\n<p>O artista produz grandes pain\u00e9is com pinturas abstratas e nessa linguagem, atua como garimpeiro da cor, imprimindo nas telas movimento e espacialidade. Tamb\u00e9m comp\u00f5e obras na t\u00e9cnica de colagem cin\u00e9tica, onde fragmenta tiras de papeis gessados, compondo m\u00f3dulos espiralados.<\/p>\n<p><b>Fabi Loos<\/b><\/p>\n<p>Conhecida como um dos talentos mais expressivos da nova gera\u00e7\u00e3o de artistas pl\u00e1sticos de Santa Catarina, Fabi Loos, trabalha principalmente com tinta acr\u00edlica sobre tela, baseada na ess\u00eancia de cores, das formas e nos movimentos abstratos.<\/p>\n<p><b>Genevi\u00e8ve Bernardoni<\/b><\/p>\n<p>Genevi\u00e8ve Bernardoni \u00e9 reconhecida dentro e fora de Santa Catarina, atrav\u00e9s das imagens que retrata de mulheres de todas as idades, em cen\u00e1rios diversificados, para valorizar a auto-estima e a beleza de cada uma.<\/p>\n<p><b>Jean Villegas<\/b><\/p>\n<p>Agitador cultural, Dj e artista pl\u00e1stico. Aficionado pela m\u00fasica eletr\u00f4nica, Villegas foi um dos fundadores de um dos clubes de refer\u00eancia da cena eletr\u00f4nica de Curitiba, o Stereo Pub.  Desenvolve trabalhos de Lambe-Lambe, grafitti, stencil, past cut e pastilhas.<\/p>\n<p><b>Juliano Guidi<\/b><\/p>\n<p>Com uma carreira profissional voltada para as quest\u00f5es de reflorestamento e preserva\u00e7\u00e3o ambiental e com valores que contemplam o conceito de sustentabilidade, Juliano Guidi transforma mat\u00e9ria bruta em pe\u00e7as que d\u00e3o vida e embelezam os ambientes.<\/p>\n<p><b>Luciana Siebert<\/b><\/p>\n<p>Produtora de artes visuais, Luciana criou o Lote 84, espa\u00e7o onde abriga produtora audiovisual, est\u00fadio de fotografia e Galeria de arte. Reciclar desenhos, projetar sentimentos, identificar o desejo do subconsciente ao revirar folhas, figuras digitais, pinturas e prints s\u00e3o o foco de seus trabalhos.<\/p>\n<p><b>Luis Felipe Berejuk<\/b><\/p>\n<p>O grafiteiro de Balne\u00e1rio Cambori\u00fa, Lu\u00eds Felipe Berejuk, ingressou no universo do grafite no final de 2009 e passou a ser reconhecido no estilo de arte de rua, Street Art Contempor\u00e2nea, por seus personagens com estilo surreal e com caracter\u00edstica \u00fanica.<\/p>\n<p><b>Marcinho Albani<\/b><\/p>\n<p>Sua arte retrata o cotidiano, atrav\u00e9s de fotos que mostram pessoas, lugares, objetos e emo\u00e7\u00f5es captadas nas suas andan\u00e7as pelo mundo. Istambul, Londres, Nova Iorque, Mil\u00e3o, Balne\u00e1rio Cambori\u00fa e Praia Brava,  mostram o seu jeito de viver .<\/p>\n<p><b>Santacosta<\/b><\/p>\n<p>A Santacosta \u00e9 uma marca de camisetas criada pelos amigos Christopher Stoner e Jefferson Matias na Praia Brava, que destaca as belezas da fona e flora brasileira e principalmente das ra\u00edzes das terras e praias catarinenses.<\/p>\n<p><b>Silvana Annes<\/b><\/p>\n<p>Formada em Arquitetura e Urbanismo, Silvana sempre teve um envolvimento com as artes visuais. O seu estilo de pintar, que se utiliza da figura  da mulher como elemento forte da c\u00e9lula social junto aos p\u00e1ssaros, veio h\u00e1 cinco anos.<\/p>\n<\/p>\n<p>The post <a class=\"colorbox\" rel=\"nofollow\" href=\"http:\/\/economiasc.com.br\/mostra-arte-casa-abre-hoje-em-itajai\/\">Mostra Arte [in] casa abre hoje em Itaja\u00ed<\/a> appeared first on <a class=\"colorbox\" rel=\"nofollow\" href=\"http:\/\/economiasc.com.br\/\">Economia SC<\/a>.<\/p>\n<p>Via: <a href=\"http:\/\/economiasc.com.br\/mostra-arte-casa-abre-hoje-em-itajai\/\" class=\"colorbox\" title=\"Mostra Arte [in] casa abre hoje em Itaja\u00ed\">economiasc.com.br<\/a><\/p>\n","protected":false},"excerpt":{"rendered":"<p>Abre nesta ter\u00e7a-feira, dia 10, e fica aberta at\u00e9 quarta-feira, dia 11, a mostra Arte [in] casa, evento criado especialmente para o lan\u00e7amento da 4\u00aa edi\u00e7\u00e3o do Anu\u00e1rio Casa Bem Estar, na loja Via House, em Itaja\u00ed. Participam da exposi\u00e7\u00e3o 20 dos profissionais mais badalados de Itaja\u00ed e Balne\u00e1rio Cambori\u00fa, entre eles fot\u00f3grafos, designers, artistas pl\u00e1sticos, arquitetos e outros profissionais que vivenciam a arte no seu dia a dia.<\/p>\n<p>Segundo a idealizadora da mostra, a empres\u00e1ria Luciana Coutinho, a inten\u00e7\u00e3o \u00e9 envolver os visitantes de uma maneira inovadora, provocando intera\u00e7\u00e3o dos profissionais com o p\u00fablico. A curadoria da mostra \u00e9 assinada pelos profissionais Marcinho Albani e Taciane Nitsche.<\/p>\n<p><span>Entre os nomes j\u00e1 confirmados para a exposi\u00e7\u00e3o est\u00e3o: Coletivo Balburdia, Dani Fortinho, Diogo Barbieri, Everton Carlos Duarte, Fabi Loos, Fabiana Krauss, Genevi\u00e8ve Bernardoni, Germano Agustini, Jader Almeida, Jean Villegas, Julian Gallasch, Juliano Guidi, Lilian Bellicanta Luciana Siebert, Luiz Felipe Berejuck, Luiza Guidi, Marcinho Albani, Moacir Schmitt, Paulo Alves, S\u00e1lvio Junior, Santacosta e Silvana Annes. A mostra \u00e9 gratuita e conta com o apoio do Movimento Azad.<\/span><\/p>\n<\/p>\n<p><b><i>Servi\u00e7o<\/i><\/b><\/p>\n<p><b>Onde:<\/b><i> Via House, em Itaja\u00ed.<\/i><\/p>\n<p><b>Quando:<\/b><i> dias 10 e 11, das 14h \u00e0s 22h.<\/i><\/p>\n<p><b>Quanto:<\/b><i> gratuito<\/i><\/p>\n<p><b>Os artistas:<\/b><\/p>\n<p><b> <\/b><\/p>\n<p><b>Diogo Barbieri<\/b><\/p>\n<p><b><\/b>Publicit\u00e1rio de forma\u00e7\u00e3o, Barbieri estudou Design de Produto na Univali e \u00e9 apaixonado por m\u00f3veis desde crian\u00e7a. Tem como inspira\u00e7\u00e3o e refer\u00eancia os projetos desenvolvidos por designers e artes\u00e3os brasileiros, entre eles Maur\u00edcio de Azeredo, Rodrigo Silveira e Jader Almeida.<\/p>\n<p><b>Everton Duarte<\/b><\/p>\n<p>O artista produz grandes pain\u00e9is com pinturas abstratas e nessa linguagem, atua como garimpeiro da cor, imprimindo nas telas movimento e espacialidade. Tamb\u00e9m comp\u00f5e obras na t\u00e9cnica de colagem cin\u00e9tica, onde fragmenta tiras de papeis gessados, compondo m\u00f3dulos espiralados.<\/p>\n<p><b>Fabi Loos<\/b><\/p>\n<p>Conhecida como um dos talentos mais expressivos da nova gera\u00e7\u00e3o de artistas pl\u00e1sticos de Santa Catarina, Fabi Loos, trabalha principalmente com tinta acr\u00edlica sobre tela, baseada na ess\u00eancia de cores, das formas e nos movimentos abstratos.<\/p>\n<p><b>Genevi\u00e8ve Bernardoni<\/b><\/p>\n<p>Genevi\u00e8ve Bernardoni \u00e9 reconhecida dentro e fora de Santa Catarina, atrav\u00e9s das imagens que retrata de mulheres de todas as idades, em cen\u00e1rios diversificados, para valorizar a auto-estima e a beleza de cada uma.<\/p>\n<p><b>Jean Villegas<\/b><\/p>\n<p>Agitador cultural, Dj e artista pl\u00e1stico. Aficionado pela m\u00fasica eletr\u00f4nica, Villegas foi um dos fundadores de um dos clubes de refer\u00eancia da cena eletr\u00f4nica de Curitiba, o Stereo Pub.  Desenvolve trabalhos de Lambe-Lambe, grafitti, stencil, past cut e pastilhas.<\/p>\n<p><b>Juliano Guidi<\/b><\/p>\n<p>Com uma carreira profissional voltada para as quest\u00f5es de reflorestamento e preserva\u00e7\u00e3o ambiental e com valores que contemplam o conceito de sustentabilidade, Juliano Guidi transforma mat\u00e9ria bruta em pe\u00e7as que d\u00e3o vida e embelezam os ambientes.<\/p>\n<p><b>Luciana Siebert<\/b><\/p>\n<p>Produtora de artes visuais, Luciana criou o Lote 84, espa\u00e7o onde abriga produtora audiovisual, est\u00fadio de fotografia e Galeria de arte. Reciclar desenhos, projetar sentimentos, identificar o desejo do subconsciente ao revirar folhas, figuras digitais, pinturas e prints s\u00e3o o foco de seus trabalhos.<\/p>\n<p><b>Luis Felipe Berejuk<\/b><\/p>\n<p>O grafiteiro de Balne\u00e1rio Cambori\u00fa, Lu\u00eds Felipe Berejuk, ingressou no universo do grafite no final de 2009 e passou a ser reconhecido no estilo de arte de rua, Street Art Contempor\u00e2nea, por seus personagens com estilo surreal e com caracter\u00edstica \u00fanica.<\/p>\n<p><b>Marcinho Albani<\/b><\/p>\n<p>Sua arte retrata o cotidiano, atrav\u00e9s de fotos que mostram pessoas, lugares, objetos e emo\u00e7\u00f5es captadas nas suas andan\u00e7as pelo mundo. Istambul, Londres, Nova Iorque, Mil\u00e3o, Balne\u00e1rio Cambori\u00fa e Praia Brava,  mostram o seu jeito de viver .<\/p>\n<p><b>Santacosta<\/b><\/p>\n<p>A Santacosta \u00e9 uma marca de camisetas criada pelos amigos Christopher Stoner e Jefferson Matias na Praia Brava, que destaca as belezas da fona e flora brasileira e principalmente das ra\u00edzes das terras e praias catarinenses.<\/p>\n<p><b>Silvana Annes<\/b><\/p>\n<p>Formada em Arquitetura e Urbanismo, Silvana sempre teve um envolvimento com as artes visuais. O seu estilo de pintar, que se utiliza da figura  da mulher como elemento forte da c\u00e9lula social junto aos p\u00e1ssaros, veio h\u00e1 cinco anos.<\/p>\n<\/p>\n<p>The post <a class=\"colorbox\" rel=\"nofollow\" href=\"http:\/\/economiasc.com.br\/mostra-arte-casa-abre-hoje-em-itajai\/\">Mostra Arte [in] casa abre hoje em Itaja\u00ed<\/a> appeared first on <a class=\"colorbox\" rel=\"nofollow\" href=\"http:\/\/economiasc.com.br\/\">Economia SC<\/a>.<\/p>\n","protected":false},"author":1,"featured_media":0,"comment_status":"open","ping_status":"open","sticky":false,"template":"","format":"standard","meta":{"footnotes":""},"categories":[5],"tags":[],"class_list":["post-2227","post","type-post","status-publish","format-standard","hentry","category-noticias","no-post-thumbnail"],"_links":{"self":[{"href":"https:\/\/www.cdlbc.com.br\/portal\/wp-json\/wp\/v2\/posts\/2227","targetHints":{"allow":["GET"]}}],"collection":[{"href":"https:\/\/www.cdlbc.com.br\/portal\/wp-json\/wp\/v2\/posts"}],"about":[{"href":"https:\/\/www.cdlbc.com.br\/portal\/wp-json\/wp\/v2\/types\/post"}],"author":[{"embeddable":true,"href":"https:\/\/www.cdlbc.com.br\/portal\/wp-json\/wp\/v2\/users\/1"}],"replies":[{"embeddable":true,"href":"https:\/\/www.cdlbc.com.br\/portal\/wp-json\/wp\/v2\/comments?post=2227"}],"version-history":[{"count":0,"href":"https:\/\/www.cdlbc.com.br\/portal\/wp-json\/wp\/v2\/posts\/2227\/revisions"}],"wp:attachment":[{"href":"https:\/\/www.cdlbc.com.br\/portal\/wp-json\/wp\/v2\/media?parent=2227"}],"wp:term":[{"taxonomy":"category","embeddable":true,"href":"https:\/\/www.cdlbc.com.br\/portal\/wp-json\/wp\/v2\/categories?post=2227"},{"taxonomy":"post_tag","embeddable":true,"href":"https:\/\/www.cdlbc.com.br\/portal\/wp-json\/wp\/v2\/tags?post=2227"}],"curies":[{"name":"wp","href":"https:\/\/api.w.org\/{rel}","templated":true}]}}