{"id":2224,"date":"2014-06-10T18:04:00","date_gmt":"2014-06-10T18:04:00","guid":{"rendered":"http:\/\/www.cdlbc.com.br\/portal\/noticias\/premio-acif-de-jornalismo-e-lancado-nesta-terca\/"},"modified":"2014-06-10T18:04:00","modified_gmt":"2014-06-10T18:04:00","slug":"premio-acif-de-jornalismo-e-lancado-nesta-terca","status":"publish","type":"post","link":"https:\/\/www.cdlbc.com.br\/portal\/noticias\/premio-acif-de-jornalismo-e-lancado-nesta-terca\/","title":{"rendered":"Pr\u00eamio Acif de Jornalismo \u00e9 lan\u00e7ado nesta ter\u00e7a"},"content":{"rendered":"<p>A Associa\u00e7\u00e3o Comercial e Industrial de Florian\u00f3polis (Acif) lan\u00e7a, nesta ter\u00e7a-feira, dia 10, mais uma edi\u00e7\u00e3o do Pr\u00eamio Acif de Jornalismo. A entidade vai premiar as melhores produ\u00e7\u00f5es jornal\u00edsticas relacionadas aos temas Neg\u00f3cios e\/ou Associativismo e Participa\u00e7\u00e3o em Florian\u00f3polis em cinco categorias: Impresso, R\u00e1dio, TV, Web e Fotojornalismo. Os vencedores em cada categoria ser\u00e3o premiados com uma viagem com acompanhante para Porto Seguro, na Bahia, e o Pr\u00eamio Especial do J\u00fari Acif (melhor mat\u00e9ria inscrita, independente da categoria) recebe R$ 5 mil. Os vencedores ser\u00e3o conhecidos no dia 17 de setembro em evento em parceria com a Associa\u00e7\u00e3o Catarinense de Imprensa (ACI).<\/p>\n<p><span>A inscri\u00e7\u00e3o deve ser feita no site <\/span><a class=\"colorbox\" href=\"http:\/\/www.acif.org.br\/premio-acif-de-jornalismo\" target=\"_blank\">www.acif.org.br\/premio-acif-de-jornalismo<\/a><span> conforme o regulamento do pr\u00eamio \u2013 concorrem \u00e0 premia\u00e7\u00e3o mat\u00e9rias publicadas entre maio de 2013 e 1\u00ba de agosto de 2014. Os originais devem ser enviados pelos Correios ou entregues na sede da Acif at\u00e9 o dia 1\u00ba de agosto de 2014. J\u00e1 a comiss\u00e3o julgadora ser\u00e1 formada por profissionais de comunica\u00e7\u00e3o, por profissionais da \u00e1rea de administra\u00e7\u00e3o e empres\u00e1rios de atua\u00e7\u00e3o relevante no estado de SC, al\u00e9m de um representante da Acif.<\/span><\/p>\n<\/p>\n<\/p>\n<p>The post <a class=\"colorbox\" rel=\"nofollow\" href=\"http:\/\/economiasc.com.br\/premio-acif-de-jornalismo-e-lancado-nesta-terca\/\">Pr\u00eamio Acif de Jornalismo \u00e9 lan\u00e7ado nesta ter\u00e7a<\/a> appeared first on <a class=\"colorbox\" rel=\"nofollow\" href=\"http:\/\/economiasc.com.br\/\">Economia SC<\/a>.<\/p>\n<p>Via: <a href=\"http:\/\/economiasc.com.br\/premio-acif-de-jornalismo-e-lancado-nesta-terca\/\" class=\"colorbox\" title=\"Pr\u00eamio Acif de Jornalismo \u00e9 lan\u00e7ado nesta ter\u00e7a\">economiasc.com.br<\/a><\/p>\n","protected":false},"excerpt":{"rendered":"<p>A Associa\u00e7\u00e3o Comercial e Industrial de Florian\u00f3polis (Acif) lan\u00e7a, nesta ter\u00e7a-feira, dia 10, mais uma edi\u00e7\u00e3o do Pr\u00eamio Acif de Jornalismo. A entidade vai premiar as melhores produ\u00e7\u00f5es jornal\u00edsticas relacionadas aos temas Neg\u00f3cios e\/ou Associativismo e Participa\u00e7\u00e3o em Florian\u00f3polis em cinco categorias: Impresso, R\u00e1dio, TV, Web e Fotojornalismo. Os vencedores em cada categoria ser\u00e3o premiados com uma viagem com acompanhante para Porto Seguro, na Bahia, e o Pr\u00eamio Especial do J\u00fari Acif (melhor mat\u00e9ria inscrita, independente da categoria) recebe R$ 5 mil. Os vencedores ser\u00e3o conhecidos no dia 17 de setembro em evento em parceria com a Associa\u00e7\u00e3o Catarinense de Imprensa (ACI).<\/p>\n<p><span>A inscri\u00e7\u00e3o deve ser feita no site <\/span><a class=\"colorbox\" href=\"http:\/\/www.acif.org.br\/premio-acif-de-jornalismo\" target=\"_blank\">www.acif.org.br\/premio-acif-de-jornalismo<\/a><span> conforme o regulamento do pr\u00eamio \u2013 concorrem \u00e0 premia\u00e7\u00e3o mat\u00e9rias publicadas entre maio de 2013 e 1\u00ba de agosto de 2014. Os originais devem ser enviados pelos Correios ou entregues na sede da Acif at\u00e9 o dia 1\u00ba de agosto de 2014. J\u00e1 a comiss\u00e3o julgadora ser\u00e1 formada por profissionais de comunica\u00e7\u00e3o, por profissionais da \u00e1rea de administra\u00e7\u00e3o e empres\u00e1rios de atua\u00e7\u00e3o relevante no estado de SC, al\u00e9m de um representante da Acif.<\/span><\/p>\n<\/p>\n<\/p>\n<p>The post <a class=\"colorbox\" rel=\"nofollow\" href=\"http:\/\/economiasc.com.br\/premio-acif-de-jornalismo-e-lancado-nesta-terca\/\">Pr\u00eamio Acif de Jornalismo \u00e9 lan\u00e7ado nesta ter\u00e7a<\/a> appeared first on <a class=\"colorbox\" rel=\"nofollow\" href=\"http:\/\/economiasc.com.br\/\">Economia SC<\/a>.<\/p>\n","protected":false},"author":1,"featured_media":0,"comment_status":"open","ping_status":"open","sticky":false,"template":"","format":"standard","meta":{"footnotes":""},"categories":[5],"tags":[],"class_list":["post-2224","post","type-post","status-publish","format-standard","hentry","category-noticias","no-post-thumbnail"],"_links":{"self":[{"href":"https:\/\/www.cdlbc.com.br\/portal\/wp-json\/wp\/v2\/posts\/2224","targetHints":{"allow":["GET"]}}],"collection":[{"href":"https:\/\/www.cdlbc.com.br\/portal\/wp-json\/wp\/v2\/posts"}],"about":[{"href":"https:\/\/www.cdlbc.com.br\/portal\/wp-json\/wp\/v2\/types\/post"}],"author":[{"embeddable":true,"href":"https:\/\/www.cdlbc.com.br\/portal\/wp-json\/wp\/v2\/users\/1"}],"replies":[{"embeddable":true,"href":"https:\/\/www.cdlbc.com.br\/portal\/wp-json\/wp\/v2\/comments?post=2224"}],"version-history":[{"count":0,"href":"https:\/\/www.cdlbc.com.br\/portal\/wp-json\/wp\/v2\/posts\/2224\/revisions"}],"wp:attachment":[{"href":"https:\/\/www.cdlbc.com.br\/portal\/wp-json\/wp\/v2\/media?parent=2224"}],"wp:term":[{"taxonomy":"category","embeddable":true,"href":"https:\/\/www.cdlbc.com.br\/portal\/wp-json\/wp\/v2\/categories?post=2224"},{"taxonomy":"post_tag","embeddable":true,"href":"https:\/\/www.cdlbc.com.br\/portal\/wp-json\/wp\/v2\/tags?post=2224"}],"curies":[{"name":"wp","href":"https:\/\/api.w.org\/{rel}","templated":true}]}}