{"id":2218,"date":"2014-06-10T16:39:00","date_gmt":"2014-06-10T16:39:00","guid":{"rendered":"http:\/\/www.cdlbc.com.br\/portal\/noticias\/fecomercio-realiza-reuniao-aberta-em-itajai\/"},"modified":"2014-06-10T16:39:00","modified_gmt":"2014-06-10T16:39:00","slug":"fecomercio-realiza-reuniao-aberta-em-itajai","status":"publish","type":"post","link":"https:\/\/www.cdlbc.com.br\/portal\/noticias\/fecomercio-realiza-reuniao-aberta-em-itajai\/","title":{"rendered":"Fecomercio realiza reuni\u00e3o aberta em Itaja\u00ed"},"content":{"rendered":"<p>A Fecomercio a Intersindical de Itaja\u00ed v\u00e3o realizar uma reuni\u00e3o aberta nesta quarta-feira, dia 11, \u00e0s 19. O evento tamb\u00e9m \u00e9 voltado a empres\u00e1rios locais e dos munic\u00edpios vizinhos. Durante a reuni\u00e3o, a  Fecomercio vai apresentar um balan\u00e7o da conjuntura pol\u00edtica e econ\u00f4mica do Estado e as perspectivas para o com\u00e9rcio catarinense. O encontro ser\u00e1 realizado na sede da Intersindical.<\/p>\n<\/p>\n<p>The post <a class=\"colorbox\" rel=\"nofollow\" href=\"http:\/\/economiasc.com.br\/fecomercio-realiza-reuniao-aberta-em-itajai\/\">Fecomercio realiza reuni\u00e3o aberta em Itaja\u00ed<\/a> appeared first on <a class=\"colorbox\" rel=\"nofollow\" href=\"http:\/\/economiasc.com.br\/\">Economia SC<\/a>.<\/p>\n<p>Via: <a href=\"http:\/\/economiasc.com.br\/fecomercio-realiza-reuniao-aberta-em-itajai\/\" class=\"colorbox\" title=\"Fecomercio realiza reuni\u00e3o aberta em Itaja\u00ed\">economiasc.com.br<\/a><\/p>\n","protected":false},"excerpt":{"rendered":"<p>A Fecomercio a Intersindical de Itaja\u00ed v\u00e3o realizar uma reuni\u00e3o aberta nesta quarta-feira, dia 11, \u00e0s 19. O evento tamb\u00e9m \u00e9 voltado a empres\u00e1rios locais e dos munic\u00edpios vizinhos. Durante a reuni\u00e3o, a  Fecomercio vai apresentar um balan\u00e7o da conjuntura pol\u00edtica e econ\u00f4mica do Estado e as perspectivas para o com\u00e9rcio catarinense. O encontro ser\u00e1 realizado na sede da Intersindical.<\/p>\n<\/p>\n<p>The post <a class=\"colorbox\" rel=\"nofollow\" href=\"http:\/\/economiasc.com.br\/fecomercio-realiza-reuniao-aberta-em-itajai\/\">Fecomercio realiza reuni\u00e3o aberta em Itaja\u00ed<\/a> appeared first on <a class=\"colorbox\" rel=\"nofollow\" href=\"http:\/\/economiasc.com.br\/\">Economia SC<\/a>.<\/p>\n","protected":false},"author":1,"featured_media":0,"comment_status":"open","ping_status":"open","sticky":false,"template":"","format":"standard","meta":{"footnotes":""},"categories":[5],"tags":[],"class_list":["post-2218","post","type-post","status-publish","format-standard","hentry","category-noticias","no-post-thumbnail"],"_links":{"self":[{"href":"https:\/\/www.cdlbc.com.br\/portal\/wp-json\/wp\/v2\/posts\/2218","targetHints":{"allow":["GET"]}}],"collection":[{"href":"https:\/\/www.cdlbc.com.br\/portal\/wp-json\/wp\/v2\/posts"}],"about":[{"href":"https:\/\/www.cdlbc.com.br\/portal\/wp-json\/wp\/v2\/types\/post"}],"author":[{"embeddable":true,"href":"https:\/\/www.cdlbc.com.br\/portal\/wp-json\/wp\/v2\/users\/1"}],"replies":[{"embeddable":true,"href":"https:\/\/www.cdlbc.com.br\/portal\/wp-json\/wp\/v2\/comments?post=2218"}],"version-history":[{"count":0,"href":"https:\/\/www.cdlbc.com.br\/portal\/wp-json\/wp\/v2\/posts\/2218\/revisions"}],"wp:attachment":[{"href":"https:\/\/www.cdlbc.com.br\/portal\/wp-json\/wp\/v2\/media?parent=2218"}],"wp:term":[{"taxonomy":"category","embeddable":true,"href":"https:\/\/www.cdlbc.com.br\/portal\/wp-json\/wp\/v2\/categories?post=2218"},{"taxonomy":"post_tag","embeddable":true,"href":"https:\/\/www.cdlbc.com.br\/portal\/wp-json\/wp\/v2\/tags?post=2218"}],"curies":[{"name":"wp","href":"https:\/\/api.w.org\/{rel}","templated":true}]}}