{"id":2216,"date":"2014-06-10T15:07:00","date_gmt":"2014-06-10T15:07:00","guid":{"rendered":"http:\/\/www.cdlbc.com.br\/portal\/noticias\/copa-traz-nova-fase-no-turismo-brasileiro\/"},"modified":"2014-06-10T15:07:00","modified_gmt":"2014-06-10T15:07:00","slug":"copa-traz-nova-fase-no-turismo-brasileiro","status":"publish","type":"post","link":"https:\/\/www.cdlbc.com.br\/portal\/noticias\/copa-traz-nova-fase-no-turismo-brasileiro\/","title":{"rendered":"Copa traz nova fase no turismo brasileiro"},"content":{"rendered":"<div class=\"ftpimagefix\" style=\"float:left\"><img decoding=\"async\" width=\"250\" alt=\"Segundo ministro, a participa\u00e7\u00e3o do setor na economia ser\u00e1 ampliada ap\u00f3s a Copa. Foto: Minist\u00e9rio do Turismo\/Divulga\u00e7\u00e3o\" src=\"http:\/\/economiasc.com.br\/wp-content\/uploads\/2014\/06\/portal_carrossel_reuniao_43_cnt-300x112.jpg\"><\/div>\n<p>Segundo ministro, a participa\u00e7\u00e3o do setor na economia ser\u00e1 ampliada ap\u00f3s a Copa. Foto: Minist\u00e9rio do Turismo\/Divulga\u00e7\u00e3o<\/p>\n<\/p>\n<p>O ministro do Turismo, Vinicius Lages, afirmou nesta segunda-feira, dia 9, ao abrir a 43\u00aa reuni\u00e3o do Conselho Nacional de Turismo (CNT), que o per\u00edodo ap\u00f3s a Copa ser\u00e1 de constru\u00e7\u00e3o de uma agenda com foco em ampliar a participa\u00e7\u00e3o do setor na economia nacional.\u201cTemos indicativos de que o atual modelo apresenta limites e um diagn\u00f3stico claro de que o turismo pode ter um crescimento muito maior do que o experimentado nas \u00faltimas d\u00e9cadas, da mesma forma que a agricultura brasileira, se um ambiente favor\u00e1vel for estabelecido\u201d, afirmou o ministro.<\/p>\n<p>Na avalia\u00e7\u00e3o de Lages, \u00e9 preciso remover um conjunto de \u201camarras e entraves\u201d que impedem que o setor tenha um crescimento \u00e0 altura de seu potencial. A nova agenda para o turismo, que ter\u00e1 algumas a\u00e7\u00f5es j\u00e1 implementadas no segundo semestre, tem foco, segundo Lages, na amplia\u00e7\u00e3o dos investimentos, no atendimento \u00e0s necessidades do turista, na maior intera\u00e7\u00e3o do MTur com os operadores do mercado, no aprendizado com as experi\u00eancias da Copa do Mundo, entre outros.<\/p>\n<p>Algumas das diretrizes de curto prazo para a implementa\u00e7\u00e3o deste novo ciclo est\u00e3o estabelecidas no PNT em A\u00e7\u00e3o, desdobramento do Plano Nacional do Turismo 2013\/16, apresentado durante a reuni\u00e3o do colegiado. O plano destaca alguns setores priorit\u00e1rios, como parques nacionais e tem\u00e1ticos, litorais e orlas, al\u00e9m de cidades hist\u00f3ricas.<\/p>\n<p>Para o secret\u00e1rio executivo do CNT, Vinicius Lummertz, o objetivo desta nova fase do MTur e da Embratur \u00e9 fazer com que o turismo assuma lideran\u00e7a na economia nacional. Um dos primeiros passos na implementa\u00e7\u00e3o do PNT em A\u00e7\u00e3o, conta o secret\u00e1rio, ser\u00e1 de adequa\u00e7\u00e3o do arcabou\u00e7o jur\u00eddico, incluindo a revis\u00e3o da Lei Geral do Turismo.<\/p>\n<p>Nesta primeira reuni\u00e3o do CNT, presidida pelo ministro Vinicius Lages, a t\u00f4nica foi a defesa da coopera\u00e7\u00e3o entre o p\u00fablico e o privado. Neste cen\u00e1rio, as C\u00e2maras Tem\u00e1ticas do CNT ser\u00e3o os principais f\u00f3runs de \u201creflex\u00e3o e negocia\u00e7\u00e3o\u201d para defini\u00e7\u00e3o de pol\u00edticas e investimentos do MTur.<\/p>\n<p>Os secret\u00e1rios executivo, Alberto Dias; e de Programas de Desenvolvimento do Turismo, Neusvaldo Ferreira Lima, tamb\u00e9m participaram pela primeira vez da reuni\u00e3o, depois de assumirem os novos postos. Em breve pronunciamento, o secret\u00e1rio executivo defendeu a maior intera\u00e7\u00e3o entre o p\u00fablico e o privado na formula\u00e7\u00e3o de pol\u00edticas p\u00fablicas para o setor e avaliou que o setor \u201ctem de tudo para se tornar um dos principais vetores de desenvolvimento do pa\u00eds\u201d.<\/p>\n<p>O presidente da Embratur, Vicente Neto, fez um balan\u00e7o das atividades do \u00f3rg\u00e3o e do refor\u00e7o nas atividades de promo\u00e7\u00e3o do Brasil no exterior em fun\u00e7\u00e3o da Copa do Mundo. \u201cCom a classifica\u00e7\u00e3o dos pa\u00edses, fomos intensificando as a\u00e7\u00f5es promocionais nos mercados priorit\u00e1rios\u201d, disse. Vicente Neto tamb\u00e9m destacou a import\u00e2ncia de reativar os Escrit\u00f3rios Brasileiros de Turismo (EBTs), que hoje est\u00e3o em 11 pa\u00edses.<\/p>\n<p>Compuseram a Mesa do CNT, al\u00e9m do ministro, dos secret\u00e1rios e do presidente da Embratur, o empres\u00e1rio Guilherme Paulus, indica\u00e7\u00e3o da presid\u00eancia da Rep\u00fablica no CNT, e o vice-presidente do F\u00f3rum Nacional dos Secret\u00e1rios e Dirigentes Estaduais de Turismo (Fornatur), Cl\u00e1udio Magnavita.<\/p>\n<p>The post Copa traz nova fase no turismo brasileiro appeared first on Economia SC.<\/p>\n<p>Via: <a href=\"http:\/\/economiasc.com.br\/copa-traz-nova-fase-turismo-brasileiro\/\" class=\"colorbox\" title=\"Copa traz nova fase no turismo brasileiro\">economiasc.com.br<\/a><\/p>\n","protected":false},"excerpt":{"rendered":"<div class=\"ftpimagefix\" style=\"float:left\"><img decoding=\"async\" width=\"250\" alt=\"Segundo ministro, a participa\u00e7\u00e3o do setor na economia ser\u00e1 ampliada ap\u00f3s a Copa. Foto: Minist\u00e9rio do Turismo\/Divulga\u00e7\u00e3o\" src=\"http:\/\/economiasc.com.br\/wp-content\/uploads\/2014\/06\/portal_carrossel_reuniao_43_cnt-300x112.jpg\"><\/div>\n<p>Segundo ministro, a participa\u00e7\u00e3o do setor na economia ser\u00e1 ampliada ap\u00f3s a Copa. Foto: Minist\u00e9rio do Turismo\/Divulga\u00e7\u00e3o<\/p>\n<\/p>\n<p>O ministro do Turismo, Vinicius Lages, afirmou nesta segunda-feira, dia 9, ao abrir a 43\u00aa reuni\u00e3o do Conselho Nacional de Turismo (CNT), que o per\u00edodo ap\u00f3s a Copa ser\u00e1 de constru\u00e7\u00e3o de uma agenda com foco em ampliar a participa\u00e7\u00e3o do setor na economia nacional.\u201cTemos indicativos de que o atual modelo apresenta limites e um diagn\u00f3stico claro de que o turismo pode ter um crescimento muito maior do que o experimentado nas \u00faltimas d\u00e9cadas, da mesma forma que a agricultura brasileira, se um ambiente favor\u00e1vel for estabelecido\u201d, afirmou o ministro.<\/p>\n<p>Na avalia\u00e7\u00e3o de Lages, \u00e9 preciso remover um conjunto de \u201camarras e entraves\u201d que impedem que o setor tenha um crescimento \u00e0 altura de seu potencial. A nova agenda para o turismo, que ter\u00e1 algumas a\u00e7\u00f5es j\u00e1 implementadas no segundo semestre, tem foco, segundo Lages, na amplia\u00e7\u00e3o dos investimentos, no atendimento \u00e0s necessidades do turista, na maior intera\u00e7\u00e3o do MTur com os operadores do mercado, no aprendizado com as experi\u00eancias da Copa do Mundo, entre outros.<\/p>\n<p>Algumas das diretrizes de curto prazo para a implementa\u00e7\u00e3o deste novo ciclo est\u00e3o estabelecidas no PNT em A\u00e7\u00e3o, desdobramento do Plano Nacional do Turismo 2013\/16, apresentado durante a reuni\u00e3o do colegiado. O plano destaca alguns setores priorit\u00e1rios, como parques nacionais e tem\u00e1ticos, litorais e orlas, al\u00e9m de cidades hist\u00f3ricas.<\/p>\n<p>Para o secret\u00e1rio executivo do CNT, Vinicius Lummertz, o objetivo desta nova fase do MTur e da Embratur \u00e9 fazer com que o turismo assuma lideran\u00e7a na economia nacional. Um dos primeiros passos na implementa\u00e7\u00e3o do PNT em A\u00e7\u00e3o, conta o secret\u00e1rio, ser\u00e1 de adequa\u00e7\u00e3o do arcabou\u00e7o jur\u00eddico, incluindo a revis\u00e3o da Lei Geral do Turismo.<\/p>\n<p>Nesta primeira reuni\u00e3o do CNT, presidida pelo ministro Vinicius Lages, a t\u00f4nica foi a defesa da coopera\u00e7\u00e3o entre o p\u00fablico e o privado. Neste cen\u00e1rio, as C\u00e2maras Tem\u00e1ticas do CNT ser\u00e3o os principais f\u00f3runs de \u201creflex\u00e3o e negocia\u00e7\u00e3o\u201d para defini\u00e7\u00e3o de pol\u00edticas e investimentos do MTur.<\/p>\n<p>Os secret\u00e1rios executivo, Alberto Dias; e de Programas de Desenvolvimento do Turismo, Neusvaldo Ferreira Lima, tamb\u00e9m participaram pela primeira vez da reuni\u00e3o, depois de assumirem os novos postos. Em breve pronunciamento, o secret\u00e1rio executivo defendeu a maior intera\u00e7\u00e3o entre o p\u00fablico e o privado na formula\u00e7\u00e3o de pol\u00edticas p\u00fablicas para o setor e avaliou que o setor \u201ctem de tudo para se tornar um dos principais vetores de desenvolvimento do pa\u00eds\u201d.<\/p>\n<p>O presidente da Embratur, Vicente Neto, fez um balan\u00e7o das atividades do \u00f3rg\u00e3o e do refor\u00e7o nas atividades de promo\u00e7\u00e3o do Brasil no exterior em fun\u00e7\u00e3o da Copa do Mundo. \u201cCom a classifica\u00e7\u00e3o dos pa\u00edses, fomos intensificando as a\u00e7\u00f5es promocionais nos mercados priorit\u00e1rios\u201d, disse. Vicente Neto tamb\u00e9m destacou a import\u00e2ncia de reativar os Escrit\u00f3rios Brasileiros de Turismo (EBTs), que hoje est\u00e3o em 11 pa\u00edses.<\/p>\n<p>Compuseram a Mesa do CNT, al\u00e9m do ministro, dos secret\u00e1rios e do presidente da Embratur, o empres\u00e1rio Guilherme Paulus, indica\u00e7\u00e3o da presid\u00eancia da Rep\u00fablica no CNT, e o vice-presidente do F\u00f3rum Nacional dos Secret\u00e1rios e Dirigentes Estaduais de Turismo (Fornatur), Cl\u00e1udio Magnavita.<\/p>\n<p>The post Copa traz nova fase no turismo brasileiro appeared first on Economia SC.<\/p>\n","protected":false},"author":1,"featured_media":0,"comment_status":"open","ping_status":"open","sticky":false,"template":"","format":"standard","meta":{"footnotes":""},"categories":[5],"tags":[],"class_list":["post-2216","post","type-post","status-publish","format-standard","hentry","category-noticias","no-post-thumbnail"],"_links":{"self":[{"href":"https:\/\/www.cdlbc.com.br\/portal\/wp-json\/wp\/v2\/posts\/2216","targetHints":{"allow":["GET"]}}],"collection":[{"href":"https:\/\/www.cdlbc.com.br\/portal\/wp-json\/wp\/v2\/posts"}],"about":[{"href":"https:\/\/www.cdlbc.com.br\/portal\/wp-json\/wp\/v2\/types\/post"}],"author":[{"embeddable":true,"href":"https:\/\/www.cdlbc.com.br\/portal\/wp-json\/wp\/v2\/users\/1"}],"replies":[{"embeddable":true,"href":"https:\/\/www.cdlbc.com.br\/portal\/wp-json\/wp\/v2\/comments?post=2216"}],"version-history":[{"count":0,"href":"https:\/\/www.cdlbc.com.br\/portal\/wp-json\/wp\/v2\/posts\/2216\/revisions"}],"wp:attachment":[{"href":"https:\/\/www.cdlbc.com.br\/portal\/wp-json\/wp\/v2\/media?parent=2216"}],"wp:term":[{"taxonomy":"category","embeddable":true,"href":"https:\/\/www.cdlbc.com.br\/portal\/wp-json\/wp\/v2\/categories?post=2216"},{"taxonomy":"post_tag","embeddable":true,"href":"https:\/\/www.cdlbc.com.br\/portal\/wp-json\/wp\/v2\/tags?post=2216"}],"curies":[{"name":"wp","href":"https:\/\/api.w.org\/{rel}","templated":true}]}}