{"id":14530,"date":"2026-08-31T11:16:47","date_gmt":"2026-08-31T13:16:47","guid":{"rendered":"https:\/\/www.cdlbc.com.br\/portal\/?p=14530"},"modified":"2026-08-31T11:16:47","modified_gmt":"2026-08-31T13:16:47","slug":"cdl-balneario-camboriu-lidera-articulacao-com-a-prefeitura-para-acoes-preventivas-contra-o-el-nino","status":"publish","type":"post","link":"https:\/\/www.cdlbc.com.br\/portal\/noticias\/cdl-balneario-camboriu-lidera-articulacao-com-a-prefeitura-para-acoes-preventivas-contra-o-el-nino\/","title":{"rendered":"CDL Balne\u00e1rio Cambori\u00fa lidera articula\u00e7\u00e3o com a Prefeitura para a\u00e7\u00f5es preventivas contra o El Ni\u00f1o"},"content":{"rendered":"<h3><i><span style=\"font-weight: 400;\">A pedido da CDL e entidades parceiras, Poder P\u00fablico re\u00fane secretariado para alinhar plano de conting\u00eancia e anunciar Audi\u00eancia P\u00fablica em setembro.<\/span><\/i><\/h3>\n<p><span style=\"font-weight: 400;\">O papel de uma entidade forte \u00e9 se antecipar aos desafios e garantir que os setores de com\u00e9rcio, servi\u00e7os e turismo trabalhem com seguran\u00e7a. Foi com essa vis\u00e3o de futuro que a CDL Balne\u00e1rio Cambori\u00fa, ao lado do Sindilojas e Sindisol, provocou a Prefeitura Municipal para uma reuni\u00e3o estrat\u00e9gica realizada na \u00faltima ter\u00e7a-feira (25\/08).<\/span><\/p>\n<p><span style=\"font-weight: 400;\">O encontro, ocorrido no gabinete da prefeita Juliana Pavan, teve como objetivo central alinhar medidas de preven\u00e7\u00e3o, mitiga\u00e7\u00e3o e resposta aos poss\u00edveis impactos do fen\u00f4meno clim\u00e1tico El Ni\u00f1o em 2026.<\/span><\/p>\n<h3><b>Proatividade que gera resultados<\/b><\/h3>\n<p><span style=\"font-weight: 400;\">A reuni\u00e3o contou com a presen\u00e7a do presidente da CDL, Jo\u00e3o Tom\u00e1s; do Diretor de Comunica\u00e7\u00e3o, Vilton Santos; da gestora executiva, Pa\u00f4la Campagnolo; e de Luciene Vieira, representante da CDL no Comit\u00ea Rio Cambori\u00fa. Al\u00e9m disso, participaram vice-prefeito, secret\u00e1rios municipais e diretores de autarquias como EMASA e BC Tr\u00e2nsito.<\/span><\/p>\n<p><span style=\"font-weight: 400;\">Para o presidente Jo\u00e3o Tom\u00e1s, a prontid\u00e3o do munic\u00edpio em atender ao chamado da CDL refor\u00e7a a import\u00e2ncia da uni\u00e3o entre o setor produtivo e a gest\u00e3o p\u00fablica:<\/span><\/p>\n<p><i><span style=\"font-weight: 400;\">&#8220;Estamos muito satisfeitos com o resultado dessa reuni\u00e3o e com a transpar\u00eancia das apresenta\u00e7\u00f5es. Todo o material trabalhado pela Prefeitura \u00e9 fundamental, e a CDL vai atuar forte na divulga\u00e7\u00e3o para que nossos associados saibam exatamente o que est\u00e1 sendo feito para proteger seus neg\u00f3cios e nossa cidade.&#8221;<\/span><\/i><\/p>\n<p><b>A\u00e7\u00f5es estrat\u00e9gicas e o futuro do com\u00e9rcio<\/b><\/p>\n<p><span style=\"font-weight: 400;\">Durante a apresenta\u00e7\u00e3o, o setor produtivo p\u00f4de conferir de perto as frentes de trabalho j\u00e1 intensificadas no munic\u00edpio, tais como:<\/span><\/p>\n<ul>\n<li style=\"font-weight: 400;\" aria-level=\"1\"><b>Infraestrutura e Drenagem:<\/b><span style=\"font-weight: 400;\"> Limpeza e desobstru\u00e7\u00e3o de mais de 2,5 mil bocas de lobo desde maio, al\u00e9m do desassoreamento e drenagem de rios.<\/span><\/li>\n<li style=\"font-weight: 400;\" aria-level=\"1\"><b>Tecnologia na Preven\u00e7\u00e3o:<\/b><span style=\"font-weight: 400;\"> Lan\u00e7amento do m\u00f3dulo \u201cDefesa Civil\u201d no aplicativo <\/span><i><span style=\"font-weight: 400;\">BC Digital<\/span><\/i><span style=\"font-weight: 400;\">, que centraliza alertas, dados clim\u00e1ticos e orienta\u00e7\u00f5es em tempo real.<\/span><\/li>\n<li style=\"font-weight: 400;\" aria-level=\"1\"><b>Educa\u00e7\u00e3o e Conscientiza\u00e7\u00e3o:<\/b><span style=\"font-weight: 400;\"> Capacita\u00e7\u00e3o de redes de ensino e atua\u00e7\u00e3o do Comit\u00ea Municipal de Conting\u00eancia.<\/span><\/li>\n<\/ul>\n<h3><b>Pr\u00f3ximo Passo: Audi\u00eancia P\u00fablica em 14 de setembro<\/b><\/h3>\n<p><span style=\"font-weight: 400;\">Como fruto direto da articula\u00e7\u00e3o liderada pela CDL, Sindisol e Sindilojas, o Executivo Municipal anunciou a realiza\u00e7\u00e3o de uma <\/span><b>Audi\u00eancia P\u00fablica no dia 14 de setembro<\/b><span style=\"font-weight: 400;\">, na C\u00e2mara de Vereadores. Na ocasi\u00e3o, o Plano de Conting\u00eancia oficial ser\u00e1 apresentado a toda a comunidade, abrindo espa\u00e7o para novas sugest\u00f5es do empresariado.<\/span><\/p>\n<p><span style=\"font-weight: 400;\">A CDL Balne\u00e1rio Cambori\u00fa segue firme em seu compromisso de defender os interesses dos empres\u00e1rios e promover o desenvolvimento sustent\u00e1vel da nossa cidade.<\/span><\/p>\n","protected":false},"excerpt":{"rendered":"<p>A pedido da CDL e entidades parceiras, Poder P\u00fablico re\u00fane secretariado para alinhar plano de conting\u00eancia e anunciar Audi\u00eancia P\u00fablica em setembro. O papel de uma entidade forte \u00e9 se antecipar aos desafios e garantir que os setores de com\u00e9rcio, servi\u00e7os e turismo trabalhem com seguran\u00e7a. Foi com essa vis\u00e3o de futuro que a CDL [&hellip;]<\/p>\n","protected":false},"author":21,"featured_media":14531,"comment_status":"closed","ping_status":"open","sticky":false,"template":"","format":"standard","meta":{"footnotes":""},"categories":[143,5],"tags":[],"class_list":["post-14530","post","type-post","status-publish","format-standard","has-post-thumbnail","hentry","category-institucional","category-noticias"],"_links":{"self":[{"href":"https:\/\/www.cdlbc.com.br\/portal\/wp-json\/wp\/v2\/posts\/14530","targetHints":{"allow":["GET"]}}],"collection":[{"href":"https:\/\/www.cdlbc.com.br\/portal\/wp-json\/wp\/v2\/posts"}],"about":[{"href":"https:\/\/www.cdlbc.com.br\/portal\/wp-json\/wp\/v2\/types\/post"}],"author":[{"embeddable":true,"href":"https:\/\/www.cdlbc.com.br\/portal\/wp-json\/wp\/v2\/users\/21"}],"replies":[{"embeddable":true,"href":"https:\/\/www.cdlbc.com.br\/portal\/wp-json\/wp\/v2\/comments?post=14530"}],"version-history":[{"count":1,"href":"https:\/\/www.cdlbc.com.br\/portal\/wp-json\/wp\/v2\/posts\/14530\/revisions"}],"predecessor-version":[{"id":14532,"href":"https:\/\/www.cdlbc.com.br\/portal\/wp-json\/wp\/v2\/posts\/14530\/revisions\/14532"}],"wp:featuredmedia":[{"embeddable":true,"href":"https:\/\/www.cdlbc.com.br\/portal\/wp-json\/wp\/v2\/media\/14531"}],"wp:attachment":[{"href":"https:\/\/www.cdlbc.com.br\/portal\/wp-json\/wp\/v2\/media?parent=14530"}],"wp:term":[{"taxonomy":"category","embeddable":true,"href":"https:\/\/www.cdlbc.com.br\/portal\/wp-json\/wp\/v2\/categories?post=14530"},{"taxonomy":"post_tag","embeddable":true,"href":"https:\/\/www.cdlbc.com.br\/portal\/wp-json\/wp\/v2\/tags?post=14530"}],"curies":[{"name":"wp","href":"https:\/\/api.w.org\/{rel}","templated":true}]}}