{"id":12912,"date":"2023-01-09T11:11:05","date_gmt":"2023-01-09T13:11:05","guid":{"rendered":"https:\/\/www.cdlbc.com.br\/portal\/?p=12912"},"modified":"2023-01-09T11:21:21","modified_gmt":"2023-01-09T13:21:21","slug":"edital-de-convocacao-01-2023","status":"publish","type":"post","link":"https:\/\/www.cdlbc.com.br\/portal\/noticias\/edital-de-convocacao-01-2023\/","title":{"rendered":"Edital de Convoca\u00e7\u00e3o &#8211; 01\/2023"},"content":{"rendered":"<p>A C\u00e2mara de Dirigentes Lojistas de Balne\u00e1rio Cambori\u00fa CDL-BC, em cumprimento ao disposto nos Artigos 18, 20 e 21 e demais disposi\u00e7\u00f5es de seu Estatuto Social, CONVOCA seus associados efetivos e em dia com suas obriga\u00e7\u00f5es sociais para participarem da ASSEMBLEIA EXTRAORDIN\u00c1RIA a ser realizada no dia 01\/02\/2023 com primeira chamada \u00e0s 8h e em segunda e \u00faltima chamada \u00e0s 8h30min, na sede da CDL, situada na Rua 902, n\u00ba 530, nesta cidade com a seguinte ordem do dia:<br \/>\na) Adequa\u00e7\u00e3o e altera\u00e7\u00e3o do Estatuto \u00e0s diretrizes da CNDL, em especial, quanto a Conven\u00e7\u00e3o Nacional de 2024;<br \/>\nb) Assuntos Gerais.<\/p>\n<p>Balne\u00e1rio Cambori\u00fa\/SC, 09 de janeiro de 2023.<\/p>\n<p>Vilton Jo\u00e3o dos Santos<br \/>\nPresidente<\/p>\n","protected":false},"excerpt":{"rendered":"<p>A C\u00e2mara de Dirigentes Lojistas de Balne\u00e1rio Cambori\u00fa CDL-BC, em cumprimento ao disposto nos Artigos 18, 20 e 21 e demais disposi\u00e7\u00f5es de seu Estatuto Social, CONVOCA seus associados efetivos e em dia com suas obriga\u00e7\u00f5es sociais para participarem da ASSEMBLEIA EXTRAORDIN\u00c1RIA a ser realizada no dia 01\/02\/2023 com primeira chamada \u00e0s 8h e em [&hellip;]<\/p>\n","protected":false},"author":1,"featured_media":12915,"comment_status":"closed","ping_status":"open","sticky":false,"template":"","format":"standard","meta":{"footnotes":""},"categories":[5],"tags":[],"class_list":["post-12912","post","type-post","status-publish","format-standard","has-post-thumbnail","hentry","category-noticias"],"_links":{"self":[{"href":"https:\/\/www.cdlbc.com.br\/portal\/wp-json\/wp\/v2\/posts\/12912","targetHints":{"allow":["GET"]}}],"collection":[{"href":"https:\/\/www.cdlbc.com.br\/portal\/wp-json\/wp\/v2\/posts"}],"about":[{"href":"https:\/\/www.cdlbc.com.br\/portal\/wp-json\/wp\/v2\/types\/post"}],"author":[{"embeddable":true,"href":"https:\/\/www.cdlbc.com.br\/portal\/wp-json\/wp\/v2\/users\/1"}],"replies":[{"embeddable":true,"href":"https:\/\/www.cdlbc.com.br\/portal\/wp-json\/wp\/v2\/comments?post=12912"}],"version-history":[{"count":1,"href":"https:\/\/www.cdlbc.com.br\/portal\/wp-json\/wp\/v2\/posts\/12912\/revisions"}],"predecessor-version":[{"id":12913,"href":"https:\/\/www.cdlbc.com.br\/portal\/wp-json\/wp\/v2\/posts\/12912\/revisions\/12913"}],"wp:featuredmedia":[{"embeddable":true,"href":"https:\/\/www.cdlbc.com.br\/portal\/wp-json\/wp\/v2\/media\/12915"}],"wp:attachment":[{"href":"https:\/\/www.cdlbc.com.br\/portal\/wp-json\/wp\/v2\/media?parent=12912"}],"wp:term":[{"taxonomy":"category","embeddable":true,"href":"https:\/\/www.cdlbc.com.br\/portal\/wp-json\/wp\/v2\/categories?post=12912"},{"taxonomy":"post_tag","embeddable":true,"href":"https:\/\/www.cdlbc.com.br\/portal\/wp-json\/wp\/v2\/tags?post=12912"}],"curies":[{"name":"wp","href":"https:\/\/api.w.org\/{rel}","templated":true}]}}