{"id":1187,"date":"2013-10-25T17:07:14","date_gmt":"2013-10-25T17:07:14","guid":{"rendered":"http:\/\/www.cdlbc.com.br\/portal\/?p=1187"},"modified":"2013-10-25T17:11:11","modified_gmt":"2013-10-25T17:11:11","slug":"violencia-ate-quando-balneario-camboriu-vai-suportar","status":"publish","type":"post","link":"https:\/\/www.cdlbc.com.br\/portal\/noticias\/violencia-ate-quando-balneario-camboriu-vai-suportar\/","title":{"rendered":"Viol\u00eancia: at\u00e9 quando Balne\u00e1rio Cambori\u00fa vai suportar?"},"content":{"rendered":"<p><b><i>*Jos\u00e9 Roberto Cruz<\/i><\/b><\/p>\n<figure id=\"attachment_1188\" aria-describedby=\"caption-attachment-1188\" style=\"width: 197px\" class=\"wp-caption alignleft\"><a href=\"http:\/\/www.cdlbc.com.br\/portal\/wp-content\/uploads\/2013\/10\/beto-e-isral-luceroa.png\"><img loading=\"lazy\" decoding=\"async\" class=\" wp-image-1188 \" alt=\"beto e isral luceroa\" src=\"http:\/\/www.cdlbc.com.br\/portal\/wp-content\/uploads\/2013\/10\/beto-e-isral-luceroa.png\" width=\"197\" height=\"226\" srcset=\"https:\/\/www.cdlbc.com.br\/portal\/wp-content\/uploads\/2013\/10\/beto-e-isral-luceroa.png 549w, https:\/\/www.cdlbc.com.br\/portal\/wp-content\/uploads\/2013\/10\/beto-e-isral-luceroa-262x300.png 262w, https:\/\/www.cdlbc.com.br\/portal\/wp-content\/uploads\/2013\/10\/beto-e-isral-luceroa-250x285.png 250w\" sizes=\"auto, (max-width: 197px) 100vw, 197px\" \/><\/a><figcaption id=\"caption-attachment-1188\" class=\"wp-caption-text\">Jos\u00e9 Roberto Cruz<br \/>Presidente da CDL BC<\/figcaption><\/figure>\n<p>A viol\u00eancia na regi\u00e3o cresce de forma acelerada e sem controle. A comunidade assiste at\u00f4nita \u00e0 escalada da criminalidade e \u00e0 ousadia dos bandidos, uma vez que se tornam cada vez mais corriqueiros os assaltos e furtos a estabelecimentos comerciais e resid\u00eancias, crimes com motiva\u00e7\u00f5es pessoais ou sem sentido em Balne\u00e1rio Cambori\u00fa e Cambori\u00fa, s\u00f3 para citar duas cidades que t\u00eam influ\u00eancia direta no nosso dia a dia.<\/p>\n<p>&nbsp;<\/p>\n<p>A impress\u00e3o que nos d\u00e1 \u00e9 que falta vontade pol\u00edtica e, principalmente, entrosamento entre as for\u00e7as de seguran\u00e7a. N\u00e3o \u00e9 preciso ser especialista para perceber que hoje cada uma destas for\u00e7as de seguran\u00e7a faz a sua parte de forma individualizada, sem qualquer tipo de entrosamento e troca de informa\u00e7\u00f5es, e nem sempre o resultado \u00e9 o esperado pela popula\u00e7\u00e3o, que est\u00e1 com medo de sair \u00e0s rua e ser a pr\u00f3xima v\u00edtima.<\/p>\n<p>&nbsp;<\/p>\n<p>Estamos no meio de uma encruzilhada, onde fica dif\u00edcil dizer se faltam policiais nas ruas ou falta entrosamento entre as for\u00e7as de seguran\u00e7a. Se analisarmos sem base cient\u00edfica as estat\u00edsticas da criminalidade em Balne\u00e1rio Cambori\u00fa, por exemplo, fica evidente esta falta de uni\u00e3o, pois cada uma das for\u00e7as policiais apresenta diagn\u00f3sticos e n\u00fameros diferentes para um mesmo tipo de problema.<\/p>\n<p>&nbsp;<\/p>\n<p>Entendemos que as a\u00e7\u00f5es conjuntas e planejadas s\u00e3o fundamentais para as opera\u00e7\u00f5es policiais quando se busca uma maior efici\u00eancia do trabalho. Ao mesmo tempo, \u00e9 preciso que os poderes constitu\u00eddos cumpram as promessas de campanha, repassem recursos dos conv\u00eanios e equipem melhor as pol\u00edcias, para que os policiais tenham condi\u00e7\u00f5es de sair \u00e0s ruas para fazer seguran\u00e7a com efici\u00eancia, sem ter que se preocupar com falta de combust\u00edvel ou manuten\u00e7\u00e3o das viaturas.<\/p>\n<p>&nbsp;<\/p>\n<p>At\u00e9 quando vamos ficar discutindo seguran\u00e7a, quando o que se busca nada mais \u00e9 do que a redu\u00e7\u00e3o da criminalidade e preven\u00e7\u00e3o \u00e0 viol\u00eancia? Se as for\u00e7as policiais n\u00e3o trabalharem de forma conjunta e se os governantes n\u00e3o desenvolverem pol\u00edticas p\u00fablicas de seguran\u00e7a eficientes, mais uma vez vamos ficar ref\u00e9ns de projetos, que no papel encantam, mas que nunca se tornam realidade.<\/p>\n<p><b><i>\u00a0<\/i><\/b><\/p>\n<p><b><i>*O autor \u00e9 presidente da CDL de Balne\u00e1rio Cambori\u00fa<\/i><\/b><\/p>\n","protected":false},"excerpt":{"rendered":"<p>*Jos\u00e9 Roberto Cruz A viol\u00eancia na regi\u00e3o cresce de forma acelerada e sem controle. A comunidade assiste at\u00f4nita \u00e0 escalada da criminalidade e \u00e0 ousadia dos bandidos, uma vez que se tornam cada vez mais corriqueiros os assaltos e furtos a estabelecimentos comerciais e resid\u00eancias, crimes com motiva\u00e7\u00f5es pessoais ou sem sentido em Balne\u00e1rio Cambori\u00fa [&hellip;]<\/p>\n","protected":false},"author":1,"featured_media":1188,"comment_status":"closed","ping_status":"open","sticky":false,"template":"","format":"standard","meta":{"footnotes":""},"categories":[6,5],"tags":[],"class_list":["post-1187","post","type-post","status-publish","format-standard","has-post-thumbnail","hentry","category-destaque","category-noticias"],"_links":{"self":[{"href":"https:\/\/www.cdlbc.com.br\/portal\/wp-json\/wp\/v2\/posts\/1187","targetHints":{"allow":["GET"]}}],"collection":[{"href":"https:\/\/www.cdlbc.com.br\/portal\/wp-json\/wp\/v2\/posts"}],"about":[{"href":"https:\/\/www.cdlbc.com.br\/portal\/wp-json\/wp\/v2\/types\/post"}],"author":[{"embeddable":true,"href":"https:\/\/www.cdlbc.com.br\/portal\/wp-json\/wp\/v2\/users\/1"}],"replies":[{"embeddable":true,"href":"https:\/\/www.cdlbc.com.br\/portal\/wp-json\/wp\/v2\/comments?post=1187"}],"version-history":[{"count":3,"href":"https:\/\/www.cdlbc.com.br\/portal\/wp-json\/wp\/v2\/posts\/1187\/revisions"}],"predecessor-version":[{"id":1190,"href":"https:\/\/www.cdlbc.com.br\/portal\/wp-json\/wp\/v2\/posts\/1187\/revisions\/1190"}],"wp:featuredmedia":[{"embeddable":true,"href":"https:\/\/www.cdlbc.com.br\/portal\/wp-json\/wp\/v2\/media\/1188"}],"wp:attachment":[{"href":"https:\/\/www.cdlbc.com.br\/portal\/wp-json\/wp\/v2\/media?parent=1187"}],"wp:term":[{"taxonomy":"category","embeddable":true,"href":"https:\/\/www.cdlbc.com.br\/portal\/wp-json\/wp\/v2\/categories?post=1187"},{"taxonomy":"post_tag","embeddable":true,"href":"https:\/\/www.cdlbc.com.br\/portal\/wp-json\/wp\/v2\/tags?post=1187"}],"curies":[{"name":"wp","href":"https:\/\/api.w.org\/{rel}","templated":true}]}}